{"id":25631,"date":"2019-12-20T10:39:48","date_gmt":"2019-12-20T14:39:48","guid":{"rendered":"http:\/\/blogdalucianaoliveira.com.br\/blog\/?p=25631"},"modified":"2019-12-20T10:39:56","modified_gmt":"2019-12-20T14:39:56","slug":"toma-que-o-filho-e-teu-jair-diz-reinaldo-azevedo","status":"publish","type":"post","link":"http:\/\/blogdalucianaoliveira.com.br\/blog\/2019\/12\/20\/toma-que-o-filho-e-teu-jair-diz-reinaldo-azevedo\/","title":{"rendered":"&#8220;Toma que o filho \u00e9 teu, Jair&#8221;, diz Reinaldo Azevedo"},"content":{"rendered":"\n<figure class=\"wp-block-image\"><img data-recalc-dims=\"1\" decoding=\"async\" src=\"https:\/\/i0.wp.com\/publisher-publish.s3.eu-central-1.amazonaws.com\/pb-brasil247\/swp\/jtjeq9\/media\/20190517210536_5cdf0dbf99731d5e154aefd7jpeg.jpeg?w=600&#038;ssl=1\" alt=\"Reinaldo: Bolsonaro tenta intimidar Congresso e Judici\u00e1rio\"\/><\/figure>\n\n\n\n<p><strong>247 \u2013<\/strong>\u00a0O jornalista Reinaldo Azevedo afirma, em sua\u00a0<a href=\"https:\/\/www1.folha.uol.com.br\/colunas\/reinaldoazevedo\/2019\/12\/toma-que-o-filho-e-teu-jair.shtml\">coluna<\/a>\u00a0desta sexta-feira, que Jair Bolsonaro ensaiou o discurso de que &#8220;filho n\u00e3o \u00e9 parente&#8221; para tentar se desvencilhar do megaesquema de corrup\u00e7\u00e3o ocorrido no gabinete de Fl\u00e1vio Bolsonaro na Alerj. &#8220;Epa! Toma que o filho \u00e9 teu, Jair!&#8221;, lembra Reinaldo, que aponta ainda a possibilidade de impeachment.<br><\/p>\n\n\n\n<p>&#8220;O terreno est\u00e1 minado. Qualquer movimento em falso que caracterize obstru\u00e7\u00e3o da Justi\u00e7a, e o presidente pode, a um s\u00f3 tempo, cometer crime comum e crime de responsabilidade. As circunst\u00e2ncias determinariam a sa\u00edda. Em qualquer caso, Bolsonaro precisaria se entender com a C\u00e2mara ao menos&#8221;, diz ele.<br><\/p>\n","protected":false},"excerpt":{"rendered":"<p>247 \u2013\u00a0O jornalista Reinaldo Azevedo afirma, em sua\u00a0coluna\u00a0desta sexta-feira, que Jair Bolsonaro ensaiou o discurso de que &#8220;filho n\u00e3o \u00e9 parente&#8221; para tentar se desvencilhar do megaesquema de corrup\u00e7\u00e3o ocorrido no gabinete de Fl\u00e1vio Bolsonaro na Alerj. &#8220;Epa! Toma que o filho \u00e9 teu, Jair!&#8221;, lembra Reinaldo, que aponta ainda a possibilidade de impeachment. &#8220;O&#8230;<a class=\"more-link\" href=\"http:\/\/blogdalucianaoliveira.com.br\/blog\/2019\/12\/20\/toma-que-o-filho-e-teu-jair-diz-reinaldo-azevedo\/\">Continue a leitura <span class=\"meta-nav\">&raquo;<\/span><\/a><\/p>\n","protected":false},"author":1,"featured_media":0,"comment_status":"closed","ping_status":"open","sticky":false,"template":"","format":"standard","meta":{"_exactmetrics_skip_tracking":false,"_exactmetrics_sitenote_active":false,"_exactmetrics_sitenote_note":"","_exactmetrics_sitenote_category":0,"jetpack_post_was_ever_published":false,"_jetpack_newsletter_access":"","_jetpack_dont_email_post_to_subs":false,"_jetpack_newsletter_tier_id":0,"_jetpack_memberships_contains_paywalled_content":false,"_jetpack_memberships_contains_paid_content":false,"footnotes":"","jetpack_publicize_message":"","jetpack_publicize_feature_enabled":true,"jetpack_social_post_already_shared":true,"jetpack_social_options":{"image_generator_settings":{"template":"highway","enabled":false},"version":2}},"categories":[1],"tags":[],"class_list":["post-25631","post","type-post","status-publish","format-standard","hentry","category-notas"],"jetpack_publicize_connections":[],"jetpack_sharing_enabled":true,"jetpack_featured_media_url":"","jetpack_shortlink":"https:\/\/wp.me\/p7wKYW-6Fp","jetpack-related-posts":[],"_links":{"self":[{"href":"http:\/\/blogdalucianaoliveira.com.br\/blog\/wp-json\/wp\/v2\/posts\/25631","targetHints":{"allow":["GET"]}}],"collection":[{"href":"http:\/\/blogdalucianaoliveira.com.br\/blog\/wp-json\/wp\/v2\/posts"}],"about":[{"href":"http:\/\/blogdalucianaoliveira.com.br\/blog\/wp-json\/wp\/v2\/types\/post"}],"author":[{"embeddable":true,"href":"http:\/\/blogdalucianaoliveira.com.br\/blog\/wp-json\/wp\/v2\/users\/1"}],"replies":[{"embeddable":true,"href":"http:\/\/blogdalucianaoliveira.com.br\/blog\/wp-json\/wp\/v2\/comments?post=25631"}],"version-history":[{"count":1,"href":"http:\/\/blogdalucianaoliveira.com.br\/blog\/wp-json\/wp\/v2\/posts\/25631\/revisions"}],"predecessor-version":[{"id":25632,"href":"http:\/\/blogdalucianaoliveira.com.br\/blog\/wp-json\/wp\/v2\/posts\/25631\/revisions\/25632"}],"wp:attachment":[{"href":"http:\/\/blogdalucianaoliveira.com.br\/blog\/wp-json\/wp\/v2\/media?parent=25631"}],"wp:term":[{"taxonomy":"category","embeddable":true,"href":"http:\/\/blogdalucianaoliveira.com.br\/blog\/wp-json\/wp\/v2\/categories?post=25631"},{"taxonomy":"post_tag","embeddable":true,"href":"http:\/\/blogdalucianaoliveira.com.br\/blog\/wp-json\/wp\/v2\/tags?post=25631"}],"curies":[{"name":"wp","href":"https:\/\/api.w.org\/{rel}","templated":true}]}}