{"id":25635,"date":"2019-12-20T10:54:46","date_gmt":"2019-12-20T14:54:46","guid":{"rendered":"http:\/\/blogdalucianaoliveira.com.br\/blog\/?p=25635"},"modified":"2019-12-20T10:54:55","modified_gmt":"2019-12-20T14:54:55","slug":"2019-o-ano-mais-toxico-do-brasil","status":"publish","type":"post","link":"http:\/\/blogdalucianaoliveira.com.br\/blog\/2019\/12\/20\/2019-o-ano-mais-toxico-do-brasil\/","title":{"rendered":"2019, o ano mais t\u00f3xico do Brasil"},"content":{"rendered":"\n<figure class=\"wp-block-image\"><img data-recalc-dims=\"1\" decoding=\"async\" src=\"https:\/\/i0.wp.com\/www.ihu.unisinos.br\/images\/ihu\/2019\/12\/20_12_charge_agrotxicos_greenpeace.jpg?w=600\" alt=\"\"\/><\/figure>\n\n\n\n<p><\/p>\n\n\n\n<p>Humanitas Unisinos &#8211; O ano de 2019 se encerra como o mais t\u00f3xico em mais de uma d\u00e9cada e um tr\u00e1gico cap\u00edtulo para a agricultura brasileira e para a popula\u00e7\u00e3o. Em apenas 12 meses, foram aprovados\u00a0<strong>467 novos agrot\u00f3xicos<\/strong>, que v\u00e3o parar no nosso prato,\u00a0<a rel=\"noreferrer noopener\" href=\"http:\/\/www.ihu.unisinos.br\/594816-a-liberacao-de-agrotoxicos-e-a-incidencia-das-doencas-onco-hematologicas-da-crianca-e-do-adolescente-entrevista-especial-com-silvia-regina-brandalise\" target=\"_blank\">contaminar trabalhadores rurais, o solo e a \u00e1gua<\/a>\u00a0que bebemos e destruir a biodiversidade.<\/p>\n\n\n\n<!--more-->\n\n\n\n<p>A reportagem \u00e9 publicada por&nbsp;<strong>Greenpeace Brasil<\/strong>, 19-12-2019.<\/p>\n\n\n\n<p>Se, em 2018, pression\u00e1vamos parlamentares para que n\u00e3o votassem em favor de absurdos como o&nbsp;<a href=\"http:\/\/www.ihu.unisinos.br\/78-noticias\/578988-a-ameaca-do-pacote-do-veneno\" target=\"_blank\" rel=\"noreferrer noopener\">Pacote do Veneno<\/a>, em 2019 essa situa\u00e7\u00e3o mudou bruscamente. Com o governo de&nbsp;<strong>Jair Bolsonaro<\/strong>, vivemos a experi\u00eancia amarga de agrot\u00f3xicos serem empurrados goela abaixo da popula\u00e7\u00e3o, sem consulta, sem debate, apenas com canetadas feitas diretamente por&nbsp;<strong>Tereza Cristina<\/strong>, a<a href=\"http:\/\/www.ihu.unisinos.br\/78-noticias\/584475-por-que-a-ministra-da-agricultura-anunciada-por-bolsonaro-e-conhecida-como-musa-do-veneno\" target=\"_blank\" rel=\"noreferrer noopener\">&nbsp;Ministra do Veneno<\/a>&nbsp;que milita em favor de agrot\u00f3xicos j\u00e1 h\u00e1 bastante tempo.<\/p>\n\n\n\n<p>Listamos neste blog os maiores retrocessos cometidos pelo governo&nbsp;<strong>Bolsonaro<\/strong>&nbsp;em 2019 e alguns graves acontecimentos que refor\u00e7am a import\u00e2ncia de investirmos em uma&nbsp;<strong>agricultura sem veneno<\/strong>.<\/p>\n\n\n\n<figure><iframe loading=\"lazy\" src=\"https:\/\/www.youtube.com\/embed\/IGOtYPymmvo\" width=\"100%\" height=\"400\" allowfullscreen=\"allowfullscreen\"><\/iframe><\/figure>\n\n\n\n<h3 class=\"wp-block-heading\">O patr\u00e3o pirou<\/h3>\n\n\n\n<p>Entre 1\u00ba de janeiro at\u00e9 hoje (19\/12),&nbsp;<strong><a href=\"http:\/\/www.ihu.unisinos.br\/586613\" target=\"_blank\" rel=\"noreferrer noopener\">foram liberados 467 novos produtos<\/a><\/strong>, um recorde! O ritmo de libera\u00e7\u00f5es de agrot\u00f3xicos foi t\u00e3o intenso que 2019 j\u00e1 pode ser considerado o ano mais&nbsp;<strong>t\u00f3xico<\/strong>&nbsp;dos \u00faltimos 15 anos para a&nbsp;<strong>agricultura<\/strong>&nbsp;e alimenta\u00e7\u00e3o no Brasil. S\u00f3 n\u00e3o podemos dizer que esse \u00e9 o&nbsp;<strong>ano mais t\u00f3xico de todos os tempos<\/strong>&nbsp;porque os dados mostrando as aprova\u00e7\u00f5es por ano s\u00f3 est\u00e3o dispon\u00edveis a partir de 2005.<\/p>\n\n\n\n<p>O discurso do&nbsp;<strong>Minist\u00e9rio da Agricultura<\/strong>&nbsp;(<strong>Mapa<\/strong>) de que \u00e9 preciso aprovar produtos mais seguros e menos nocivos \u00e0 sa\u00fade humana n\u00e3o passa de um disfarce para justificar tamanho contrassenso. Isso porque o \u00f3rg\u00e3o segue apostando em pe\u00e7as de museu quando o assunto \u00e9 veneno. O total de produtos realmente novos \u00e9 extremamente baixo (6%), e se pensarmos em produtos melhores, como os biol\u00f3gicos, essa propor\u00e7\u00e3o tamb\u00e9m \u00e9 baix\u00edssima (8%).<\/p>\n\n\n\n<h3 class=\"wp-block-heading\">\u00c9 veneno e o r\u00f3tulo importa<\/h3>\n\n\n\n<p>Em julho, a&nbsp;<strong>Ag\u00eancia de Vigil\u00e2ncia Sanit\u00e1ria<\/strong>&nbsp;(<strong>Anvisa<\/strong>) adotou um&nbsp;<strong><a href=\"http:\/\/www.ihu.unisinos.br\/594731\" target=\"_blank\" rel=\"noreferrer noopener\">novo sistema de an\u00e1lise toxicol\u00f3gica<\/a><\/strong>. A medida deixou os trabalhadores do campo ainda mais vulner\u00e1veis aos efeitos nocivos dos agrot\u00f3xicos, porque riscos importantes como cegueira e corros\u00e3o na pele n\u00e3o entram mais na categoria de \u201calta toxicidade\u201d, que passa a incluir somente produtos que podem levar \u00e0 morte por ingest\u00e3o ou contato.<\/p>\n\n\n\n<p>Outro ponto que n\u00e3o faz sentido \u00e9 a justificativa da&nbsp;<strong>Anvisa<\/strong>&nbsp;para adotarmos uma an\u00e1lise ligada ao&nbsp;<strong>Sistema Harmonizado Global<\/strong>&nbsp;(<strong>GHS<\/strong>). O argumento \u00e9 o de que a mudan\u00e7a moderniza o Brasil em rela\u00e7\u00e3o a outros pa\u00edses; no entanto, o \u00f3rg\u00e3o n\u00e3o adota o mesmo rigor na an\u00e1lise e na restri\u00e7\u00e3o ou banimento de alguns produtos.<\/p>\n\n\n\n<p>Continuamos sendo destino de&nbsp;<strong><a href=\"http:\/\/www.ihu.unisinos.br\/590579\" target=\"_blank\" rel=\"noreferrer noopener\">agrot\u00f3xicos proibidos na Uni\u00e3o Europeia<\/a><\/strong>:&nbsp;<strong>34% dos produtos aprovados<\/strong>&nbsp;em 2019 n\u00e3o s\u00e3o permitidos por l\u00e1. Por que cidad\u00e3os europeus s\u00e3o protegidos de determinadas subst\u00e2ncias t\u00f3xicas, mas os brasileiros n\u00e3o?<\/p>\n\n\n\n<h3 class=\"wp-block-heading\"><strong>Ol\u00e1 2019, adeus Consea<\/strong><\/h3>\n\n\n\n<p>Os fogos de artif\u00edcio mal haviam anunciado a virada do ano quando&nbsp;<strong>Bolsonaro<\/strong>&nbsp;come\u00e7ou a colocar a seguran\u00e7a alimentar dos brasileiros sob amea\u00e7a,<strong>&nbsp;<a href=\"http:\/\/www.ihu.unisinos.br\/78-noticias\/588666-extincao-do-consea-desorganiza-sistema-que-possibilitou-ao-brasil-sair-do-mapa-mundial-da-fome-alerta-mpf\" target=\"_blank\" rel=\"noreferrer noopener\">extinguindo o Consea<\/a>&nbsp;<\/strong>(<strong>Conselho Nacional de Seguran\u00e7a Alimentar e Nutricional<\/strong>). O \u00f3rg\u00e3o funcionava como uma ponte entre a sociedade civil e a Presid\u00eancia da Rep\u00fablica, para debater pol\u00edticas ligadas \u00e0 alimenta\u00e7\u00e3o, sa\u00fade e nutri\u00e7\u00e3o. A inclus\u00e3o do direito \u00e0 alimenta\u00e7\u00e3o na Constitui\u00e7\u00e3o Federal e a luta contra o&nbsp;<strong>Pacote do Veneno<\/strong>&nbsp;no Congresso s\u00e3o exemplos dessa atua\u00e7\u00e3o.<\/p>\n\n\n\n<h3 class=\"wp-block-heading\"><strong>Poderia ter ficado calada<\/strong><\/h3>\n\n\n\n<p>Ainda no fim de 2018, a ministra da Agricultura&nbsp;<strong>Tereza Cristina<\/strong>&nbsp;havia dito que o debate sobre agrot\u00f3xicos teria \u201c<a href=\"https:\/\/g1.globo.com\/politica\/noticia\/2018\/11\/08\/tereza-cristina-diz-que-pautas-sobre-agrotoxicos-terao-muito-espaco-para-debate-em-sua-gestao.ghtml\" target=\"_blank\" rel=\"noreferrer noopener\">muito espa\u00e7o\u201d em sua gest\u00e3o<\/a>. A pergunta que fazemos, um ano depois, \u00e9 a qual debate ela se referia, porque a chuva de veneno lan\u00e7ada sobre os brasileiros n\u00e3o foi discutida com a sociedade.<\/p>\n\n\n\n<p><strong>Tereza Cristina<\/strong>&nbsp;tamb\u00e9m escorregou feio e desrespeitou a popula\u00e7\u00e3o em abril, ao declarar em uma audi\u00eancia p\u00fablica, em&nbsp;<strong>Bras\u00edlia<\/strong>, que comer produtos org\u00e2nicos era coisa do \u201cpessoal fitness\u201d. Na ocasi\u00e3o aproveitamos para lembrar \u00e0 ministra que alimenta\u00e7\u00e3o justa, saud\u00e1vel e sem veneno deve ser direito de todos, n\u00e3o privil\u00e9gio de poucos, e \u00e9 por isso que precisamos de pol\u00edticas p\u00fablicas que garantam esse acesso.<\/p>\n\n\n\n<h3 class=\"wp-block-heading\">Salve as abelhas<\/h3>\n\n\n\n<p>Fundamentais \u00e0&nbsp;<strong>produ\u00e7\u00e3o de alimentos<\/strong>&nbsp;e \u00e0 vida no planeta, as abelhas tamb\u00e9m s\u00e3o v\u00edtimas do veneno. Entre dezembro de 2018 e mar\u00e7o de 2019, mais de&nbsp;<a href=\"http:\/\/www.ihu.unisinos.br\/78-noticias\/591111-como-a-morte-de-meio-bilhao-de-abelhas-afeta-diretamente-a-sua-vida\" target=\"_blank\" rel=\"noreferrer noopener\">meio bilh\u00e3o de abelhas<\/a>&nbsp;criadas por apicultores foram encontradas mortas no&nbsp;<strong>Brasil<\/strong>. Agrot\u00f3xicos usados na agricultura brasileira, como&nbsp;<strong>glifosato<\/strong>,&nbsp;<strong>neonicotin\u00f3ides<\/strong>&nbsp;e&nbsp;<strong>fipronil<\/strong>&nbsp;est\u00e3o entre os maiores vil\u00f5es, todos presentes na lista das novas libera\u00e7\u00f5es. Em maio, lan\u00e7amos o abaixo-assinado&nbsp;<strong>Salve As Abelhas<\/strong>, para pressionar por mudan\u00e7as na forma como produzimos nossos alimentos.<\/p>\n\n\n\n<h3 class=\"wp-block-heading\">T\u00e1 tudo dominado, incluindo a \u00e1gua<\/h3>\n\n\n\n<p>Uma&nbsp;<strong><a href=\"https:\/\/apublica.org\/2019\/04\/coquetel-com-27-agrotoxicos-foi-achado-na-agua-de-1-em-cada-4-municipios-consulte-o-seu\/\" target=\"_blank\" rel=\"noreferrer noopener\">reportagem da Ag\u00eancia P\u00fablica<\/a><\/strong>&nbsp;com base em dados do&nbsp;<strong>Minist\u00e9rio da Sa\u00fade<\/strong>&nbsp;mostrou que a \u00e1gua que bebemos est\u00e1 contaminada. A&nbsp;<a href=\"http:\/\/www.ihu.unisinos.br\/78-noticias\/588924-agrotoxicos-chegam-as-torneiras-de-uma-em-cada-quatro-cidades-segundo-recente-levantamento-de-dados\" target=\"_blank\" rel=\"noreferrer noopener\">cada quatro cidades brasileiras<\/a>, uma cont\u00e9m um coquetel que mistura diferentes agrot\u00f3xicos na \u00e1gua que abastece a popula\u00e7\u00e3o, isso sem contar que s\u00e3o pouqu\u00edssimos os ingredientes testados em compara\u00e7\u00e3o ao que temos aprovado.<\/p>\n\n\n\n<p>Algumas das subst\u00e2ncias encontradas s\u00e3o consideradas extremamente ou altamente t\u00f3xicas pela&nbsp;<strong>Anvisa<\/strong>, e associadas a doen\u00e7as como c\u00e2ncer, malforma\u00e7\u00e3o fetal, disfun\u00e7\u00f5es hormonais e reprodutivas.<\/p>\n\n\n\n<h3 class=\"wp-block-heading\">Justi\u00e7a para quem?<\/h3>\n\n\n\n<p>Nem quando vira quest\u00e3o de Justi\u00e7a a&nbsp;<strong>sa\u00fade<\/strong>&nbsp;e o&nbsp;<strong>meio ambiente<\/strong>&nbsp;t\u00eam mais valor que os&nbsp;<strong>agrot\u00f3xicos<\/strong>&nbsp;no pa\u00eds. No fim de novembro, uma decis\u00e3o judicial havia revogado a&nbsp;<a href=\"http:\/\/www.ihu.unisinos.br\/593182-ministerio-da-agricultura-libera-novos-agrotoxicos-no-ano-ja-sao-382\" target=\"_blank\" rel=\"noreferrer noopener\">libera\u00e7\u00e3o de 63 produtos<\/a>, gerando uma grande comemora\u00e7\u00e3o. Mas a festa durou pouco porque, alguns dias depois, veio o combo: o&nbsp;<strong>Mapa<\/strong>&nbsp;autorizou uma nova leva de&nbsp;<strong>agrot\u00f3xicos<\/strong>&nbsp;e um desembargador tornou sem efeito a decis\u00e3o de revoga\u00e7\u00e3o da Justi\u00e7a. Mais uma vez fica claro que no&nbsp;<strong>Brasil<\/strong>&nbsp;os&nbsp;<strong><a href=\"http:\/\/www.ihu.unisinos.br\/582537\" target=\"_blank\" rel=\"noreferrer noopener\">interesses das empresas agroqu\u00edmicas<\/a><\/strong>&nbsp;t\u00eam valido mais que a sa\u00fade da popula\u00e7\u00e3o e do meio ambiente.<\/p>\n\n\n\n<h3 class=\"wp-block-heading\">O nome disso \u00e9 maquiagem<\/h3>\n\n\n\n<p>Ao lan\u00e7ar o relat\u00f3rio parcial do&nbsp;<strong>Programa de An\u00e1lise de Res\u00edduos de Agrot\u00f3xicos em Alimentos<\/strong>&nbsp;(<strong>PARA<\/strong>), em dezembro, a&nbsp;<strong>Anvisa<\/strong>&nbsp;caprichou no banho de maquiagem dos dados. Falta de transpar\u00eancia, mudan\u00e7as de metodologia do monitoramento e, principalmente, na forma de comunicar, fizeram parte dessa atitude perversa.<\/p>\n\n\n\n<p>Apesar de o levantamento apontar que&nbsp;<a href=\"https:\/\/www.greenpeace.org\/brasil\/blog\/anvisa-quer-esconder-que-sua-comida-tem-veneno\/\" target=\"_blank\" rel=\"noreferrer noopener\">mais da metade dos alimentos analisados continham res\u00edduos de agrot\u00f3xicos<\/a>&nbsp;e itens importantes em nossa dieta n\u00e3o constarem na lista, o diretor adjunto do \u00f3rg\u00e3o,&nbsp;<strong>Bruno Rios<\/strong>, disse que a comida dos brasileiros est\u00e1 segura e que n\u00e3o h\u00e1 nenhum alarde. Seguro para quem?! Estamos comendo comida com veneno diariamente e o primeiro passo para migrarmos para uma alimenta\u00e7\u00e3o mais saud\u00e1vel \u00e9 admitirmos que h\u00e1 um problema, n\u00e3o tentar enganar a popula\u00e7\u00e3o.<\/p>\n\n\n\n<figure class=\"wp-block-image\"><img data-recalc-dims=\"1\" decoding=\"async\" src=\"https:\/\/i0.wp.com\/www.ihu.unisinos.br\/images\/ihu\/2019\/12\/20_12_alimentos_saudveis_Foto_Barbara_Veiga_greenpeace.jpg?w=600\" alt=\"\"\/><\/figure>\n\n\n\n<p>(Foto: B\u00e1rbara Veiga\/Greenpeace)<\/p>\n\n\n\n<h3 class=\"wp-block-heading\">Em 2020, desejamos\u2026<\/h3>\n\n\n\n<p>Precisamos respirar fundo porque 2020 pode n\u00e3o ser muito diferente quanto o assunto \u00e9&nbsp;<strong>veneno<\/strong>. Mas se houver mais libera\u00e7\u00f5es, haver\u00e1 mais rea\u00e7\u00e3o, em igual medida. N\u00e3o vamos parar de lutar por uma agricultura saud\u00e1vel de verdade, justa para quem produz, saud\u00e1vel para quem consome e sustent\u00e1vel para o meio ambiente. Precisamos urgentemente de uma&nbsp;<a href=\"http:\/\/www.ihu.unisinos.br\/78-noticias\/580986-agrotoxicos-politica-nacional-de-reducao-pnara-x-pacote-do-veneno-em-pauta\" target=\"_blank\" rel=\"noreferrer noopener\">Pol\u00edtica Nacional de Redu\u00e7\u00e3o de Agrot\u00f3xicos<\/a>&nbsp;para o pa\u00eds, capaz de garantir uma transi\u00e7\u00e3o equilibrada. Esse caminho j\u00e1 existe e precisa ser fortalecido com a mobiliza\u00e7\u00e3o da sociedade.<\/p>\n\n\n\n<p>O seu papel \u00e9 fundamental nessa briga: se informe e se envolva, pressione o governo, engaje as pessoas ao seu redor. S\u00f3 uma sociedade mobilizada \u00e9 capaz de alcan\u00e7ar as transforma\u00e7\u00f5es que precisamos em prol do bem comum e de um futuro melhor. At\u00e9 2020!<\/p>\n","protected":false},"excerpt":{"rendered":"<p>Humanitas Unisinos &#8211; O ano de 2019 se encerra como o mais t\u00f3xico em mais de uma d\u00e9cada e um tr\u00e1gico cap\u00edtulo para a agricultura brasileira e para a popula\u00e7\u00e3o. Em apenas 12 meses, foram aprovados\u00a0467 novos agrot\u00f3xicos, que v\u00e3o parar no nosso prato,\u00a0contaminar trabalhadores rurais, o solo e a \u00e1gua\u00a0que bebemos e destruir a&#8230;<a class=\"more-link\" href=\"http:\/\/blogdalucianaoliveira.com.br\/blog\/2019\/12\/20\/2019-o-ano-mais-toxico-do-brasil\/\">Continue a leitura <span class=\"meta-nav\">&raquo;<\/span><\/a><\/p>\n","protected":false},"author":1,"featured_media":0,"comment_status":"closed","ping_status":"open","sticky":false,"template":"","format":"standard","meta":{"_exactmetrics_skip_tracking":false,"_exactmetrics_sitenote_active":false,"_exactmetrics_sitenote_note":"","_exactmetrics_sitenote_category":0,"jetpack_post_was_ever_published":false,"_jetpack_newsletter_access":"","_jetpack_dont_email_post_to_subs":false,"_jetpack_newsletter_tier_id":0,"_jetpack_memberships_contains_paywalled_content":false,"_jetpack_memberships_contains_paid_content":false,"footnotes":"","jetpack_publicize_message":"","jetpack_publicize_feature_enabled":true,"jetpack_social_post_already_shared":true,"jetpack_social_options":{"image_generator_settings":{"template":"highway","enabled":false},"version":2}},"categories":[1],"tags":[],"class_list":["post-25635","post","type-post","status-publish","format-standard","hentry","category-notas"],"jetpack_publicize_connections":[],"jetpack_sharing_enabled":true,"jetpack_featured_media_url":"","jetpack_shortlink":"https:\/\/wp.me\/p7wKYW-6Ft","jetpack-related-posts":[],"_links":{"self":[{"href":"http:\/\/blogdalucianaoliveira.com.br\/blog\/wp-json\/wp\/v2\/posts\/25635","targetHints":{"allow":["GET"]}}],"collection":[{"href":"http:\/\/blogdalucianaoliveira.com.br\/blog\/wp-json\/wp\/v2\/posts"}],"about":[{"href":"http:\/\/blogdalucianaoliveira.com.br\/blog\/wp-json\/wp\/v2\/types\/post"}],"author":[{"embeddable":true,"href":"http:\/\/blogdalucianaoliveira.com.br\/blog\/wp-json\/wp\/v2\/users\/1"}],"replies":[{"embeddable":true,"href":"http:\/\/blogdalucianaoliveira.com.br\/blog\/wp-json\/wp\/v2\/comments?post=25635"}],"version-history":[{"count":1,"href":"http:\/\/blogdalucianaoliveira.com.br\/blog\/wp-json\/wp\/v2\/posts\/25635\/revisions"}],"predecessor-version":[{"id":25636,"href":"http:\/\/blogdalucianaoliveira.com.br\/blog\/wp-json\/wp\/v2\/posts\/25635\/revisions\/25636"}],"wp:attachment":[{"href":"http:\/\/blogdalucianaoliveira.com.br\/blog\/wp-json\/wp\/v2\/media?parent=25635"}],"wp:term":[{"taxonomy":"category","embeddable":true,"href":"http:\/\/blogdalucianaoliveira.com.br\/blog\/wp-json\/wp\/v2\/categories?post=25635"},{"taxonomy":"post_tag","embeddable":true,"href":"http:\/\/blogdalucianaoliveira.com.br\/blog\/wp-json\/wp\/v2\/tags?post=25635"}],"curies":[{"name":"wp","href":"https:\/\/api.w.org\/{rel}","templated":true}]}}