{"id":25641,"date":"2019-12-20T19:41:43","date_gmt":"2019-12-20T23:41:43","guid":{"rendered":"http:\/\/blogdalucianaoliveira.com.br\/blog\/?p=25641"},"modified":"2019-12-20T19:41:50","modified_gmt":"2019-12-20T23:41:50","slug":"festival-de-baixarias-jornalistas-nao-deveriam-mais-participar-do-circo-do-alvorada","status":"publish","type":"post","link":"http:\/\/blogdalucianaoliveira.com.br\/blog\/2019\/12\/20\/festival-de-baixarias-jornalistas-nao-deveriam-mais-participar-do-circo-do-alvorada\/","title":{"rendered":"FESTIVAL DE BAIXARIAS: JORNALISTAS N\u00c3O DEVERIAM MAIS PARTICIPAR DO CIRCO DO ALVORADA"},"content":{"rendered":"\n<figure class=\"wp-block-image size-large\"><img data-recalc-dims=\"1\" loading=\"lazy\" decoding=\"async\" width=\"600\" height=\"374\" data-attachment-id=\"25642\" data-permalink=\"http:\/\/blogdalucianaoliveira.com.br\/blog\/2019\/12\/20\/festival-de-baixarias-jornalistas-nao-deveriam-mais-participar-do-circo-do-alvorada\/image-15-2\/\" data-orig-file=\"https:\/\/i0.wp.com\/blogdalucianaoliveira.com.br\/blog\/wp-content\/uploads\/2019\/12\/image-15.jpeg?fit=702%2C437\" data-orig-size=\"702,437\" data-comments-opened=\"0\" data-image-meta=\"{&quot;aperture&quot;:&quot;0&quot;,&quot;credit&quot;:&quot;&quot;,&quot;camera&quot;:&quot;&quot;,&quot;caption&quot;:&quot;&quot;,&quot;created_timestamp&quot;:&quot;0&quot;,&quot;copyright&quot;:&quot;&quot;,&quot;focal_length&quot;:&quot;0&quot;,&quot;iso&quot;:&quot;0&quot;,&quot;shutter_speed&quot;:&quot;0&quot;,&quot;title&quot;:&quot;&quot;,&quot;orientation&quot;:&quot;0&quot;}\" data-image-title=\"image-15\" data-image-description=\"\" data-image-caption=\"\" data-medium-file=\"https:\/\/i0.wp.com\/blogdalucianaoliveira.com.br\/blog\/wp-content\/uploads\/2019\/12\/image-15.jpeg?fit=300%2C187\" data-large-file=\"https:\/\/i0.wp.com\/blogdalucianaoliveira.com.br\/blog\/wp-content\/uploads\/2019\/12\/image-15.jpeg?fit=600%2C374\" src=\"https:\/\/i0.wp.com\/blogdalucianaoliveira.com.br\/blog\/wp-content\/uploads\/2019\/12\/image-15.jpeg?resize=600%2C374\" alt=\"\" class=\"wp-image-25642\" srcset=\"https:\/\/i0.wp.com\/blogdalucianaoliveira.com.br\/blog\/wp-content\/uploads\/2019\/12\/image-15.jpeg?w=702 702w, https:\/\/i0.wp.com\/blogdalucianaoliveira.com.br\/blog\/wp-content\/uploads\/2019\/12\/image-15.jpeg?resize=300%2C187 300w, https:\/\/i0.wp.com\/blogdalucianaoliveira.com.br\/blog\/wp-content\/uploads\/2019\/12\/image-15.jpeg?resize=482%2C300 482w\" sizes=\"auto, (max-width: 600px) 100vw, 600px\" \/><\/figure>\n\n\n\n<p>Balaio do Kotscho &#8211; O circo montado h\u00e1 meses por Bolsonaro na entrada do Pal\u00e1cio da Alvorada foi dividido assim:<\/p>\n\n\n\n<!--more-->\n\n\n\n<ul class=\"wp-block-list\"><li>de um lado, o gradil do chiquerinho dos jornalistas, com uma plataforma de microfones, mantendo os rep\u00f3rteres \u00e0 dist\u00e2ncia para a \u201centrevista coletiva\u201d<\/li><li>de outro, bem ao lado, outro chiqueirinho para o \u201cgrupo de apoiadores\u201d de camisas amarelas, que ficam batendo palmas e ati\u00e7ando o capit\u00e3o a bater pesado nos jornalistas<\/li><\/ul>\n\n\n\n<p>At\u00e9 hoje n\u00e3o entendi como as empresas e os profissionais podem se submeter a isso.<\/p>\n\n\n\n<p>Na manh\u00e3 desta sexta-feira, foi um festival de baixarias do presidente da Rep\u00fablica (!), que ficou completamente transtornado quando os rep\u00f3rteres lhe perguntaram sobre o caso Fl\u00e1vio &amp; Queiroz.<\/p>\n\n\n\n<p>Ao ser perguntado por um rep\u00f3rter de O Globo se tinha comprovante do empr\u00e9stimo de R$ 40 mil que teria feito ao motorista Fabr\u00edcio Queiroz, ele destrambelhou de vez:<\/p>\n\n\n\n<p>\u201cOh, rapaz, pergunta para a tua m\u00e3e o comprovante que ela deu para o teu pai, t\u00e1 certo?\u201d<\/p>\n\n\n\n<p>Muito aplaudido por meia d\u00fazia de debil\u00f3ides que urravam, Bolsonaro se empolgou e partiu para o ataque contra outro rep\u00f3rter:<\/p>\n\n\n\n<p>\u201cVoc\u00ea tem cara de homossexual terr\u00edvel, nem por isso eu te acuso de ser homossexual. Se bem que n\u00e3o \u00e9 crime ser homossexual\u2026\u201d<\/p>\n\n\n\n<p>E foi por a\u00ed, at\u00e9 virar as costas e sair batendo o p\u00e9, indignado.<\/p>\n\n\n\n<p>Se o presidente n\u00e3o se d\u00e1 ao respeito, as empresas deveriam poupar seus profissionais de participar desse teatro grotesco e exigir mais civilidade nas \u201centrevistas coletivas\u201d, que mais parecem bate-bocas de mesa redonda de futebol.<\/p>\n\n\n\n<p>N\u00e3o existe no mundo \u201centrevista coletiva\u201d com plat\u00e9ia de apoiadores atrapalhando quem est\u00e1 ali para entrevistar o presidente sobre os assuntos quentes do dia.<\/p>\n\n\n\n<p>Eu fui Secret\u00e1rio de Imprensa e Divulga\u00e7\u00e3o no come\u00e7o do governo Lula, durante dois anos, e nunca aconteceu nada parecido a isso.<\/p>\n\n\n\n<p>S\u00e3o testemunhas os rep\u00f3rteres&nbsp; setoristas que cobriam o Pal\u00e1cio do Planalto naquela \u00e9poca, que sempre foram tratados com o maior respeito pelo presidente e por mim.<\/p>\n\n\n\n<p>\u00c0s vezes, \u00e9 verdade, eu tinha que afastar algum microfone ou gravador, de algum rep\u00f3rter mais afoito, da boca do presidente, para colocar ordem na bagun\u00e7a.<\/p>\n\n\n\n<p>Mas nunca houve ofensa a nenhum profissional e todos tinham condi\u00e7\u00f5es de fazer seu trabalho, rep\u00f3rteres e fot\u00f3grafos.<\/p>\n\n\n\n<p>\u00c9 preciso dar um basta nessa palha\u00e7ada.<\/p>\n\n\n\n<p>Que organizem essas entrevistas no Pal\u00e1cio do Planalto, com regras civilizadas, sem plat\u00e9ia de \u00e1ulicos e batalh\u00f5es de seguran\u00e7as intimidando jornalistas.<\/p>\n\n\n\n<p>Os sindicatos, a Federa\u00e7\u00e3o Nacional dos Jornalistas e a Associa\u00e7\u00e3o Brasileira de Imprensa, entidades para as quais eu j\u00e1 fui eleito em outros tempos, deveriam zelar pela dignidade do exerc\u00edcio profissional.<\/p>\n\n\n\n<p>Chega de baixaria!<\/p>\n\n\n\n<p>Vida que segue.<\/p>\n","protected":false},"excerpt":{"rendered":"<p>Balaio do Kotscho &#8211; O circo montado h\u00e1 meses por Bolsonaro na entrada do Pal\u00e1cio da Alvorada foi dividido assim:<\/p>\n","protected":false},"author":1,"featured_media":0,"comment_status":"closed","ping_status":"open","sticky":false,"template":"","format":"standard","meta":{"_exactmetrics_skip_tracking":false,"_exactmetrics_sitenote_active":false,"_exactmetrics_sitenote_note":"","_exactmetrics_sitenote_category":0,"jetpack_post_was_ever_published":false,"_jetpack_newsletter_access":"","_jetpack_dont_email_post_to_subs":false,"_jetpack_newsletter_tier_id":0,"_jetpack_memberships_contains_paywalled_content":false,"_jetpack_memberships_contains_paid_content":false,"footnotes":"","jetpack_publicize_message":"","jetpack_publicize_feature_enabled":true,"jetpack_social_post_already_shared":true,"jetpack_social_options":{"image_generator_settings":{"template":"highway","enabled":false},"version":2}},"categories":[1],"tags":[],"class_list":["post-25641","post","type-post","status-publish","format-standard","hentry","category-notas"],"jetpack_publicize_connections":[],"jetpack_sharing_enabled":true,"jetpack_featured_media_url":"","jetpack_shortlink":"https:\/\/wp.me\/p7wKYW-6Fz","jetpack-related-posts":[],"_links":{"self":[{"href":"http:\/\/blogdalucianaoliveira.com.br\/blog\/wp-json\/wp\/v2\/posts\/25641","targetHints":{"allow":["GET"]}}],"collection":[{"href":"http:\/\/blogdalucianaoliveira.com.br\/blog\/wp-json\/wp\/v2\/posts"}],"about":[{"href":"http:\/\/blogdalucianaoliveira.com.br\/blog\/wp-json\/wp\/v2\/types\/post"}],"author":[{"embeddable":true,"href":"http:\/\/blogdalucianaoliveira.com.br\/blog\/wp-json\/wp\/v2\/users\/1"}],"replies":[{"embeddable":true,"href":"http:\/\/blogdalucianaoliveira.com.br\/blog\/wp-json\/wp\/v2\/comments?post=25641"}],"version-history":[{"count":1,"href":"http:\/\/blogdalucianaoliveira.com.br\/blog\/wp-json\/wp\/v2\/posts\/25641\/revisions"}],"predecessor-version":[{"id":25643,"href":"http:\/\/blogdalucianaoliveira.com.br\/blog\/wp-json\/wp\/v2\/posts\/25641\/revisions\/25643"}],"wp:attachment":[{"href":"http:\/\/blogdalucianaoliveira.com.br\/blog\/wp-json\/wp\/v2\/media?parent=25641"}],"wp:term":[{"taxonomy":"category","embeddable":true,"href":"http:\/\/blogdalucianaoliveira.com.br\/blog\/wp-json\/wp\/v2\/categories?post=25641"},{"taxonomy":"post_tag","embeddable":true,"href":"http:\/\/blogdalucianaoliveira.com.br\/blog\/wp-json\/wp\/v2\/tags?post=25641"}],"curies":[{"name":"wp","href":"https:\/\/api.w.org\/{rel}","templated":true}]}}