{"id":25644,"date":"2019-12-22T09:11:16","date_gmt":"2019-12-22T13:11:16","guid":{"rendered":"http:\/\/blogdalucianaoliveira.com.br\/blog\/?p=25644"},"modified":"2019-12-22T09:11:24","modified_gmt":"2019-12-22T13:11:24","slug":"abastecidos-por-verba-publica-partidos-pagam-r-18-mi-a-empresas-de-filiados","status":"publish","type":"post","link":"http:\/\/blogdalucianaoliveira.com.br\/blog\/2019\/12\/22\/abastecidos-por-verba-publica-partidos-pagam-r-18-mi-a-empresas-de-filiados\/","title":{"rendered":"Abastecidos por verba p\u00fablica, partidos pagam R$ 18 mi a empresas de filiados"},"content":{"rendered":"\n<figure class=\"wp-block-image size-large\"><img data-recalc-dims=\"1\" loading=\"lazy\" decoding=\"async\" width=\"600\" height=\"337\" data-attachment-id=\"25645\" data-permalink=\"http:\/\/blogdalucianaoliveira.com.br\/blog\/2019\/12\/22\/abastecidos-por-verba-publica-partidos-pagam-r-18-mi-a-empresas-de-filiados\/323c9fae-8872-41d1-97c8-41b917a06af0\/\" data-orig-file=\"https:\/\/i0.wp.com\/blogdalucianaoliveira.com.br\/blog\/wp-content\/uploads\/2019\/12\/323C9FAE-8872-41D1-97C8-41B917A06AF0.jpeg?fit=890%2C500\" data-orig-size=\"890,500\" data-comments-opened=\"0\" data-image-meta=\"{&quot;aperture&quot;:&quot;0&quot;,&quot;credit&quot;:&quot;&quot;,&quot;camera&quot;:&quot;&quot;,&quot;caption&quot;:&quot;&quot;,&quot;created_timestamp&quot;:&quot;0&quot;,&quot;copyright&quot;:&quot;&quot;,&quot;focal_length&quot;:&quot;0&quot;,&quot;iso&quot;:&quot;0&quot;,&quot;shutter_speed&quot;:&quot;0&quot;,&quot;title&quot;:&quot;&quot;,&quot;orientation&quot;:&quot;0&quot;}\" data-image-title=\"323C9FAE-8872-41D1-97C8-41B917A06AF0\" data-image-description=\"\" data-image-caption=\"\" data-medium-file=\"https:\/\/i0.wp.com\/blogdalucianaoliveira.com.br\/blog\/wp-content\/uploads\/2019\/12\/323C9FAE-8872-41D1-97C8-41B917A06AF0.jpeg?fit=300%2C169\" data-large-file=\"https:\/\/i0.wp.com\/blogdalucianaoliveira.com.br\/blog\/wp-content\/uploads\/2019\/12\/323C9FAE-8872-41D1-97C8-41B917A06AF0.jpeg?fit=600%2C337\" src=\"https:\/\/i0.wp.com\/blogdalucianaoliveira.com.br\/blog\/wp-content\/uploads\/2019\/12\/323C9FAE-8872-41D1-97C8-41B917A06AF0.jpeg?resize=600%2C337\" alt=\"\" class=\"wp-image-25645\" srcset=\"https:\/\/i0.wp.com\/blogdalucianaoliveira.com.br\/blog\/wp-content\/uploads\/2019\/12\/323C9FAE-8872-41D1-97C8-41B917A06AF0.jpeg?w=890 890w, https:\/\/i0.wp.com\/blogdalucianaoliveira.com.br\/blog\/wp-content\/uploads\/2019\/12\/323C9FAE-8872-41D1-97C8-41B917A06AF0.jpeg?resize=300%2C169 300w, https:\/\/i0.wp.com\/blogdalucianaoliveira.com.br\/blog\/wp-content\/uploads\/2019\/12\/323C9FAE-8872-41D1-97C8-41B917A06AF0.jpeg?resize=768%2C431 768w, https:\/\/i0.wp.com\/blogdalucianaoliveira.com.br\/blog\/wp-content\/uploads\/2019\/12\/323C9FAE-8872-41D1-97C8-41B917A06AF0.jpeg?resize=534%2C300 534w\" sizes=\"auto, (max-width: 600px) 100vw, 600px\" \/><\/figure>\n\n\n\n<p>Na FSP &#8211; Levantamento mostra contrata\u00e7\u00e3o pelas siglas de firmas de dirigentes, como escrit\u00f3rios de advocacia.<\/p>\n\n\n\n<!--more-->\n\n\n\n<p><strong><a href=\"https:\/\/www1.folha.uol.com.br\/autores\/felipe-baechtold.shtml\">Felipe B\u00e4chtold<\/a><\/strong><strong><a href=\"https:\/\/www1.folha.uol.com.br\/autores\/marina-gama-cubas.shtml\">Marina Gama Cubas<\/a><\/strong><strong>S\u00c3O PAULO<\/strong><\/p>\n\n\n\n<p>Os&nbsp;<a href=\"https:\/\/www1.folha.uol.com.br\/ilustrissima\/2019\/11\/burocraticos-partidos-vivem-a-sombra-do-estado-e-dificultam-renovacao.shtml\">partidos pol\u00edticos<\/a>&nbsp;destinaram ao menos R$ 17,8 milh\u00f5es a empresas de filiados, incluindo seus pr\u00f3prios dirigentes, ao longo de 2018, de acordo com as presta\u00e7\u00f5es de contas entregues \u00e0 Justi\u00e7a Eleitoral.<\/p>\n\n\n\n<p>Levantamento feito pela&nbsp;<strong>Folha<\/strong>&nbsp;cruzando os dados de firmas prestadoras de servi\u00e7os \u00e0s legendas com t\u00edtulos de eleitores e os CPFs de membros dos partidos, principalmente integrantes dos diret\u00f3rios nacionais, estaduais ou municipais, aponta que ao menos 294 empresas ligadas a esses filiados foram beneficiadas.<\/p>\n\n\n\n<p>Essas empresas incluem principalmente escrit\u00f3rios de advocacia ou de contabilidade, produtoras de conte\u00fado, postos de gasolina e gr\u00e1ficas. A reportagem detectou as contrata\u00e7\u00f5es em 29 dos 35 partidos constitu\u00eddos naquele ano.<\/p>\n\n\n\n<p>A pr\u00e1tica ocorre em legendas de distintas correntes ideol\u00f3gicas, do PC do B ao PSDB ou ao PSL,&nbsp;<a href=\"https:\/\/www1.folha.uol.com.br\/poder\/2019\/11\/bolsonaro-assina-desfiliacao-do-psl.shtml\">partido pelo qual Jair Bolsonaro foi eleito<\/a>.<\/p>\n\n\n\n<p>Os partidos que mais destinaram recursos a empresas de filiados em 2018<\/p>\n\n\n\n<p>Escrit\u00f3rios de advocacia e de contabilidade est\u00e3o entre firmas mais beneficiadas<\/p>\n\n\n\n<p>Em milh\u00f5es<\/p>\n\n\n\n<p>1\u00ba.PSB<\/p>\n\n\n\n<p>R$ 2,4<\/p>\n\n\n\n<p>2\u00ba.PSD<\/p>\n\n\n\n<p>R$ 2<\/p>\n\n\n\n<p>3\u00baSolidariedade.<\/p>\n\n\n\n<p>R$ 1,9<\/p>\n\n\n\n<p>4\u00ba.PT<\/p>\n\n\n\n<p>R$ 1,1<\/p>\n\n\n\n<p>5\u00ba.DC<\/p>\n\n\n\n<p>R$ 1,1<\/p>\n\n\n\n<p>Total de<\/p>\n\n\n\n<p>R$ 17.819.344<\/p>\n\n\n\n<p>Alguns dos pol\u00edticos beneficiados<\/p>\n\n\n\n<p>Ciro Gomes&nbsp;(PDT)<\/p>\n\n\n\n<p>Xerez Saldanha Vasconcelos e Ciro Gomes Advogados Associados<\/p>\n\n\n\n<p>Total gasto:&nbsp;R$60 mil<\/p>\n\n\n\n<p>Luciana Genro&nbsp;(PSOL)<\/p>\n\n\n\n<p>Genro + Genro Advogados<\/p>\n\n\n\n<p>Total gasto:&nbsp;R$130 mil<\/p>\n\n\n\n<p>Jos\u00e9 Maria Eymael&nbsp;(DC)<\/p>\n\n\n\n<p>Centro Automotivo Caminho Certo Ltda<\/p>\n\n\n\n<p>Total gasto:&nbsp;R$68 mil<\/p>\n\n\n\n<p>Eur\u00edpedes de Macedo J\u00fanior&nbsp;(PROS)<\/p>\n\n\n\n<p>Auto Center Planalto Ltda<\/p>\n\n\n\n<p>Total gasto:&nbsp;R$6.366<\/p>\n\n\n\n<p>*Todos os valores s\u00e3o aproximados<\/p>\n\n\n\n<p>Fonte: TSE e Receita Federal do Brasil, dados tratados por DeltaFolha e \u00c1lvaro Justen\/Brasil.IO.<\/p>\n\n\n\n<p>A principal fonte de financiamento dos partidos s\u00e3o recursos p\u00fablicos repartidos do&nbsp;<a href=\"https:\/\/www1.folha.uol.com.br\/poder\/2019\/09\/entenda-os-fundos-eleitoral-e-partidario-e-como-siglas-e-candidatos-sao-financiados.shtml\">fundo partid\u00e1rio<\/a>, que em 2018 somou R$ 888 milh\u00f5es. Para 2020, o valor previsto no Or\u00e7amento \u00e9 de R$ 959 milh\u00f5es, que se somar\u00e1 ao&nbsp;<a href=\"https:\/\/www1.folha.uol.com.br\/poder\/2019\/12\/congresso-recua-e-aprova-fundo-eleitoral-de-r-2-bi-apos-ameaca-de-veto.shtml\">fundo eleitoral de R$ 2 bilh\u00f5es para custear as campanhas<\/a>&nbsp;de candidatos a prefeito e vereador pelo pa\u00eds.<\/p>\n\n\n\n<p>Os dados das presta\u00e7\u00f5es partid\u00e1rias de 2018 apontam na lista dos benefici\u00e1rios firmas dos ex-presidenci\u00e1veis&nbsp;<a href=\"https:\/\/www1.folha.uol.com.br\/poder\/2016\/03\/1755773-psol-contesta-luciana-genro-que-disse-nao-haver-risco-de-golpe-no-pais.shtml\">Luciana Genro (PSOL)<\/a>&nbsp;e&nbsp;<a href=\"https:\/\/www1.folha.uol.com.br\/folha-topicos\/ciro-gomes\/\">Ciro Gomes (PDT)<\/a>&nbsp;e de parentes de&nbsp;<a href=\"https:\/\/www1.folha.uol.com.br\/poder\/2018\/05\/levy-fidelix-diz-que-mudou-posicionamento-sobre-homossexuais.shtml\">Levy Fid\u00e9lix, do PRTB<\/a>.<\/p>\n\n\n\n<p>Aparecem ainda presidentes nacionais de siglas:&nbsp;<a href=\"https:\/\/www1.folha.uol.com.br\/poder\/2018\/10\/eymael-questiona-urna-eletronica-e-diz-que-houve-fraude-no-passado.shtml\">Jos\u00e9 Maria Eymael (DC)<\/a>&nbsp;e&nbsp;<a href=\"https:\/\/www1.folha.uol.com.br\/poder\/2014\/05\/1451048-pros-anuncia-apoio-a-pmdb-em-sp.shtml\">Eur\u00edpedes Macedo J\u00fanior (PROS)<\/a>, que possuem respectivamente com\u00e9rcio de autope\u00e7as e uma oficina.&nbsp;<\/p>\n\n\n\n<p>O levantamento se refere ao ano passado porque o TSE (Tribunal Superior Eleitoral) n\u00e3o obriga as dire\u00e7\u00f5es partid\u00e1rias a&nbsp;<a href=\"https:\/\/www1.folha.uol.com.br\/poder\/2019\/10\/prestacao-de-contas-de-partidos-expoe-buraco-negro-com-gasto-de-verba-publica.shtml\">informar suas despesas<\/a>&nbsp;no momento em que s\u00e3o feitas, como ocorre nas campanhas eleitorais.<\/p>\n\n\n\n<p><a href=\"https:\/\/www1.folha.uol.com.br\/poder\/2019\/10\/prestacao-de-contas-de-partidos-expoe-buraco-negro-com-gasto-de-verba-publica.shtml\">As presta\u00e7\u00f5es de 2018<\/a>&nbsp;foram entregues apenas em abril deste ano, e as informa\u00e7\u00f5es com os gastos foram publicadas em forma de planilhas, que permitem cruzamentos de dados, s\u00f3 em setembro.<\/p>\n\n\n\n<p>A reportagem cruzou 80 milh\u00f5es registros do TSE e da Receita Federal a partir de um algoritmo para chegar \u00e0 soma de R$ 17,8 milh\u00f5es pagos.&nbsp;<\/p>\n\n\n\n<p>Foram considerados os casos de empresas que receberam por alguma presta\u00e7\u00e3o de servi\u00e7o ao partido e que, ao mesmo tempo, tinha no seu quadro societ\u00e1rio uma pessoa filiada \u00e0 sigla e com cargo em um dos seus diret\u00f3rios durante o ano de 2018.&nbsp;<\/p>\n\n\n\n<p>CNPJs&nbsp;de institui\u00e7\u00f5es, associa\u00e7\u00f5es sem fins lucrativos n\u00e3o foram considerados no levantamento, bem como os pagamentos realizados a pessoa jur\u00eddica para a campanha de candidatos nas elei\u00e7\u00f5es de 2018.<\/p>\n\n\n\n<p>O n\u00famero de dirigentes benefici\u00e1rios deve ser bem superior, j\u00e1 que o levantamento da reportagem n\u00e3o computa os pagamentos feitos pelas&nbsp;<a href=\"https:\/\/www1.folha.uol.com.br\/opiniao\/2018\/12\/partidos-politicos-e-sentimento-antissistema.shtml\">funda\u00e7\u00f5es partid\u00e1rias<\/a>, que recebem ao menos 20% das verbas do fundo partid\u00e1rio e que n\u00e3o t\u00eam suas despesas compiladas em tabelas pela Justi\u00e7a Eleitoral. Segundo a legisla\u00e7\u00e3o, as funda\u00e7\u00f5es devem desenvolver atividades de educa\u00e7\u00e3o pol\u00edtica e pesquisa.<\/p>\n\n\n\n<p>O partido que apareceu no topo em 2018 foi o PSB, sendo que a maior parte foi paga ao escrit\u00f3rio de advocacia Carneiros, do qual \u00e9 s\u00f3cio Rafael Carneiro, que \u00e9 filiado e tamb\u00e9m integra o Conselho de \u00c9tica da legenda.<\/p>\n\n\n\n<p>A seguir, est\u00e3o o PSD, o Solidariedade e&nbsp;<a href=\"https:\/\/www1.folha.uol.com.br\/folha-topicos\/pt\/\">o PT.<\/a><\/p>\n\n\n\n<p>No caso do Solidariedade, em 2018 se repetiu o que j\u00e1 havia sido mostrado com os dados do ano anterior em levantamento feito pela&nbsp;<a href=\"https:\/\/www1.folha.uol.com.br\/poder\/2018\/07\/siglas-pagam-r-51-mi-de-verba-publica-a-dirigentes-por-servicos-genericos.shtml\">ONG Transpar\u00eancia Partid\u00e1ria<\/a>: a maior despesa com prestadores filiados foi com o Cedraz Advogados, que tem entre s\u00f3cios seis integrantes do diret\u00f3rio nacional do partido.<\/p>\n\n\n\n<p>No PDT, pagamentos ao escrit\u00f3rio de Ciro tamb\u00e9m ocorreram em 2017 e na campanha eleitoral do ano passado.<\/p>\n\n\n\n<p>O&nbsp;<a href=\"https:\/\/www1.folha.uol.com.br\/colunas\/painelsa\/2019\/10\/nova-orientacao-do-partido-novo-incomoda-filiados.shtml\">partido Novo<\/a>&nbsp;tamb\u00e9m fez pagamentos a firmas de dirigentes, no total de R$ 656 mil, mas afirma que para isso n\u00e3o usa o fundo partid\u00e1rio e que tenta devolver esses recursos. Entre outras fontes de financiamento das legendas, est\u00e3o contribui\u00e7\u00f5es de filiados e doa\u00e7\u00f5es de pessoas f\u00edsicas.<\/p>\n\n\n\n<p>As dire\u00e7\u00f5es partid\u00e1rias precisam prestar contas anualmente de seus gastos ao TSE, sob pena de ter cortados os repasses p\u00fablicos.<\/p>\n\n\n\n<p>A an\u00e1lise da regularidade desses dados, por\u00e9m,\u00a0<a href=\"https:\/\/www1.folha.uol.com.br\/poder\/2017\/08\/1912482-falta-de-controle-dos-gastos-deve-criar-nova-caixa-preta-em-fundo-eleitoral.shtml\">\u00e9 lenta<\/a>: em abril passado a corte eleitoral finalizou a an\u00e1lise da presta\u00e7\u00e3o de contas de 2013, e determinou a partidos a devolu\u00e7\u00e3o de R$ 18,5 milh\u00f5es por uso indevido do fundo.<\/p>\n\n\n\n<h3 class=\"wp-block-heading\">OUTRO LADO<\/h3>\n\n\n\n<p>Partidos, empresas e pol\u00edticos afirmam que a presta\u00e7\u00e3o de servi\u00e7os \u00e0s legendas \u00e9 regular e que n\u00e3o h\u00e1 impeditivo na legisla\u00e7\u00e3o.<\/p>\n\n\n\n<p>O PSD afirma que a lei e o estatuto do partido permitem que filiados, dirigentes ou n\u00e3o, prestem trabalhos. \u201cIndependentemente dessa condi\u00e7\u00e3o, todos os servi\u00e7os contratados foram efetivamente prestados.\u201d<\/p>\n\n\n\n<p>O PT afirmou que possui 40,5 mil dirigentes municipais pelo pa\u00eds e que o n\u00famero de casos levantados pela reportagem, nesse universo, mostra que o partido n\u00e3o privilegia a contrata\u00e7\u00e3o de seus filiados.<\/p>\n\n\n\n<p>\u201cO financiamento p\u00fablico dos partidos pol\u00edticos \u00e9 uma conquista voltada \u00e0 redu\u00e7\u00e3o da influ\u00eancia do poder econ\u00f4mico no regime democr\u00e1tico. Por isso mesmo tem sido alvo dos ataques de um falso republicanismo, que visam a&nbsp;<a href=\"https:\/\/www1.folha.uol.com.br\/poder\/2019\/06\/partidos-fracos-abrem-espaco-para-novos-bolsonaros-diz-cientista-politico.shtml\">desqualificar o sistema pol\u00edtico<\/a>.\u201d<\/p>\n\n\n\n<p>O PROS, presidido por Eur\u00edpedes Macedo J\u00fanior, afirmou que \u00e9 muito criterioso ao contratar servi\u00e7os e adquirir bens, sempre fazendo pesquisas de pre\u00e7o e qualidade.<\/p>\n\n\n\n<p>\u201cN\u00e3o \u00e9 fact\u00edvel pagar mais caro pela simples exig\u00eancia de n\u00e3o coincid\u00eancia entre o quadro societ\u00e1rio das empresas e membros. Em suma, na rela\u00e7\u00e3o constam equipamentos e materiais para estrutura do PROS e presta\u00e7\u00e3o de servi\u00e7os advocat\u00edcios e comunica\u00e7\u00e3o.\u201d<\/p>\n\n\n\n<p>Sobre o pagamento \u00e0 empresa de Eur\u00edpedes, diz que \u00e0 \u00e9poca ele n\u00e3o integrava o quadro societ\u00e1rio.&nbsp;<\/p>\n\n\n\n<p>A deputada estadual ga\u00facha Luciana Genro (PSOL) disse que trabalhou como advogada do PSOL, atuando em a\u00e7\u00f5es judiciais, como contra o aumento da tarifa de transporte, em consultoria pol\u00edtica e na elabora\u00e7\u00e3o de programas de governo do partido.<\/p>\n\n\n\n<p>O ex-ministro Ciro Gomes disse, por meio de sua assessoria, que j\u00e1 se pronunciou sobre a atua\u00e7\u00e3o de seu escrit\u00f3rio anteriormente.<\/p>\n\n\n\n<p><a href=\"https:\/\/www1.folha.uol.com.br\/poder\/2019\/02\/empresas-de-politicos-faturaram-r-11-milhao-com-verba-publica-na-eleicao.shtml\">No in\u00edcio do ano, quando a&nbsp;<strong>Folha<\/strong>&nbsp;mostrou<\/a>que o Xerez Saldanha Vasconcelos e Ciro Gomes Advogados Associados recebeu R$ 80 mil da candidatura do pedetista em 2018, ele disse que os servi\u00e7os prestados eram p\u00fablicos e poderiam ser consultados na Justi\u00e7a Eleitoral e que&nbsp;tinha se afastado das atividades do escrit\u00f3rio durante a campanha eleitoral.<\/p>\n\n\n\n<p>Rafael Carneiro, que integra o&nbsp;<a href=\"https:\/\/www1.folha.uol.com.br\/poder\/2019\/07\/conselho-de-etica-do-psb-abre-processo-contra-deputados-pro-reforma.shtml\">Conselho de \u00c9tica do PSB<\/a>, disse, por meio de sua assessoria, que n\u00e3o h\u00e1 veda\u00e7\u00e3o legal ou moral que impe\u00e7a um advogado filiado de prestar servi\u00e7os a um partido.<\/p>\n\n\n\n<p>Afirma que integra o conselho, no qual dirigentes partid\u00e1rios s\u00e3o vedados, ap\u00f3s ter sido convidado devido \u00e0 sua experi\u00eancia na \u00e1rea, que inclui servi\u00e7os ao partido h\u00e1 mais de uma d\u00e9cada.&nbsp;<\/p>\n\n\n\n<p>O&nbsp;<a href=\"https:\/\/www1.folha.uol.com.br\/poder\/2016\/07\/1790192-procurador-pede-investigacao-sobre-escritorio-de-filho-de-chefe-do-tcu.shtml\">escrit\u00f3rio Cedraz Advogados<\/a>&nbsp;informou que presta toda a assessoria jur\u00eddica consultiva do Solidariedade, incluindo a representa\u00e7\u00e3o em mais de cem a\u00e7\u00f5es judiciais, principalmente em tribunais superiores.<\/p>\n\n\n\n<p>Afirma que seus s\u00f3cios apenas comp\u00f5em a assembleia geral, sem poder deliberativo, e que, na Justi\u00e7a Eleitoral, a contrata\u00e7\u00e3o do escrit\u00f3rio jamais foi questionada.<\/p>\n\n\n\n<p>Os outros citados na reportagem foram procurados, mas n\u00e3o responderam.<\/p>\n","protected":false},"excerpt":{"rendered":"<p>Na FSP &#8211; Levantamento mostra contrata\u00e7\u00e3o pelas siglas de firmas de dirigentes, como escrit\u00f3rios de advocacia.<\/p>\n","protected":false},"author":1,"featured_media":0,"comment_status":"closed","ping_status":"open","sticky":false,"template":"","format":"standard","meta":{"_exactmetrics_skip_tracking":false,"_exactmetrics_sitenote_active":false,"_exactmetrics_sitenote_note":"","_exactmetrics_sitenote_category":0,"jetpack_post_was_ever_published":false,"_jetpack_newsletter_access":"","_jetpack_dont_email_post_to_subs":false,"_jetpack_newsletter_tier_id":0,"_jetpack_memberships_contains_paywalled_content":false,"_jetpack_memberships_contains_paid_content":false,"footnotes":"","jetpack_publicize_message":"","jetpack_publicize_feature_enabled":true,"jetpack_social_post_already_shared":true,"jetpack_social_options":{"image_generator_settings":{"template":"highway","enabled":false},"version":2}},"categories":[1],"tags":[],"class_list":["post-25644","post","type-post","status-publish","format-standard","hentry","category-notas"],"jetpack_publicize_connections":[],"jetpack_sharing_enabled":true,"jetpack_featured_media_url":"","jetpack_shortlink":"https:\/\/wp.me\/p7wKYW-6FC","jetpack-related-posts":[],"_links":{"self":[{"href":"http:\/\/blogdalucianaoliveira.com.br\/blog\/wp-json\/wp\/v2\/posts\/25644","targetHints":{"allow":["GET"]}}],"collection":[{"href":"http:\/\/blogdalucianaoliveira.com.br\/blog\/wp-json\/wp\/v2\/posts"}],"about":[{"href":"http:\/\/blogdalucianaoliveira.com.br\/blog\/wp-json\/wp\/v2\/types\/post"}],"author":[{"embeddable":true,"href":"http:\/\/blogdalucianaoliveira.com.br\/blog\/wp-json\/wp\/v2\/users\/1"}],"replies":[{"embeddable":true,"href":"http:\/\/blogdalucianaoliveira.com.br\/blog\/wp-json\/wp\/v2\/comments?post=25644"}],"version-history":[{"count":1,"href":"http:\/\/blogdalucianaoliveira.com.br\/blog\/wp-json\/wp\/v2\/posts\/25644\/revisions"}],"predecessor-version":[{"id":25646,"href":"http:\/\/blogdalucianaoliveira.com.br\/blog\/wp-json\/wp\/v2\/posts\/25644\/revisions\/25646"}],"wp:attachment":[{"href":"http:\/\/blogdalucianaoliveira.com.br\/blog\/wp-json\/wp\/v2\/media?parent=25644"}],"wp:term":[{"taxonomy":"category","embeddable":true,"href":"http:\/\/blogdalucianaoliveira.com.br\/blog\/wp-json\/wp\/v2\/categories?post=25644"},{"taxonomy":"post_tag","embeddable":true,"href":"http:\/\/blogdalucianaoliveira.com.br\/blog\/wp-json\/wp\/v2\/tags?post=25644"}],"curies":[{"name":"wp","href":"https:\/\/api.w.org\/{rel}","templated":true}]}}