{"id":25647,"date":"2019-12-22T09:15:01","date_gmt":"2019-12-22T13:15:01","guid":{"rendered":"http:\/\/blogdalucianaoliveira.com.br\/blog\/?p=25647"},"modified":"2019-12-22T09:15:11","modified_gmt":"2019-12-22T13:15:11","slug":"rejeitado-pela-maioria-dos-brasileiros-bolsonaro-diz-estar-infeliz-na-presidencia","status":"publish","type":"post","link":"http:\/\/blogdalucianaoliveira.com.br\/blog\/2019\/12\/22\/rejeitado-pela-maioria-dos-brasileiros-bolsonaro-diz-estar-infeliz-na-presidencia\/","title":{"rendered":"Rejeitado pela maioria dos brasileiros, Bolsonaro diz estar infeliz na presid\u00eancia"},"content":{"rendered":"\n<figure class=\"wp-block-image size-large\"><img data-recalc-dims=\"1\" loading=\"lazy\" decoding=\"async\" width=\"500\" height=\"240\" data-attachment-id=\"25648\" data-permalink=\"http:\/\/blogdalucianaoliveira.com.br\/blog\/2019\/12\/22\/rejeitado-pela-maioria-dos-brasileiros-bolsonaro-diz-estar-infeliz-na-presidencia\/image-16-2\/\" data-orig-file=\"https:\/\/i0.wp.com\/blogdalucianaoliveira.com.br\/blog\/wp-content\/uploads\/2019\/12\/image-16.jpeg?fit=500%2C240\" data-orig-size=\"500,240\" data-comments-opened=\"0\" data-image-meta=\"{&quot;aperture&quot;:&quot;0&quot;,&quot;credit&quot;:&quot;&quot;,&quot;camera&quot;:&quot;&quot;,&quot;caption&quot;:&quot;&quot;,&quot;created_timestamp&quot;:&quot;0&quot;,&quot;copyright&quot;:&quot;&quot;,&quot;focal_length&quot;:&quot;0&quot;,&quot;iso&quot;:&quot;0&quot;,&quot;shutter_speed&quot;:&quot;0&quot;,&quot;title&quot;:&quot;&quot;,&quot;orientation&quot;:&quot;0&quot;}\" data-image-title=\"image-16\" data-image-description=\"\" data-image-caption=\"\" data-medium-file=\"https:\/\/i0.wp.com\/blogdalucianaoliveira.com.br\/blog\/wp-content\/uploads\/2019\/12\/image-16.jpeg?fit=300%2C144\" data-large-file=\"https:\/\/i0.wp.com\/blogdalucianaoliveira.com.br\/blog\/wp-content\/uploads\/2019\/12\/image-16.jpeg?fit=500%2C240\" src=\"https:\/\/i0.wp.com\/blogdalucianaoliveira.com.br\/blog\/wp-content\/uploads\/2019\/12\/image-16.jpeg?resize=500%2C240\" alt=\"\" class=\"wp-image-25648\" srcset=\"https:\/\/i0.wp.com\/blogdalucianaoliveira.com.br\/blog\/wp-content\/uploads\/2019\/12\/image-16.jpeg?w=500 500w, https:\/\/i0.wp.com\/blogdalucianaoliveira.com.br\/blog\/wp-content\/uploads\/2019\/12\/image-16.jpeg?resize=300%2C144 300w\" sizes=\"auto, (max-width: 500px) 100vw, 500px\" \/><\/figure>\n\n\n\n<p><strong>247 &#8211;<\/strong>\u00a0Com 53% dos brasileiros\u00a0<a href=\"https:\/\/www.brasil247.com\/poder\/dispara-a-rejeicao-a-bolsonaro-e-53-ja-desaprovam-sua-maneira-de-governar-aponta-ibope\">desaprovando<\/a>sua maneira de governar o Pa\u00eds e em meio ao esc\u00e2ndalo das rachadinhas que envolve o filho Fl\u00e1vio Bolsonaro e ex-assessores, Jair Bolsonaro criticou a vida que leva como presidente, em entrevista a jornalistas neste s\u00e1bado, 21.\u00a0<\/p>\n\n\n\n<!--more-->\n\n\n\n<p>\u201c\u00c9 dif\u00edcil ter dia para ser feliz, cara, problemas. A vida \u00e9 sacrificante. Eu estou at\u00e9 feliz de estar com voc\u00eas aqui, porque, geralmente, \u00e9 uma monotonia. \u00c9 uma monotonia no final de semana. Se voc\u00eas n\u00e3o estivessem aqui, eu ia nadar 200 ou 300 metros e ia ao escrit\u00f3rio bolar coisas\u201d, afirmou Bolsonaro.\u00a0<\/p>\n\n\n\n<p>Bolsonaro disse ainda que admira o estilo do presidente dos Estados Unidos, Donald Trump, e que, nos tr\u00eas encontros que tiveram, foi tratado muito bem pelo americano. Ele reconhece, no entanto, ter um \u201clinguajar diferente\u201d ao de outras autoridades.<\/p>\n\n\n\n<p>\u201cA maneira como ele me trata \u00e9 excepcional, apesar de eu ser uma pessoa tosca na pol\u00edtica. Eu sempre fui do baixo clero\u201d, admitiu Bolsonaro.&nbsp;<\/p>\n\n\n\n<p>A entreviosta foi dada um dia depois de Bolsonaro quebrar o decoro do cargo presidencial e atacar jornalistas que exerciam seu trabalho e perguntavam-no sobre o esc\u00e2ndalo envolvendo o filho (leia mais no&nbsp;<a href=\"https:\/\/www.brasil247.com\/brasil\/pergunta-pra-tua-mae-o-comprovante-que-ela-deu-pro-teu-pai-diz-bolsonaro-em-nova-quebra-de-decoro\"><strong>Brasil 247<\/strong><\/a>).&nbsp;<\/p>\n","protected":false},"excerpt":{"rendered":"<p>247 &#8211;\u00a0Com 53% dos brasileiros\u00a0desaprovandosua maneira de governar o Pa\u00eds e em meio ao esc\u00e2ndalo das rachadinhas que envolve o filho Fl\u00e1vio Bolsonaro e ex-assessores, Jair Bolsonaro criticou a vida que leva como presidente, em entrevista a jornalistas neste s\u00e1bado, 21.\u00a0<\/p>\n","protected":false},"author":1,"featured_media":0,"comment_status":"closed","ping_status":"open","sticky":false,"template":"","format":"standard","meta":{"_exactmetrics_skip_tracking":false,"_exactmetrics_sitenote_active":false,"_exactmetrics_sitenote_note":"","_exactmetrics_sitenote_category":0,"jetpack_post_was_ever_published":false,"_jetpack_newsletter_access":"","_jetpack_dont_email_post_to_subs":false,"_jetpack_newsletter_tier_id":0,"_jetpack_memberships_contains_paywalled_content":false,"_jetpack_memberships_contains_paid_content":false,"footnotes":"","jetpack_publicize_message":"","jetpack_publicize_feature_enabled":true,"jetpack_social_post_already_shared":true,"jetpack_social_options":{"image_generator_settings":{"template":"highway","enabled":false},"version":2}},"categories":[1],"tags":[],"class_list":["post-25647","post","type-post","status-publish","format-standard","hentry","category-notas"],"jetpack_publicize_connections":[],"jetpack_sharing_enabled":true,"jetpack_featured_media_url":"","jetpack_shortlink":"https:\/\/wp.me\/p7wKYW-6FF","jetpack-related-posts":[],"_links":{"self":[{"href":"http:\/\/blogdalucianaoliveira.com.br\/blog\/wp-json\/wp\/v2\/posts\/25647","targetHints":{"allow":["GET"]}}],"collection":[{"href":"http:\/\/blogdalucianaoliveira.com.br\/blog\/wp-json\/wp\/v2\/posts"}],"about":[{"href":"http:\/\/blogdalucianaoliveira.com.br\/blog\/wp-json\/wp\/v2\/types\/post"}],"author":[{"embeddable":true,"href":"http:\/\/blogdalucianaoliveira.com.br\/blog\/wp-json\/wp\/v2\/users\/1"}],"replies":[{"embeddable":true,"href":"http:\/\/blogdalucianaoliveira.com.br\/blog\/wp-json\/wp\/v2\/comments?post=25647"}],"version-history":[{"count":1,"href":"http:\/\/blogdalucianaoliveira.com.br\/blog\/wp-json\/wp\/v2\/posts\/25647\/revisions"}],"predecessor-version":[{"id":25649,"href":"http:\/\/blogdalucianaoliveira.com.br\/blog\/wp-json\/wp\/v2\/posts\/25647\/revisions\/25649"}],"wp:attachment":[{"href":"http:\/\/blogdalucianaoliveira.com.br\/blog\/wp-json\/wp\/v2\/media?parent=25647"}],"wp:term":[{"taxonomy":"category","embeddable":true,"href":"http:\/\/blogdalucianaoliveira.com.br\/blog\/wp-json\/wp\/v2\/categories?post=25647"},{"taxonomy":"post_tag","embeddable":true,"href":"http:\/\/blogdalucianaoliveira.com.br\/blog\/wp-json\/wp\/v2\/tags?post=25647"}],"curies":[{"name":"wp","href":"https:\/\/api.w.org\/{rel}","templated":true}]}}