{"id":25650,"date":"2019-12-22T09:19:53","date_gmt":"2019-12-22T13:19:53","guid":{"rendered":"http:\/\/blogdalucianaoliveira.com.br\/blog\/?p=25650"},"modified":"2019-12-22T09:20:02","modified_gmt":"2019-12-22T13:20:02","slug":"67-dos-brasileiros-apoiam-educacao-gratuita-a-todos-na-universidade-diz-datafolha","status":"publish","type":"post","link":"http:\/\/blogdalucianaoliveira.com.br\/blog\/2019\/12\/22\/67-dos-brasileiros-apoiam-educacao-gratuita-a-todos-na-universidade-diz-datafolha\/","title":{"rendered":"67% dos brasileiros apoiam educa\u00e7\u00e3o gratuita a todos na universidade, diz Datafolha"},"content":{"rendered":"\n<figure class=\"wp-block-image size-large\"><img data-recalc-dims=\"1\" loading=\"lazy\" decoding=\"async\" width=\"300\" height=\"200\" data-attachment-id=\"25651\" data-permalink=\"http:\/\/blogdalucianaoliveira.com.br\/blog\/2019\/12\/22\/67-dos-brasileiros-apoiam-educacao-gratuita-a-todos-na-universidade-diz-datafolha\/image-17-2\/\" data-orig-file=\"https:\/\/i0.wp.com\/blogdalucianaoliveira.com.br\/blog\/wp-content\/uploads\/2019\/12\/image-17.jpeg?fit=300%2C200\" data-orig-size=\"300,200\" data-comments-opened=\"0\" data-image-meta=\"{&quot;aperture&quot;:&quot;0&quot;,&quot;credit&quot;:&quot;&quot;,&quot;camera&quot;:&quot;&quot;,&quot;caption&quot;:&quot;&quot;,&quot;created_timestamp&quot;:&quot;0&quot;,&quot;copyright&quot;:&quot;&quot;,&quot;focal_length&quot;:&quot;0&quot;,&quot;iso&quot;:&quot;0&quot;,&quot;shutter_speed&quot;:&quot;0&quot;,&quot;title&quot;:&quot;&quot;,&quot;orientation&quot;:&quot;0&quot;}\" data-image-title=\"image-17\" data-image-description=\"\" data-image-caption=\"\" data-medium-file=\"https:\/\/i0.wp.com\/blogdalucianaoliveira.com.br\/blog\/wp-content\/uploads\/2019\/12\/image-17.jpeg?fit=300%2C200\" data-large-file=\"https:\/\/i0.wp.com\/blogdalucianaoliveira.com.br\/blog\/wp-content\/uploads\/2019\/12\/image-17.jpeg?fit=300%2C200\" src=\"https:\/\/i0.wp.com\/blogdalucianaoliveira.com.br\/blog\/wp-content\/uploads\/2019\/12\/image-17.jpeg?resize=300%2C200\" alt=\"\" class=\"wp-image-25651\"\/><\/figure>\n\n\n\n<h4 class=\"wp-block-heading\">Pesquisa mostra ainda que maioria tamb\u00e9m defende ensino gratuito nas creches (70%) e no ensino fundamental e m\u00e9dio (79%).&nbsp;<\/h4>\n\n\n\n<!--more-->\n\n\n\n<p>Por G1<\/p>\n\n\n\n<p>Pesquisa Datafolha divulgada neste domingo (22) pelo jornal &#8220;Folha de S.Paulo&#8221; mostra que para 67% dos brasileiros o governo deve oferecer educa\u00e7\u00e3o gratuita no ensino superior a todos os brasileiros. O levantamento mostra ainda que 70% dos entrevistados acreditam que a educa\u00e7\u00e3o deve ser gratuita nas creches. No ensino fundamental e m\u00e9dio, 79% compartilham a opini\u00e3o.<\/p>\n\n\n\n<p>A pesquisa foi realizada com 2.948 entrevistados em todo o Brasil nos dias 5 e 6 de dezembro. A margem de erro \u00e9 de dois pontos percentuais.&nbsp;<\/p>\n\n\n\n<p>A propor\u00e7\u00e3o dos que consideram que o Estado s\u00f3 deve oferecer educa\u00e7\u00e3o a quem n\u00e3o pode pagar \u00e9 de 18% no n\u00edvel fundamental e m\u00e9dio, 28% nas creches e 29% no ensino superior.&nbsp;<\/p>\n\n\n\n<p>Segundo a Folha, o apoio \u00e0 oferta de educa\u00e7\u00e3o gratuita \u00e9 majorit\u00e1rio para todos os n\u00edveis de ensino e em todos os recortes do levantamento: por cor, g\u00eanero, escolaridade, idade, ocupa\u00e7\u00e3o, regi\u00e3o, religi\u00e3o, renda, porte do munic\u00edpio, partido de prefer\u00eancia, avalia\u00e7\u00e3o do governo Jair Bolsonaro, confian\u00e7a no presidente e autoclassifica\u00e7\u00e3o pol\u00edtica.&nbsp;<\/p>\n\n\n\n<p>A pesquisa apontou ainda que a maioria dos entrevistados que aprovam o governo de Bolsonaro acredita que o governo deve oferecer ensino superior a todos e n\u00e3o s\u00f3 a quem pode pagar. O mesmo se d\u00e1 entre os que se classificam \u00e0 direita do espectro pol\u00edtico: 61%. Dos que se classificam \u00e0 esquerda, o percentual \u00e9 de 67%. J\u00e1 quem se autodefine como centro-esquerda e de centro totalizam 73%.<\/p>\n\n\n\n<p><\/p>\n","protected":false},"excerpt":{"rendered":"<p>Pesquisa mostra ainda que maioria tamb\u00e9m defende ensino gratuito nas creches (70%) e no ensino fundamental e m\u00e9dio (79%).&nbsp;<\/p>\n","protected":false},"author":1,"featured_media":0,"comment_status":"closed","ping_status":"open","sticky":false,"template":"","format":"standard","meta":{"_exactmetrics_skip_tracking":false,"_exactmetrics_sitenote_active":false,"_exactmetrics_sitenote_note":"","_exactmetrics_sitenote_category":0,"jetpack_post_was_ever_published":false,"_jetpack_newsletter_access":"","_jetpack_dont_email_post_to_subs":false,"_jetpack_newsletter_tier_id":0,"_jetpack_memberships_contains_paywalled_content":false,"_jetpack_memberships_contains_paid_content":false,"footnotes":"","jetpack_publicize_message":"","jetpack_publicize_feature_enabled":true,"jetpack_social_post_already_shared":true,"jetpack_social_options":{"image_generator_settings":{"template":"highway","enabled":false},"version":2}},"categories":[1],"tags":[],"class_list":["post-25650","post","type-post","status-publish","format-standard","hentry","category-notas"],"jetpack_publicize_connections":[],"jetpack_sharing_enabled":true,"jetpack_featured_media_url":"","jetpack_shortlink":"https:\/\/wp.me\/p7wKYW-6FI","jetpack-related-posts":[],"_links":{"self":[{"href":"http:\/\/blogdalucianaoliveira.com.br\/blog\/wp-json\/wp\/v2\/posts\/25650","targetHints":{"allow":["GET"]}}],"collection":[{"href":"http:\/\/blogdalucianaoliveira.com.br\/blog\/wp-json\/wp\/v2\/posts"}],"about":[{"href":"http:\/\/blogdalucianaoliveira.com.br\/blog\/wp-json\/wp\/v2\/types\/post"}],"author":[{"embeddable":true,"href":"http:\/\/blogdalucianaoliveira.com.br\/blog\/wp-json\/wp\/v2\/users\/1"}],"replies":[{"embeddable":true,"href":"http:\/\/blogdalucianaoliveira.com.br\/blog\/wp-json\/wp\/v2\/comments?post=25650"}],"version-history":[{"count":1,"href":"http:\/\/blogdalucianaoliveira.com.br\/blog\/wp-json\/wp\/v2\/posts\/25650\/revisions"}],"predecessor-version":[{"id":25652,"href":"http:\/\/blogdalucianaoliveira.com.br\/blog\/wp-json\/wp\/v2\/posts\/25650\/revisions\/25652"}],"wp:attachment":[{"href":"http:\/\/blogdalucianaoliveira.com.br\/blog\/wp-json\/wp\/v2\/media?parent=25650"}],"wp:term":[{"taxonomy":"category","embeddable":true,"href":"http:\/\/blogdalucianaoliveira.com.br\/blog\/wp-json\/wp\/v2\/categories?post=25650"},{"taxonomy":"post_tag","embeddable":true,"href":"http:\/\/blogdalucianaoliveira.com.br\/blog\/wp-json\/wp\/v2\/tags?post=25650"}],"curies":[{"name":"wp","href":"https:\/\/api.w.org\/{rel}","templated":true}]}}