{"id":25661,"date":"2019-12-23T09:34:18","date_gmt":"2019-12-23T13:34:18","guid":{"rendered":"http:\/\/blogdalucianaoliveira.com.br\/blog\/?p=25661"},"modified":"2019-12-23T09:41:41","modified_gmt":"2019-12-23T13:41:41","slug":"retrospectiva-2019-ano-chega-ao-fim-com-lula-livre-e-lava-jato-em-frangalhos","status":"publish","type":"post","link":"http:\/\/blogdalucianaoliveira.com.br\/blog\/2019\/12\/23\/retrospectiva-2019-ano-chega-ao-fim-com-lula-livre-e-lava-jato-em-frangalhos\/","title":{"rendered":"Retrospectiva 2019 | Ano chega ao fim com Lula livre e Lava Jato em frangalhos"},"content":{"rendered":"\n<figure class=\"wp-block-image size-large\"><img data-recalc-dims=\"1\" loading=\"lazy\" decoding=\"async\" width=\"600\" height=\"338\" data-attachment-id=\"25662\" data-permalink=\"http:\/\/blogdalucianaoliveira.com.br\/blog\/2019\/12\/23\/retrospectiva-2019-ano-chega-ao-fim-com-lula-livre-e-lava-jato-em-frangalhos\/image-18-2\/\" data-orig-file=\"https:\/\/i0.wp.com\/blogdalucianaoliveira.com.br\/blog\/wp-content\/uploads\/2019\/12\/image-18.jpeg?fit=640%2C361\" data-orig-size=\"640,361\" data-comments-opened=\"0\" data-image-meta=\"{&quot;aperture&quot;:&quot;0&quot;,&quot;credit&quot;:&quot;&quot;,&quot;camera&quot;:&quot;&quot;,&quot;caption&quot;:&quot;&quot;,&quot;created_timestamp&quot;:&quot;0&quot;,&quot;copyright&quot;:&quot;&quot;,&quot;focal_length&quot;:&quot;0&quot;,&quot;iso&quot;:&quot;0&quot;,&quot;shutter_speed&quot;:&quot;0&quot;,&quot;title&quot;:&quot;&quot;,&quot;orientation&quot;:&quot;0&quot;}\" data-image-title=\"image-18\" data-image-description=\"\" data-image-caption=\"\" data-medium-file=\"https:\/\/i0.wp.com\/blogdalucianaoliveira.com.br\/blog\/wp-content\/uploads\/2019\/12\/image-18.jpeg?fit=300%2C169\" data-large-file=\"https:\/\/i0.wp.com\/blogdalucianaoliveira.com.br\/blog\/wp-content\/uploads\/2019\/12\/image-18.jpeg?fit=600%2C338\" src=\"https:\/\/i0.wp.com\/blogdalucianaoliveira.com.br\/blog\/wp-content\/uploads\/2019\/12\/image-18.jpeg?resize=600%2C338\" alt=\"\" class=\"wp-image-25662\" srcset=\"https:\/\/i0.wp.com\/blogdalucianaoliveira.com.br\/blog\/wp-content\/uploads\/2019\/12\/image-18.jpeg?w=640 640w, https:\/\/i0.wp.com\/blogdalucianaoliveira.com.br\/blog\/wp-content\/uploads\/2019\/12\/image-18.jpeg?resize=300%2C169 300w, https:\/\/i0.wp.com\/blogdalucianaoliveira.com.br\/blog\/wp-content\/uploads\/2019\/12\/image-18.jpeg?resize=532%2C300 532w\" sizes=\"auto, (max-width: 600px) 100vw, 600px\" \/><\/figure>\n\n\n\n<h4 class=\"wp-block-heading\">S\u00e9rie de reportagens \u201cVaza Jato\u201d desmoralizou a opera\u00e7\u00e3o; popularidade de Moro caiu, mas \u00e9 maior que a de Bolsonaro<\/h4>\n\n\n\n<!--more-->\n\n\n\n<p>Reda\u00e7\u00e3o<\/p>\n\n\n\n<p>Brasil de Fato<\/p>\n\n\n\n<p>O Poder Judici\u00e1rio foi mais uma vez protagonista no jogo de xadrez da pol\u00edtica brasileira em 2019. O ano, que come\u00e7ou com o ex-presidente Luiz In\u00e1cio Lula da Silva (PT) preso em Curitiba (PR) e com a posse de Sergio Moro como ministro da Justi\u00e7a de Jair Bolsonaro, sofreu uma reviravolta a partir de 9 de junho, com a&nbsp;<a href=\"https:\/\/www.brasildefato.com.br\/2019\/06\/09\/documentos-ineditos-revelam-o-papel-politico-da-lava-jato-contra-lula-e-o-pt\/\">divulga\u00e7\u00e3o de mensagens privadas de operadores da Lava Jato<\/a>.<\/p>\n\n\n\n<p>A s\u00e9rie de reportagens do&nbsp;<em>The Intercept Brasil<\/em>, apelidada de \u201cVaza Jato\u201d, mostrou as rela\u00e7\u00f5es escusas entre Moro e membros da for\u00e7a-tarefa em Curitiba (PR) e contribuiu para desmoralizar a opera\u00e7\u00e3o. Os vazamentos respingaram at\u00e9 em ministros do Supremo Tribunal Federal (STF) e nunca foram devidamente explicados pelo Judici\u00e1rio paranaense nem pelo procurador Deltan Dallagnol, chefe da for\u00e7a-tarefa.<\/p>\n\n\n\n<p>Entre as&nbsp;<a href=\"https:\/\/www.brasildefato.com.br\/2019\/07\/30\/linha-do-tempo-o-que-os-vazamentos-da-operacao-lava-jato-revelaram-ate-o-momento\/\">principais revela\u00e7\u00f5es<\/a>, ficou claro que&nbsp;<a href=\"https:\/\/www.brasildefato.com.br\/2019\/07\/14\/dallagnol-lucrou-com-palestras-e-propos-usar-nome-da-esposa-em-empresa-para-disfarcar\/\">Dallagnol queria lucrar com a fama obtida<\/a>&nbsp;como chefe da opera\u00e7\u00e3o&nbsp;e que Moro&nbsp;<a href=\"https:\/\/www.brasildefato.com.br\/2019\/07\/05\/vaza-jato-na-veja-moro-deixou-de-lado-a-imparcialidade-e-atuou-ao-lado-da-acusacao\/\">orientava ilegalmente a\u00e7\u00f5es da Lava Jato<\/a>, interferindo at\u00e9 em acordos de dela\u00e7\u00e3o.<\/p>\n\n\n\n<p>Em paralelo, os procuradores da Lava Jato no Paran\u00e1&nbsp;<a href=\"https:\/\/www.brasildefato.com.br\/2019\/03\/12\/membros-da-lava-jato-cometem-desvio-de-funcao-ao-firmar-acordo-com-os-eua-entenda\/\">tentavam fechar um acordo bilion\u00e1rio com os Estados Unidos para criar uma funda\u00e7\u00e3o privada com dinheiro p\u00fablico da Petrobras<\/a>. O \u201cdesvio de fun\u00e7\u00e3o\u201d foi barrado pelo STF.<\/p>\n\n\n\n<figure class=\"wp-block-image\"><img data-recalc-dims=\"1\" decoding=\"async\" src=\"https:\/\/i0.wp.com\/farm66.staticflickr.com\/65535\/49244518877_c73b1682f1_o.jpg?w=600&#038;ssl=1\" alt=\"\"\/><\/figure>\n\n\n\n<p>Persegui\u00e7\u00e3o<\/p>\n\n\n\n<p>A desmoraliza\u00e7\u00e3o da Lava Jato junto \u00e0 opini\u00e3o p\u00fablica, por\u00e9m, n\u00e3o come\u00e7ou com a \u201cVaza Jato\u201d. Durante o primeiro semestre, a persegui\u00e7\u00e3o a Lula foi evidenciada de diferentes formas, expondo as viola\u00e7\u00f5es que ocorrem desde o in\u00edcio da opera\u00e7\u00e3o.<\/p>\n\n\n\n<p>At\u00e9 abril, o ex-presidente esteve impedido de conceder entrevistas, apesar da previs\u00e3o legal e dos pedidos de v\u00e1rios meios de comunica\u00e7\u00e3o. Em uma de suas negativas, a ju\u00edza Carolina Lebbos, da 12\u00aa Vara Federal de Curitiba, tentou argumentar: \u201cO preso se submete a regime jur\u00eddico pr\u00f3prio, n\u00e3o sendo poss\u00edvel, por motivos inerentes ao encarceramento, assegurar-lhe direitos na amplitude daqueles exercidos pelo cidad\u00e3o em pleno gozo da sua liberdade\u201d.<\/p>\n\n\n\n<p>O argumento foi&nbsp;<a href=\"https:\/\/www.brasildefato.com.br\/2019\/04\/18\/dias-toffoli-libera-lula-para-dar-entrevista-a-veiculos-de-comunicacao\/\">derrubado pelo presidente do Supremo Tribunal Federal (STF), Dias Toffoli<\/a>, em 18 de abril. A&nbsp;<a href=\"https:\/\/www.brasildefato.com.br\/2019\/04\/26\/como-foi-a-primeira-entrevista-de-lula-apos-a-prisao-politica\/\">primeira entrevista<\/a>foi concedida aos jornalistas M\u00f4nica B\u00e9rgamo e Florestan Fernandes Jr., \u00e0&nbsp;<em>Folha de S. Paulo<\/em>&nbsp;e ao jornal&nbsp;<em>El Pa\u00eds<\/em>, oito dias depois.<\/p>\n\n\n\n<p>Outro acontecimento que manchou a imagem da Lava Jato foi o&nbsp;<a href=\"https:\/\/www.brasildefato.com.br\/2019\/02\/01\/saida-de-lula-para-o-velorio-do-irmao-nao-dependia-de-uma-decisao-judicial-entenda\/\">indeferimento do pedido de Lula para participar do vel\u00f3rio do irm\u00e3o<\/a>, Vav\u00e1. A decis\u00e3o foi t\u00e3o mal recebida pelos brasileiros que o&nbsp;<a href=\"https:\/\/www.brasildefato.com.br\/2019\/03\/02\/lula-deixa-superintendencia-da-policia-federal-para-participar-do-velorio-de-seu-neto\/\">entendimento foi modificado no falecimento de Arthur<\/a>, neto do ex-presidente. Era a primeira vez que Lula deixava a pris\u00e3o \u2013 por poucas horas.<\/p>\n\n\n\n<figure class=\"wp-block-image\"><img data-recalc-dims=\"1\" decoding=\"async\" src=\"https:\/\/i0.wp.com\/farm66.staticflickr.com\/65535\/49242530353_dfe8e79c6d_o.jpg?w=600&#038;ssl=1\" alt=\"\"\/><\/figure>\n\n\n\n<p><br><br>&#8220;Vaza Jato&#8221; mostrou que Deltan Dallagnol lucrou com a fama obtida na Lava Jato. (Foto: Ag\u00eancia Brasil)<\/p>\n\n\n\n<p>Presun\u00e7\u00e3o de inoc\u00eancia<\/p>\n\n\n\n<p>Em todos esses casos, houve resist\u00eancia popular em defesa de Lula. Uma das materializa\u00e7\u00f5es desse sentimento era a Vig\u00edlia Lula Livre,&nbsp;<a href=\"https:\/\/www.brasildefato.com.br\/2019\/08\/20\/lula-em-carta-e-agradece-vigilia-lula-livre-no-ato-dos-500-dias-de-resistencia\/\">montada em frente \u00e0 Superintend\u00eancia da Pol\u00edcia Federal (PF) em Curitiba durante os 580 dias em que o ex-presidente esteve preso<\/a>. No espa\u00e7o, foram realizados atos pol\u00edticos, atividades de forma\u00e7\u00e3o e conversas com lideran\u00e7as pol\u00edticas nacionais e internacionais que visitaram o petista ao longo do ano.<\/p>\n\n\n\n<p>Foi na Vig\u00edlia que Lula deu o&nbsp;<a href=\"https:\/\/www.brasildefato.com.br\/2019\/11\/08\/gratidao-a-vigilia-e-planos-de-rodar-o-brasil-marcam-primeiro-discurso-de-lula-livre\/\">primeiro discurso depois de libertado<\/a>, no dia 8 de novembro. \u201cN\u00e3o podemos permitir que os milicianos acabem com o pa\u00eds que constru\u00edmos\u201d, disse no dia seguinte, em refer\u00eancia ao governo Bolsonaro. Ele tamb\u00e9m reafirmou, diante de milhares de apoiadores em S\u00e3o Bernardo do Campo (STF), sua disposi\u00e7\u00e3o em lutar por justi\u00e7a.<\/p>\n\n\n\n<p>A soltura foi resultado de uma decis\u00e3o do STF que garantiu o respeito ao princ\u00edpio constitucional da presun\u00e7\u00e3o de inoc\u00eancia e reafirmou a proibi\u00e7\u00e3o da pris\u00e3o autom\u00e1tica ap\u00f3s condena\u00e7\u00e3o em segunda inst\u00e2ncia.<\/p>\n\n\n\n<p>Desenlaces<\/p>\n\n\n\n<p>Nas \u00faltimas semanas de 2019, a s\u00e9rie \u201cVaza Jato\u201d parece ter chegado ao fim, mas a persegui\u00e7\u00e3o a Lula, n\u00e3o. O ex-presidente foi condenado em segunda inst\u00e2ncia no caso \u201cs\u00edtio de Atibaia\u201d. O Tribunal Regional Federal da 4\u00aa Regi\u00e3o (TRF-4)&nbsp;<a href=\"https:\/\/www.brasildefato.com.br\/2019\/11\/27\/trf-4-julga-apelacao-de-lula-que-pode-anular-sentenca-no-caso-do-sitio-de-atibaia\/\">ignorou o \u201ccopia e cola\u201d da ju\u00edza Gabriela Hardt, de Curitiba, e aumentou a pena para 17 anos<\/a>.<\/p>\n\n\n\n<p>Os percal\u00e7os vividos pela Lava Jato ao longo do ano afetaram a popularidade de Sergio Moro. De abril a dezembro, segundo o instituto Datafolha, o n\u00famero de brasileiros que consideram o ex-juiz \u201c\u00f3timo ou bom\u201d caiu dez pontos percentuais \u2013 de 63% para 53%. Ainda assim, o ministro da Justi\u00e7a&nbsp;<a href=\"https:\/\/www.brasildefato.com.br\/2019\/12\/12\/aprovado-no-senado-pacote-anticrime-segue-para-bolsonaro-conheca-as-medidas\/\">conseguiu aprovar parte de seu pacote \u201canticrime\u201d no Congresso Nacional<\/a>&nbsp;e continua mais popular que o presidente da Rep\u00fablica, Jair Bolsonaro.<\/p>\n\n\n\n<p>Diante do avan\u00e7o conservador que persiste em \u00e2mbito federal, a liberdade de Lula \u00e9 vista como um trunfo para os movimentos populares em 2020, ano de elei\u00e7\u00f5es municipais.&nbsp;<a href=\"https:\/\/www.brasildefato.com.br\/2019\/11\/09\/lula-livre-altera-correlacao-de-forcas-para-a-esquerda-avalia-cientista-politico\/\">\u201cLula livre altera correla\u00e7\u00e3o de for\u00e7as para a esquerda\u201d, avalia&nbsp;o cientista pol\u00edtico Armando Boito<\/a>, da Universidade Estadual de Campinas (Unicamp). Por\u00e9m, a persegui\u00e7\u00e3o continua, e h\u00e1 uma s\u00e9rie de processos a que ele ter\u00e1 que responder no ano que vem.<\/p>\n\n\n\n<p>Ainda assim, o ex-presidente promete se somar \u00e0 resist\u00eancia ao governo Bolsonaro.&nbsp;<a href=\"https:\/\/www.brasildefato.com.br\/2019\/10\/24\/precisamos-recuperar-o-espirito-rebelde-do-povo-diz-lula-ao-bdf-leia-na-integra\/\">Em entrevista ao&nbsp;<strong>Brasil de Fato<\/strong>, uma das \u00faltimas antes de ganhar a liberdade<\/a>, ele declarou: &#8220;Estou vendo, de um lado o Bolsonaro falando as bobagens dele, de outro lado o [Paulo] Guedes vendendo o Brasil. E n\u00f3s estamos com uma luta economicista sem fim, quando eu acho que a luta agora \u00e9 eminentemente pol\u00edtica. Eles n\u00e3o t\u00eam o direito de vender o Brasil. Essas coisas que n\u00e3o podem continuar acontecendo. Precisamos recuperar o esp\u00edrito rebelde do povo brasileiro&#8221;. Reveja:<\/p>\n\n\n\n<figure><iframe loading=\"lazy\" allowfullscreen=\"\" height=\"315\" src=\"https:\/\/www.youtube.com\/embed\/9wr13h_egI8\" width=\"560\"><\/iframe><\/figure>\n\n\n\n<p><em>Esta \u00e9 a primeira mat\u00e9ria tem\u00e1tica da s\u00e9rie Retrospectiva 2019 do&nbsp;<strong>Brasil de Fato<\/strong>. Acompanhe, at\u00e9 31 de dezembro, a publica\u00e7\u00e3o de novas reportagens sobre os principais acontecimentos do ano.<\/em><\/p>\n\n\n\n<p>Edi\u00e7\u00e3o: Vivian Fernandes<\/p>\n\n\n\n<p><\/p>\n","protected":false},"excerpt":{"rendered":"<p>S\u00e9rie de reportagens \u201cVaza Jato\u201d desmoralizou a opera\u00e7\u00e3o; popularidade de Moro caiu, mas \u00e9 maior que a de Bolsonaro<\/p>\n","protected":false},"author":1,"featured_media":0,"comment_status":"closed","ping_status":"open","sticky":false,"template":"","format":"standard","meta":{"_exactmetrics_skip_tracking":false,"_exactmetrics_sitenote_active":false,"_exactmetrics_sitenote_note":"","_exactmetrics_sitenote_category":0,"jetpack_post_was_ever_published":false,"_jetpack_newsletter_access":"","_jetpack_dont_email_post_to_subs":false,"_jetpack_newsletter_tier_id":0,"_jetpack_memberships_contains_paywalled_content":false,"_jetpack_memberships_contains_paid_content":false,"footnotes":"","jetpack_publicize_message":"","jetpack_publicize_feature_enabled":true,"jetpack_social_post_already_shared":true,"jetpack_social_options":{"image_generator_settings":{"template":"highway","enabled":false},"version":2}},"categories":[1],"tags":[],"class_list":["post-25661","post","type-post","status-publish","format-standard","hentry","category-notas"],"jetpack_publicize_connections":[],"jetpack_sharing_enabled":true,"jetpack_featured_media_url":"","jetpack_shortlink":"https:\/\/wp.me\/p7wKYW-6FT","jetpack-related-posts":[],"_links":{"self":[{"href":"http:\/\/blogdalucianaoliveira.com.br\/blog\/wp-json\/wp\/v2\/posts\/25661","targetHints":{"allow":["GET"]}}],"collection":[{"href":"http:\/\/blogdalucianaoliveira.com.br\/blog\/wp-json\/wp\/v2\/posts"}],"about":[{"href":"http:\/\/blogdalucianaoliveira.com.br\/blog\/wp-json\/wp\/v2\/types\/post"}],"author":[{"embeddable":true,"href":"http:\/\/blogdalucianaoliveira.com.br\/blog\/wp-json\/wp\/v2\/users\/1"}],"replies":[{"embeddable":true,"href":"http:\/\/blogdalucianaoliveira.com.br\/blog\/wp-json\/wp\/v2\/comments?post=25661"}],"version-history":[{"count":1,"href":"http:\/\/blogdalucianaoliveira.com.br\/blog\/wp-json\/wp\/v2\/posts\/25661\/revisions"}],"predecessor-version":[{"id":25663,"href":"http:\/\/blogdalucianaoliveira.com.br\/blog\/wp-json\/wp\/v2\/posts\/25661\/revisions\/25663"}],"wp:attachment":[{"href":"http:\/\/blogdalucianaoliveira.com.br\/blog\/wp-json\/wp\/v2\/media?parent=25661"}],"wp:term":[{"taxonomy":"category","embeddable":true,"href":"http:\/\/blogdalucianaoliveira.com.br\/blog\/wp-json\/wp\/v2\/categories?post=25661"},{"taxonomy":"post_tag","embeddable":true,"href":"http:\/\/blogdalucianaoliveira.com.br\/blog\/wp-json\/wp\/v2\/tags?post=25661"}],"curies":[{"name":"wp","href":"https:\/\/api.w.org\/{rel}","templated":true}]}}