{"id":25664,"date":"2019-12-23T09:43:47","date_gmt":"2019-12-23T13:43:47","guid":{"rendered":"http:\/\/blogdalucianaoliveira.com.br\/blog\/?p=25664"},"modified":"2019-12-23T09:43:54","modified_gmt":"2019-12-23T13:43:54","slug":"subprocurador-da-republica-detona-nunca-vi-um-presidente-da-funai-que-nao-gosta-de-indio","status":"publish","type":"post","link":"http:\/\/blogdalucianaoliveira.com.br\/blog\/2019\/12\/23\/subprocurador-da-republica-detona-nunca-vi-um-presidente-da-funai-que-nao-gosta-de-indio\/","title":{"rendered":"Subprocurador da Rep\u00fablica detona: nunca vi um presidente da Funai que n\u00e3o gosta de \u00edndio"},"content":{"rendered":"\n<figure class=\"wp-block-image size-large\"><img data-recalc-dims=\"1\" loading=\"lazy\" decoding=\"async\" width=\"500\" height=\"240\" data-attachment-id=\"25665\" data-permalink=\"http:\/\/blogdalucianaoliveira.com.br\/blog\/2019\/12\/23\/subprocurador-da-republica-detona-nunca-vi-um-presidente-da-funai-que-nao-gosta-de-indio\/image-19-2\/\" data-orig-file=\"https:\/\/i0.wp.com\/blogdalucianaoliveira.com.br\/blog\/wp-content\/uploads\/2019\/12\/image-19.jpeg?fit=500%2C240\" data-orig-size=\"500,240\" data-comments-opened=\"0\" data-image-meta=\"{&quot;aperture&quot;:&quot;0&quot;,&quot;credit&quot;:&quot;&quot;,&quot;camera&quot;:&quot;&quot;,&quot;caption&quot;:&quot;&quot;,&quot;created_timestamp&quot;:&quot;0&quot;,&quot;copyright&quot;:&quot;&quot;,&quot;focal_length&quot;:&quot;0&quot;,&quot;iso&quot;:&quot;0&quot;,&quot;shutter_speed&quot;:&quot;0&quot;,&quot;title&quot;:&quot;&quot;,&quot;orientation&quot;:&quot;0&quot;}\" data-image-title=\"image-19\" data-image-description=\"\" data-image-caption=\"\" data-medium-file=\"https:\/\/i0.wp.com\/blogdalucianaoliveira.com.br\/blog\/wp-content\/uploads\/2019\/12\/image-19.jpeg?fit=300%2C144\" data-large-file=\"https:\/\/i0.wp.com\/blogdalucianaoliveira.com.br\/blog\/wp-content\/uploads\/2019\/12\/image-19.jpeg?fit=500%2C240\" src=\"https:\/\/i0.wp.com\/blogdalucianaoliveira.com.br\/blog\/wp-content\/uploads\/2019\/12\/image-19.jpeg?resize=500%2C240\" alt=\"\" class=\"wp-image-25665\" srcset=\"https:\/\/i0.wp.com\/blogdalucianaoliveira.com.br\/blog\/wp-content\/uploads\/2019\/12\/image-19.jpeg?w=500 500w, https:\/\/i0.wp.com\/blogdalucianaoliveira.com.br\/blog\/wp-content\/uploads\/2019\/12\/image-19.jpeg?resize=300%2C144 300w\" sizes=\"auto, (max-width: 500px) 100vw, 500px\" \/><\/figure>\n\n\n\n<p><strong>247 &#8211;<\/strong>\u00a0Ant\u00f4nio Carlos Bigonha, subprocurador-geral da Rep\u00fablica que est\u00e1 em seu segundo ano de mandato \u00e0 frente da 6\u00aa C\u00e2mara de Coordena\u00e7\u00e3o e Revis\u00e3o do Minist\u00e9rio P\u00fablico Federal (MPF) &#8211; que trata especificamente de popula\u00e7\u00f5es ind\u00edgenas e comunidades tradicionais -, disse em entrevista ao jornal\u00a0<a href=\"https:\/\/oglobo.globo.com\/brasil\/nunca-vi-um-presidente-da-funai-que-nao-gosta-de-indio-diz-subprocurador-da-republica-24155244\">O Globo<\/a>\u00a0publicada nesta segunda-feira (23) que est\u00e1 perplexo com a condu\u00e7\u00e3o de Marcelo Augusto Xavier da Silva no comando da Funda\u00e7\u00e3o Nacional do \u00cdndio (Funai).<\/p>\n\n\n\n<!--more-->\n\n\n\n<p>Bigonha afirma jamais ter visto, em 27 anos de PGR, uma administra\u00e7\u00e3o da autarquia como a atual. Ele diz que Xavier ignora as recomenda\u00e7\u00f5es do MPF e n\u00e3o responde aos pedidos de audi\u00eancia para tratar de decis\u00f5es que t\u00eam colocado os direitos dos \u00edndios em xeque.<\/p>\n\n\n\n<p>Leia abaixo alguns trechos da entrevista:<br><br><strong>A rela\u00e7\u00e3o entre MPF e Funai sempre foi tensa?<\/strong>&nbsp;<br>O que acontece agora \u00e9 sem precedentes. \u00c9 preciso fazer justi\u00e7a ao militares, eles sempre tiveram uma atua\u00e7\u00e3o pr\u00f3-ind\u00edgena, at\u00e9 equivocada \u00e0s vezes, mas pr\u00f3-ind\u00edgena. Eu nunca vi uma coisa dessas, sem precedente no Brasil e no mundo, um presidente de uma autarquia indigenista que n\u00e3o gosta de \u00edndio. \u00c9 a primeira vez, isso \u00e9 in\u00e9dito. N\u00e3o gosta da mat\u00e9ria ind\u00edgena, n\u00e3o gosta das pretens\u00f5es ind\u00edgenas e acha que o \u00edndio tem que ser enquadrado. Isso \u00e9 um equ\u00edvoco.<\/p>\n\n\n\n<p><strong>O senhor acredita que exista um discurso oficial do governo anti-ind\u00edgena?<\/strong><br>Discurso n\u00e3o \u00e9 contesta\u00e7\u00e3o de a\u00e7\u00e3o de improbidade administrativa. Discurso n\u00e3o \u00e9 contesta\u00e7\u00e3o de a\u00e7\u00e3o penal, discurso \u00e9 ideologia. Essa postura ideol\u00f3gica da Funai \u00e9 completamente incompat\u00edvel com o estado democr\u00e1tico de direito. Ele (presidente) tem que cumprir a Constitui\u00e7\u00e3o e a lei. Voc\u00ea n\u00e3o pode interpretar a lei para revog\u00e1-la, esse papel \u00e9 do legislador. Eu pe\u00e7o a Deus que ele tenha ju\u00edzo, que ele fa\u00e7a as coisas dentro daquilo que a lei e a Constitui\u00e7\u00e3o determinam. Porque fora desse caminho, o futuro dele \u00e9 muito incerto.<\/p>\n\n\n\n<p><strong>Os ind\u00edgenas podem ser considerados um entrave para o progresso?<\/strong><br>Muito pelo contr\u00e1rio. Os ind\u00edgenas s\u00e3o grandes fiscais, ele est\u00e3o sempre nos alertando, como se houvesse um trabalho volunt\u00e1rio important\u00edssimo tanto do ponto de vista da gest\u00e3o patrimonial, porque s\u00e3o terras da Uni\u00e3o, tomando conta do que \u00e9 nosso, quanto da fiscaliza\u00e7\u00e3o ambiental. Sem eles, estaria tudo pior.<\/p>\n","protected":false},"excerpt":{"rendered":"<p>247 &#8211;\u00a0Ant\u00f4nio Carlos Bigonha, subprocurador-geral da Rep\u00fablica que est\u00e1 em seu segundo ano de mandato \u00e0 frente da 6\u00aa C\u00e2mara de Coordena\u00e7\u00e3o e Revis\u00e3o do Minist\u00e9rio P\u00fablico Federal (MPF) &#8211; que trata especificamente de popula\u00e7\u00f5es ind\u00edgenas e comunidades tradicionais -, disse em entrevista ao jornal\u00a0O Globo\u00a0publicada nesta segunda-feira (23) que est\u00e1 perplexo com a condu\u00e7\u00e3o&#8230;<a class=\"more-link\" href=\"http:\/\/blogdalucianaoliveira.com.br\/blog\/2019\/12\/23\/subprocurador-da-republica-detona-nunca-vi-um-presidente-da-funai-que-nao-gosta-de-indio\/\">Continue a leitura <span class=\"meta-nav\">&raquo;<\/span><\/a><\/p>\n","protected":false},"author":1,"featured_media":0,"comment_status":"closed","ping_status":"open","sticky":false,"template":"","format":"standard","meta":{"_exactmetrics_skip_tracking":false,"_exactmetrics_sitenote_active":false,"_exactmetrics_sitenote_note":"","_exactmetrics_sitenote_category":0,"jetpack_post_was_ever_published":false,"_jetpack_newsletter_access":"","_jetpack_dont_email_post_to_subs":false,"_jetpack_newsletter_tier_id":0,"_jetpack_memberships_contains_paywalled_content":false,"_jetpack_memberships_contains_paid_content":false,"footnotes":"","jetpack_publicize_message":"","jetpack_publicize_feature_enabled":true,"jetpack_social_post_already_shared":true,"jetpack_social_options":{"image_generator_settings":{"template":"highway","enabled":false},"version":2}},"categories":[1],"tags":[],"class_list":["post-25664","post","type-post","status-publish","format-standard","hentry","category-notas"],"jetpack_publicize_connections":[],"jetpack_sharing_enabled":true,"jetpack_featured_media_url":"","jetpack_shortlink":"https:\/\/wp.me\/p7wKYW-6FW","jetpack-related-posts":[],"_links":{"self":[{"href":"http:\/\/blogdalucianaoliveira.com.br\/blog\/wp-json\/wp\/v2\/posts\/25664","targetHints":{"allow":["GET"]}}],"collection":[{"href":"http:\/\/blogdalucianaoliveira.com.br\/blog\/wp-json\/wp\/v2\/posts"}],"about":[{"href":"http:\/\/blogdalucianaoliveira.com.br\/blog\/wp-json\/wp\/v2\/types\/post"}],"author":[{"embeddable":true,"href":"http:\/\/blogdalucianaoliveira.com.br\/blog\/wp-json\/wp\/v2\/users\/1"}],"replies":[{"embeddable":true,"href":"http:\/\/blogdalucianaoliveira.com.br\/blog\/wp-json\/wp\/v2\/comments?post=25664"}],"version-history":[{"count":1,"href":"http:\/\/blogdalucianaoliveira.com.br\/blog\/wp-json\/wp\/v2\/posts\/25664\/revisions"}],"predecessor-version":[{"id":25666,"href":"http:\/\/blogdalucianaoliveira.com.br\/blog\/wp-json\/wp\/v2\/posts\/25664\/revisions\/25666"}],"wp:attachment":[{"href":"http:\/\/blogdalucianaoliveira.com.br\/blog\/wp-json\/wp\/v2\/media?parent=25664"}],"wp:term":[{"taxonomy":"category","embeddable":true,"href":"http:\/\/blogdalucianaoliveira.com.br\/blog\/wp-json\/wp\/v2\/categories?post=25664"},{"taxonomy":"post_tag","embeddable":true,"href":"http:\/\/blogdalucianaoliveira.com.br\/blog\/wp-json\/wp\/v2\/tags?post=25664"}],"curies":[{"name":"wp","href":"https:\/\/api.w.org\/{rel}","templated":true}]}}