{"id":25671,"date":"2019-12-23T16:19:42","date_gmt":"2019-12-23T20:19:42","guid":{"rendered":"http:\/\/blogdalucianaoliveira.com.br\/blog\/?p=25671"},"modified":"2019-12-23T16:19:52","modified_gmt":"2019-12-23T20:19:52","slug":"sucessor-de-evo-lidera-pesquisas-na-bolivia","status":"publish","type":"post","link":"http:\/\/blogdalucianaoliveira.com.br\/blog\/2019\/12\/23\/sucessor-de-evo-lidera-pesquisas-na-bolivia\/","title":{"rendered":"Sucessor de Evo lidera pesquisas na Bol\u00edvia"},"content":{"rendered":"\n<figure class=\"wp-block-image size-large\"><img data-recalc-dims=\"1\" loading=\"lazy\" decoding=\"async\" width=\"600\" height=\"313\" data-attachment-id=\"25672\" data-permalink=\"http:\/\/blogdalucianaoliveira.com.br\/blog\/2019\/12\/23\/sucessor-de-evo-lidera-pesquisas-na-bolivia\/d2b3a350-74a0-4c74-8dd4-e320af511fed\/\" data-orig-file=\"https:\/\/i0.wp.com\/blogdalucianaoliveira.com.br\/blog\/wp-content\/uploads\/2019\/12\/D2B3A350-74A0-4C74-8DD4-E320AF511FED.jpeg?fit=768%2C401\" data-orig-size=\"768,401\" data-comments-opened=\"0\" data-image-meta=\"{&quot;aperture&quot;:&quot;0&quot;,&quot;credit&quot;:&quot;&quot;,&quot;camera&quot;:&quot;&quot;,&quot;caption&quot;:&quot;&quot;,&quot;created_timestamp&quot;:&quot;0&quot;,&quot;copyright&quot;:&quot;&quot;,&quot;focal_length&quot;:&quot;0&quot;,&quot;iso&quot;:&quot;0&quot;,&quot;shutter_speed&quot;:&quot;0&quot;,&quot;title&quot;:&quot;&quot;,&quot;orientation&quot;:&quot;0&quot;}\" data-image-title=\"D2B3A350-74A0-4C74-8DD4-E320AF511FED\" data-image-description=\"\" data-image-caption=\"\" data-medium-file=\"https:\/\/i0.wp.com\/blogdalucianaoliveira.com.br\/blog\/wp-content\/uploads\/2019\/12\/D2B3A350-74A0-4C74-8DD4-E320AF511FED.jpeg?fit=300%2C157\" data-large-file=\"https:\/\/i0.wp.com\/blogdalucianaoliveira.com.br\/blog\/wp-content\/uploads\/2019\/12\/D2B3A350-74A0-4C74-8DD4-E320AF511FED.jpeg?fit=600%2C313\" src=\"https:\/\/i0.wp.com\/blogdalucianaoliveira.com.br\/blog\/wp-content\/uploads\/2019\/12\/D2B3A350-74A0-4C74-8DD4-E320AF511FED.jpeg?resize=600%2C313\" alt=\"\" class=\"wp-image-25672\" srcset=\"https:\/\/i0.wp.com\/blogdalucianaoliveira.com.br\/blog\/wp-content\/uploads\/2019\/12\/D2B3A350-74A0-4C74-8DD4-E320AF511FED.jpeg?w=768 768w, https:\/\/i0.wp.com\/blogdalucianaoliveira.com.br\/blog\/wp-content\/uploads\/2019\/12\/D2B3A350-74A0-4C74-8DD4-E320AF511FED.jpeg?resize=300%2C157 300w, https:\/\/i0.wp.com\/blogdalucianaoliveira.com.br\/blog\/wp-content\/uploads\/2019\/12\/D2B3A350-74A0-4C74-8DD4-E320AF511FED.jpeg?resize=575%2C300 575w\" sizes=\"auto, (max-width: 600px) 100vw, 600px\" \/><\/figure>\n\n\n\n<p>Rodr\u00edguez cresceu sete pontos percentuais em um m\u00eas,<\/p>\n\n\n\n<!--more-->\n\n\n\n<p><br><strong><a rel=\"noreferrer noopener\" href=\"https:\/\/www.brasildefato.com.br\/2019\/12\/23\/sucessor-de-evo-sindicalista-de-30-anos-lidera-pesquisas-eleitorais-na-bolivia\/\" target=\"_blank\">Via Brasil de Fato<\/a>\u00a0&#8211;<\/strong>\u00a0Vice-presidente das seis Federa\u00e7\u00f5es de\u00a0Cocaleiros\u00a0do Tr\u00f3pico de\u00a0Cochabamba, Andr\u00f3nico Rodr\u00edguez lidera as pesquisas eleitorais na Bol\u00edvia, um m\u00eas e meio ap\u00f3s o\u00a0golpe que levou \u00e0 ren\u00fancia de Evo Morales, do Movimento ao Socialismo (MAS). Aos 30 anos de idade, Rodr\u00edguez \u00e9\u00a0considerado o sucessor de Morales entre os cocaleiros da regi\u00e3o central do pa\u00eds\u00a0e pertence ao mesmo partido do ex-presidente.<\/p>\n\n\n\n<p>A data da pr\u00f3xima elei\u00e7\u00e3o n\u00e3o est\u00e1 definida. H\u00e1 dois cen\u00e1rios poss\u00edveis: mar\u00e7o de 2020 ou 6 de agosto, Dia da P\u00e1tria \u2013 antiga data das posses na Bol\u00edvia.<\/p>\n\n\n\n<p><strong>O favorito<\/strong><\/p>\n\n\n\n<p>Apoiado por Morales, Andr\u00f3nico&nbsp;tem forma\u00e7\u00e3o em Ci\u00eancia Pol\u00edtica e \u00e9 uma das refer\u00eancias dos movimentos populares que protestam contra&nbsp;o governo de facto da presidenta autoproclamada&nbsp;Jeanine&nbsp;A\u00f1ez. Desde que ela assumiu o pa\u00eds, houve&nbsp;ao menos&nbsp;de 25&nbsp;assassinatos de opositores.<\/p>\n\n\n\n<p>Segundo a pesquisa do instituto&nbsp;<em>Mercados y Muestras<\/em>&nbsp;divulgada no \u00faltimo domingo (22), o dirigente cocaleiro aparece com 23% das inten\u00e7\u00f5es de voto para presidente, dois pontos percentuais \u00e0 frente de Carlos Mesa, da Comunidade Cidad\u00e3 (CC), que disputou as \u00faltimas elei\u00e7\u00f5es contra Morales.<\/p>\n\n\n\n<p>O empres\u00e1rio Luis Fernando Camacho, representante da&nbsp;extrema-direita, que liderou o movimento golpista na regi\u00e3o de Santa Cruz de La Sierra, tem 16%.<\/p>\n\n\n\n<p>O MAS&nbsp;concordou com a disputa de novas elei\u00e7\u00f5es mesmo ap\u00f3s a vit\u00f3ria de Morales em primeiro turno, em outubro. Desde o an\u00fancio dos resultados, o pa\u00eds foi tomado por manifestantes que alegam ter havido fraude na apura\u00e7\u00e3o dos votos. A Organiza\u00e7\u00e3o dos Estados Americanos (OEA) realizou uma auditoria e disse que havia irregularidades, mas at\u00e9 hoje n\u00e3o explicou em que consistia a suposta fraude e qual seria o resultado correto das elei\u00e7\u00f5es.<\/p>\n\n\n\n<p>O ex-presidente Morales est\u00e1 exilado na Argentina, onde tem denunciado a viol\u00eancia e o car\u00e1ter racista do golpe que levou \u00e0 posse de \u00c1\u00f1ez. Ele e v\u00e1rios ministros renunciaram a seus cargos ap\u00f3s terem as casas incendiadas e&nbsp;familiares amea\u00e7ados de morte.<\/p>\n\n\n\n<p>O candidato do MAS para as pr\u00f3ximas elei\u00e7\u00f5es ainda n\u00e3o foi confirmado oficialmente. Andr\u00f3nico \u00e9 o favorito para assumir o posto, n\u00e3o s\u00f3 por liderar as pesquisas, mas por ter crescido sete pontos percentuais em menos de um m\u00eas.<\/p>\n","protected":false},"excerpt":{"rendered":"<p>Rodr\u00edguez cresceu sete pontos percentuais em um m\u00eas,<\/p>\n","protected":false},"author":1,"featured_media":0,"comment_status":"closed","ping_status":"open","sticky":false,"template":"","format":"standard","meta":{"_exactmetrics_skip_tracking":false,"_exactmetrics_sitenote_active":false,"_exactmetrics_sitenote_note":"","_exactmetrics_sitenote_category":0,"jetpack_post_was_ever_published":false,"_jetpack_newsletter_access":"","_jetpack_dont_email_post_to_subs":false,"_jetpack_newsletter_tier_id":0,"_jetpack_memberships_contains_paywalled_content":false,"_jetpack_memberships_contains_paid_content":false,"footnotes":"","jetpack_publicize_message":"","jetpack_publicize_feature_enabled":true,"jetpack_social_post_already_shared":true,"jetpack_social_options":{"image_generator_settings":{"template":"highway","enabled":false},"version":2}},"categories":[1],"tags":[],"class_list":["post-25671","post","type-post","status-publish","format-standard","hentry","category-notas"],"jetpack_publicize_connections":[],"jetpack_sharing_enabled":true,"jetpack_featured_media_url":"","jetpack_shortlink":"https:\/\/wp.me\/p7wKYW-6G3","jetpack-related-posts":[],"_links":{"self":[{"href":"http:\/\/blogdalucianaoliveira.com.br\/blog\/wp-json\/wp\/v2\/posts\/25671","targetHints":{"allow":["GET"]}}],"collection":[{"href":"http:\/\/blogdalucianaoliveira.com.br\/blog\/wp-json\/wp\/v2\/posts"}],"about":[{"href":"http:\/\/blogdalucianaoliveira.com.br\/blog\/wp-json\/wp\/v2\/types\/post"}],"author":[{"embeddable":true,"href":"http:\/\/blogdalucianaoliveira.com.br\/blog\/wp-json\/wp\/v2\/users\/1"}],"replies":[{"embeddable":true,"href":"http:\/\/blogdalucianaoliveira.com.br\/blog\/wp-json\/wp\/v2\/comments?post=25671"}],"version-history":[{"count":1,"href":"http:\/\/blogdalucianaoliveira.com.br\/blog\/wp-json\/wp\/v2\/posts\/25671\/revisions"}],"predecessor-version":[{"id":25673,"href":"http:\/\/blogdalucianaoliveira.com.br\/blog\/wp-json\/wp\/v2\/posts\/25671\/revisions\/25673"}],"wp:attachment":[{"href":"http:\/\/blogdalucianaoliveira.com.br\/blog\/wp-json\/wp\/v2\/media?parent=25671"}],"wp:term":[{"taxonomy":"category","embeddable":true,"href":"http:\/\/blogdalucianaoliveira.com.br\/blog\/wp-json\/wp\/v2\/categories?post=25671"},{"taxonomy":"post_tag","embeddable":true,"href":"http:\/\/blogdalucianaoliveira.com.br\/blog\/wp-json\/wp\/v2\/tags?post=25671"}],"curies":[{"name":"wp","href":"https:\/\/api.w.org\/{rel}","templated":true}]}}