{"id":25677,"date":"2019-12-24T10:13:40","date_gmt":"2019-12-24T14:13:40","guid":{"rendered":"http:\/\/blogdalucianaoliveira.com.br\/blog\/?p=25677"},"modified":"2019-12-24T10:13:50","modified_gmt":"2019-12-24T14:13:50","slug":"para-evitar-brigas-51-desistiram-de-comentario-de-politica-no-whatsapp-diz-datafolha","status":"publish","type":"post","link":"http:\/\/blogdalucianaoliveira.com.br\/blog\/2019\/12\/24\/para-evitar-brigas-51-desistiram-de-comentario-de-politica-no-whatsapp-diz-datafolha\/","title":{"rendered":"Para evitar brigas, 51% desistiram de coment\u00e1rio de pol\u00edtica no WhatsApp, diz Datafolha"},"content":{"rendered":"\n<figure class=\"wp-block-image\"><img data-recalc-dims=\"1\" decoding=\"async\" src=\"https:\/\/i0.wp.com\/f.i.uol.com.br\/fotografia\/2019\/12\/06\/15756452565dea7048093e9_1575645256_3x2_rt.jpg?w=600&#038;ssl=1\" alt=\"Resultado de imagem para Para evitar brigas, 51% desistiram de coment\u00e1rio de pol\u00edtica no WhatsApp, diz Datafolha\"\/><\/figure>\n\n\n\n<h4 class=\"wp-block-heading\">Pesquisa aponta que 1 em cada 5 pessoas deixou de seguir ou bloqueou perfil de amigo, familiar ou empresa por discordar de posi\u00e7\u00f5es pol\u00edticas<\/h4>\n\n\n\n<!--more-->\n\n\n\n<p><strong><a href=\"https:\/\/www1.folha.uol.com.br\/autores\/flavia-faria.shtml\">Fl\u00e1via Faria<\/a><\/strong>, na Folha de S\u00e3o Paulo<\/p>\n\n\n\n<p>O ano de 2019 n\u00e3o foi f\u00e1cil para&nbsp;<a href=\"https:\/\/www1.folha.uol.com.br\/poder\/2019\/11\/veja-dicas-sobre-como-lidar-com-a-discordancia-politica-entre-amigos-e-familiares.shtml\">falar de pol\u00edtica nos grupos de WhatsApp<\/a>.<\/p>\n\n\n\n<p>Segundo o Datafolha, 51% dos brasileiros que usam a rede social desistiram de fazer um coment\u00e1rio ou compartilhar algum conte\u00fado sobre pol\u00edtica para&nbsp;<a href=\"https:\/\/www1.folha.uol.com.br\/poder\/2019\/12\/contra-climao-no-natal-projeto-indica-como-falar-de-politica-sem-brigar.shtml\">evitar brigas com a fam\u00edlia ou com os amigos<\/a>.<\/p>\n\n\n\n<p>Em tempos de polariza\u00e7\u00e3o, a autocensura \u00e9 maior entre funcion\u00e1rios p\u00fablicos (61%) e pessoas com ensino superior (59%). As donas de casa, por sua vez, se importam menos: 60% n\u00e3o deixaram de falar por medo de desentendimentos.<\/p>\n\n\n\n<p>No geral, uma em cada quatro (27%) pessoas saiu de algum grupo para n\u00e3o discutir, e 19% deixaram de seguir ou bloquearam o perfil de um amigo, familiar ou mesmo de uma empresa por&nbsp;<a href=\"https:\/\/www1.folha.uol.com.br\/poder\/2019\/12\/tire-suas-duvidas-e-se-prepare-para-discussoes-politicas-na-ceia-de-natal.shtml\">discordar de suas posi\u00e7\u00f5es pol\u00edticas<\/a>.<\/p>\n\n\n\n<figure><iframe loading=\"lazy\" src=\"https:\/\/arte.folha.uol.com.br\/graficos\/eJHvT\/?initialWidth=903&amp;childId=infographic-1&amp;parentTitle=Para%20evitar%20brigas%2C%2051%25%20desistiram%20de%20coment%C3%A1rio%20de%20pol%C3%ADtica%20no%20WhatsApp%2C%20diz%20Datafolha%20-%2024%2F12%2F2019%20-%20Poder%20-%20Folha&amp;parentUrl=https%3A%2F%2Fwww1.folha.uol.com.br%2Fpoder%2F2019%2F12%2Fpara-evitar-brigas-51-desistiram-de-comentario-de-politica-no-whatsapp-diz-datafolha.shtml\" width=\"100%\" height=\"657px\"><\/iframe><\/figure>\n\n\n\n<figure><iframe loading=\"lazy\" src=\"https:\/\/arte.folha.uol.com.br\/graficos\/CnqEd\/?initialWidth=903&amp;childId=infographic-2&amp;parentTitle=Para%20evitar%20brigas%2C%2051%25%20desistiram%20de%20coment%C3%A1rio%20de%20pol%C3%ADtica%20no%20WhatsApp%2C%20diz%20Datafolha%20-%2024%2F12%2F2019%20-%20Poder%20-%20Folha&amp;parentUrl=https%3A%2F%2Fwww1.folha.uol.com.br%2Fpoder%2F2019%2F12%2Fpara-evitar-brigas-51-desistiram-de-comentario-de-politica-no-whatsapp-diz-datafolha.shtml\" width=\"100%\" height=\"470px\"><\/iframe><\/figure>\n\n\n\n<p>O Datafolha entrevistou 2.948 pessoas nos \u00faltimos dias 5 e 6, em 176 cidades de todo o pa\u00eds. A margem de erro \u00e9 de dois pontos percentuais, para mais ou para menos. As respostas citadas acima se referem a comportamentos adotados nos \u00faltimos 12 meses, ou seja, de dezembro de 2018 a dezembro de 2019, entre quem tem conta em redes sociais.<\/p>\n\n\n\n<figure><iframe loading=\"lazy\" src=\"https:\/\/s.dynad.net\/stack\/928W5r5IndTfocT3VdUV-AB8UVlc0JbnGWyFZsei5gU.html\" width=\"100%\" height=\"0\"><\/iframe><\/figure>\n\n\n\n<p>Quanto \u00e0 fun\u00e7\u00e3o das redes sociais, 77% do total de entrevistados acreditam que elas ajudam a dar voz a grupos normalmente preteridos pela sociedade. Essa percep\u00e7\u00e3o \u00e9 maior entre os mais ricos (80% entre quem ganha mais de dez sal\u00e1rios m\u00ednimos), os mais jovens (86% entre quem tem de 16 a 24 anos) e os que&nbsp;t\u00eam ensino superior (90%).<\/p>\n\n\n\n<p>Outros grupos s\u00e3o um pouco menos otimistas: o percentual cai para 64% entre quem s\u00f3 cursou o ensino fundamental e para 62% entre os&nbsp;que t\u00eam 60 anos ou mais.<\/p>\n\n\n\n<p>Para metade dos brasileiros, as novas m\u00eddias t\u00eam papel relevante no cen\u00e1rio pol\u00edtico: 54% acham que s\u00e3o importantes meios para fazer com que os pol\u00edticos estejam atentos \u00e0s discuss\u00f5es sociais, e 48% acreditam que s\u00e3o importantes para criar movimentos que podem agir diretamente na sociedade.<\/p>\n\n\n\n<p>Para 43%, elas ajudam a influenciar a decis\u00e3o de pol\u00edticos. Esse \u00edndice sobre para 53% entre quem tem o PSL como partido de prefer\u00eancia.<\/p>\n\n\n\n<p>A legenda pela qual o presidente Jair Bolsonaro foi eleito \u00e9 c\u00e9lebre pela atua\u00e7\u00e3o de seus membros nas redes. Na C\u00e2mara, deputados do PSL ficaram conhecidos como \u201cbancada da selfie\u201d por fazerem v\u00eddeos para seus seguidores durante as vota\u00e7\u00f5es.<\/p>\n\n\n\n<p>H\u00e1 alguns meses, a sigla vive um racha interno: de um lado, aliados ao presidente do PSL, Luciano Bivar (deputado por Pernambuco), e, de outro, apoiadores de Bolsonaro, que&nbsp;<a href=\"https:\/\/www1.folha.uol.com.br\/poder\/2019\/11\/bolsonaro-assina-desfiliacao-do-psl.shtml\">deixou a legenda<\/a>&nbsp;e pretende criar a&nbsp;<a href=\"https:\/\/www1.folha.uol.com.br\/poder\/2019\/12\/bolsonaro-insistira-em-acao-contra-psl-para-garantir-verba-publica-para-alianca.shtml\">Alian\u00e7a pelo Brasil<\/a>.<\/p>\n\n\n\n<p>Nesse cen\u00e1rio, figuras como os deputados&nbsp;<a href=\"https:\/\/www1.folha.uol.com.br\/poder\/2019\/12\/com-bolsonaristas-de-volta-eduardo-desbanca-joice-e-volta-a-lideranca-do-psl.shtml\">Eduardo Bolsonaro<\/a>&nbsp;e&nbsp;<a href=\"https:\/\/www1.folha.uol.com.br\/poder\/2019\/12\/nao-da-para-filho-do-presidente-criar-crises-de-forma-sucessiva-diz-joice.shtml\">Joice Hasselmann<\/a>, ambos eleitos por S\u00e3o Paulo, protagonizaram trocas de insultos no Twitter e no Facebook.<\/p>\n\n\n\n<p>Para 69% dos brasileiros, as redes distraem as pessoas daquilo que realmente importa.<\/p>\n\n\n\n<p>Outros 59% dizem que elas n\u00e3o s\u00e3o boas fontes de not\u00edcia: acham que servem mais para divulgar not\u00edcias falsas do que para informar. Essa opini\u00e3o \u00e9 mais frequente entre quem votou no petista Fernando Haddad (62%) ou branco\/nulo (64%) do que entre quem votou em Bolsonaro (57%) no segundo turno de 2018.<\/p>\n\n\n\n<figure><iframe loading=\"lazy\" src=\"https:\/\/arte.folha.uol.com.br\/graficos\/YVFql\/?initialWidth=903&amp;childId=infographic-3&amp;parentTitle=Para%20evitar%20brigas%2C%2051%25%20desistiram%20de%20coment%C3%A1rio%20de%20pol%C3%ADtica%20no%20WhatsApp%2C%20diz%20Datafolha%20-%2024%2F12%2F2019%20-%20Poder%20-%20Folha&amp;parentUrl=https%3A%2F%2Fwww1.folha.uol.com.br%2Fpoder%2F2019%2F12%2Fpara-evitar-brigas-51-desistiram-de-comentario-de-politica-no-whatsapp-diz-datafolha.shtml\" width=\"100%\" height=\"470px\"><\/iframe><\/figure>\n\n\n\n<h3 class=\"wp-block-heading\">18% DIZEM SEGUIR BOLSONARO NAS REDES SOCIAIS<\/h3>\n\n\n\n<p>Dezoito por cento dos entrevistados afirmaram que seguem a conta do presidente Jair Bolsonaro em alguma rede social. O percentual cresce para 27% entre quem tem prefer\u00eancia pelo PSL e para 31% entre quem ganha mais de dez sal\u00e1rios m\u00ednimos.&nbsp;<\/p>\n\n\n\n<p>Esse \u00e9 tamb\u00e9m o perfil de quem mais aprova o governo. A gest\u00e3o \u00e9 avaliada como \u00f3tima ou boa por 30%, mas o \u00edndice ultrapassa os 40% nos setores citados.<\/p>\n\n\n\n<p>Bolsonaro \u00e9 mais popular no Facebook, onde tem mais de 11 milh\u00f5es de seguidores. \u00c9 nessa rede que o presidente faz suas lives semanais, sempre \u00e0s quintas-feiras.<\/p>\n\n\n\n<p>Em 2019, de acordo com levantamento feito pela&nbsp;<strong>Folha<\/strong>, foram 12 horas e 30 minutos de transmiss\u00f5es, que t\u00eam dura\u00e7\u00e3o pr\u00f3xima a 20 minutos cada.&nbsp;<\/p>\n\n\n\n<p>No Instagram, Bolsonaro tem 14,6 milh\u00f5es de seguidores e, no Twitter, &nbsp;5,6 milh\u00f5es. &nbsp;<\/p>\n\n\n\n<p>De acordo com o Datafolha, a rede social mais popular no pa\u00eds \u00e9 o WhatsApp, onde 71% t\u00eam conta. Em seguida v\u00eam Facebook (60%), Instagram (42%) e Twitter (14%).<\/p>\n\n\n\n<figure><iframe loading=\"lazy\" src=\"https:\/\/arte.folha.uol.com.br\/graficos\/Z5ot8\/?initialWidth=903&amp;childId=infographic-4&amp;parentTitle=Para%20evitar%20brigas%2C%2051%25%20desistiram%20de%20coment%C3%A1rio%20de%20pol%C3%ADtica%20no%20WhatsApp%2C%20diz%20Datafolha%20-%2024%2F12%2F2019%20-%20Poder%20-%20Folha&amp;parentUrl=https%3A%2F%2Fwww1.folha.uol.com.br%2Fpoder%2F2019%2F12%2Fpara-evitar-brigas-51-desistiram-de-comentario-de-politica-no-whatsapp-diz-datafolha.shtml\" width=\"100%\" height=\"462px\"><\/iframe><\/figure>\n\n\n\n<h3 class=\"wp-block-heading\">COMO LIDAR COM DISCUSS\u00c3O DE POL\u00cdTICA NO&nbsp;WHATSAPP&nbsp;DA FAM\u00cdLIA?<\/h3>\n\n\n\n<p>Veja&nbsp;<a href=\"https:\/\/www1.folha.uol.com.br\/poder\/2019\/11\/veja-dicas-sobre-como-lidar-com-a-discordancia-politica-entre-amigos-e-familiares.shtml\">dicas gerais de especialistas<\/a>, mas lembre-se de que cada caso \u00e9 diferente<\/p>\n\n\n\n<p><strong>Discutir pol\u00edtica no grupo de&nbsp;WhatsApp&nbsp;da fam\u00edlia, sim ou n\u00e3o?&nbsp;<\/strong>Sim, se as partes conseguirem trocar ideias com respeito, sem querer impor a sua opini\u00e3o e sem fazer provoca\u00e7\u00f5es. Isso se houver a possibilidade de a conversa ser produtiva e valer a pena.<\/p>\n\n\n\n<p>N\u00e3o, se as partes t\u00eam tend\u00eancia a brigar, n\u00e3o aceitam o que o outro pensa&nbsp;e querem apenas convencer o familiar de que ele est\u00e1 errado. Melhor n\u00e3o abordar esse assunto e tratar de outros temas no grupo.<\/p>\n\n\n\n<p><strong>Pol\u00edtica no&nbsp;WhatsApp&nbsp;da fam\u00edlia deve ser banida para sempre?&nbsp;<\/strong>N\u00e3o conversar sobre pol\u00edtica \u00e9 ruim; n\u00e3o se resolve nada ao evitar&nbsp;problemas. Pior ainda, por\u00e9m, \u00e9 brigar. Se n\u00e3o tiver autocontrole, melhor banir o assunto.<\/p>\n\n\n\n<p>O ideal, contudo, \u00e9 manter a conversa aberta. Se fechamos o canal, nunca corrigimos nossos erros e as nossas limita\u00e7\u00f5es em entender o outro.<\/p>\n\n\n\n<p>Mas aten\u00e7\u00e3o: a comunica\u00e7\u00e3o virtual n\u00e3o \u00e9 necessariamente boa. Ela elimina outros elementos como gestos, express\u00e3o facial, dist\u00e2ncia f\u00edsica e \u00e9 fragmentada. Tende a refor\u00e7ar o que j\u00e1 pensamos sobre a outra pessoa.<\/p>\n\n\n\n<p><strong>Como discutir pol\u00edtica no&nbsp;WhatsApp&nbsp;da fam\u00edlia?<\/strong><\/p>\n\n\n\n<ul class=\"wp-block-list\"><li>Tenha&nbsp;calma<\/li><li>N\u00e3o fa\u00e7a&nbsp;coment\u00e1rios depreciativos ou ir\u00f4nicos<\/li><li>N\u00e3o menospreze&nbsp;o outro<\/li><li>Valorize&nbsp;a pessoa e suas ideias, mesmo discordando delas<\/li><li>Lembre&nbsp;que voc\u00ea n\u00e3o est\u00e1 apenas respondendo a ideias, est\u00e1 respondendo a uma pessoa<\/li><li>Considere os argumentos do outro lado<\/li><li>Fale sobre voc\u00ea, como voc\u00ea se sente a respeito do assunto e por qu\u00ea<\/li><li>Cuidado com as palavras<\/li><\/ul>\n\n\n\n<p><strong>Como&nbsp;<a href=\"https:\/\/www1.folha.uol.com.br\/poder\/2019\/12\/contra-climao-no-natal-projeto-indica-como-falar-de-politica-sem-brigar.shtml\">manter a calma e n\u00e3o ofender familiares<\/a>&nbsp;que pensam diferente?<\/strong><\/p>\n\n\n\n<ul class=\"wp-block-list\"><li>Imagine que voc\u00ea est\u00e1 no trabalho, na frente de&nbsp;seu chefe, e ele fala algo de que&nbsp;voc\u00ea n\u00e3o goste. Voc\u00ea vai se segurar. Ent\u00e3o fa\u00e7a isso em todos os lugares<\/li><li>Respire&nbsp;e conte at\u00e9 dez (ou at\u00e9 cem). S\u00f3 responda se estiver calmo&nbsp;<\/li><li>Releia&nbsp;o que escreveu antes de enviar<\/li><\/ul>\n\n\n\n<p><strong>O que fazer se a briga j\u00e1 aconteceu?&nbsp;<\/strong>O ideal \u00e9 prevenir a briga, que pode amea\u00e7ar a qualidade do relacionamento e causar danos de longo prazo. Mas se ela j\u00e1 ocorreu, \u00e9 bom pedir desculpas e reconhecer excessos. As partes podem buscar orienta\u00e7\u00e3o profissional para resolver esse problema<\/p>\n\n\n\n<p><strong>Romper com a fam\u00edlia \u00e9 uma op\u00e7\u00e3o?&nbsp;<\/strong>Sim, se n\u00e3o h\u00e1 condi\u00e7\u00f5es de estar bem com o outro. Mas \u00e9 preciso se perguntar o que de t\u00e3o terr\u00edvel o outro lado tem que voc\u00ea jamais pode aceitar, porque h\u00e1 muita gente do outro lado. Ser\u00e1 que \u00e9 o caso de rejeit\u00e1-las?<\/p>\n\n\n\n<p>Sair do grupo \u00e9 uma solu\u00e7\u00e3o simplista. Excluir rela\u00e7\u00f5es de fam\u00edlia \u00e9 dif\u00edcil por conta de v\u00ednculos passados. Buscar&nbsp;ajuda profissional \u00e9 sempre bom.&nbsp;<\/p>\n","protected":false},"excerpt":{"rendered":"<p>Pesquisa aponta que 1 em cada 5 pessoas deixou de seguir ou bloqueou perfil de amigo, familiar ou empresa por discordar de posi\u00e7\u00f5es pol\u00edticas<\/p>\n","protected":false},"author":1,"featured_media":0,"comment_status":"closed","ping_status":"open","sticky":false,"template":"","format":"standard","meta":{"_exactmetrics_skip_tracking":false,"_exactmetrics_sitenote_active":false,"_exactmetrics_sitenote_note":"","_exactmetrics_sitenote_category":0,"jetpack_post_was_ever_published":false,"_jetpack_newsletter_access":"","_jetpack_dont_email_post_to_subs":false,"_jetpack_newsletter_tier_id":0,"_jetpack_memberships_contains_paywalled_content":false,"_jetpack_memberships_contains_paid_content":false,"footnotes":"","jetpack_publicize_message":"","jetpack_publicize_feature_enabled":true,"jetpack_social_post_already_shared":true,"jetpack_social_options":{"image_generator_settings":{"template":"highway","enabled":false},"version":2}},"categories":[1],"tags":[],"class_list":["post-25677","post","type-post","status-publish","format-standard","hentry","category-notas"],"jetpack_publicize_connections":[],"jetpack_sharing_enabled":true,"jetpack_featured_media_url":"","jetpack_shortlink":"https:\/\/wp.me\/p7wKYW-6G9","jetpack-related-posts":[],"_links":{"self":[{"href":"http:\/\/blogdalucianaoliveira.com.br\/blog\/wp-json\/wp\/v2\/posts\/25677","targetHints":{"allow":["GET"]}}],"collection":[{"href":"http:\/\/blogdalucianaoliveira.com.br\/blog\/wp-json\/wp\/v2\/posts"}],"about":[{"href":"http:\/\/blogdalucianaoliveira.com.br\/blog\/wp-json\/wp\/v2\/types\/post"}],"author":[{"embeddable":true,"href":"http:\/\/blogdalucianaoliveira.com.br\/blog\/wp-json\/wp\/v2\/users\/1"}],"replies":[{"embeddable":true,"href":"http:\/\/blogdalucianaoliveira.com.br\/blog\/wp-json\/wp\/v2\/comments?post=25677"}],"version-history":[{"count":1,"href":"http:\/\/blogdalucianaoliveira.com.br\/blog\/wp-json\/wp\/v2\/posts\/25677\/revisions"}],"predecessor-version":[{"id":25678,"href":"http:\/\/blogdalucianaoliveira.com.br\/blog\/wp-json\/wp\/v2\/posts\/25677\/revisions\/25678"}],"wp:attachment":[{"href":"http:\/\/blogdalucianaoliveira.com.br\/blog\/wp-json\/wp\/v2\/media?parent=25677"}],"wp:term":[{"taxonomy":"category","embeddable":true,"href":"http:\/\/blogdalucianaoliveira.com.br\/blog\/wp-json\/wp\/v2\/categories?post=25677"},{"taxonomy":"post_tag","embeddable":true,"href":"http:\/\/blogdalucianaoliveira.com.br\/blog\/wp-json\/wp\/v2\/tags?post=25677"}],"curies":[{"name":"wp","href":"https:\/\/api.w.org\/{rel}","templated":true}]}}