{"id":25679,"date":"2019-12-24T14:03:15","date_gmt":"2019-12-24T18:03:15","guid":{"rendered":"http:\/\/blogdalucianaoliveira.com.br\/blog\/?p=25679"},"modified":"2019-12-24T14:03:25","modified_gmt":"2019-12-24T18:03:25","slug":"meu-natal-e-meu-jesus-cristo","status":"publish","type":"post","link":"http:\/\/blogdalucianaoliveira.com.br\/blog\/2019\/12\/24\/meu-natal-e-meu-jesus-cristo\/","title":{"rendered":"Meu Natal e meu Jesus Cristo"},"content":{"rendered":"\n<figure class=\"wp-block-image size-large\"><img data-recalc-dims=\"1\" loading=\"lazy\" decoding=\"async\" width=\"600\" height=\"680\" data-attachment-id=\"25680\" data-permalink=\"http:\/\/blogdalucianaoliveira.com.br\/blog\/2019\/12\/24\/meu-natal-e-meu-jesus-cristo\/8338edf9-aa00-4e9d-8274-51126ebdfa46\/\" data-orig-file=\"https:\/\/i0.wp.com\/blogdalucianaoliveira.com.br\/blog\/wp-content\/uploads\/2019\/12\/8338EDF9-AA00-4E9D-8274-51126EBDFA46.jpeg?fit=750%2C850\" data-orig-size=\"750,850\" data-comments-opened=\"0\" data-image-meta=\"{&quot;aperture&quot;:&quot;0&quot;,&quot;credit&quot;:&quot;&quot;,&quot;camera&quot;:&quot;&quot;,&quot;caption&quot;:&quot;&quot;,&quot;created_timestamp&quot;:&quot;0&quot;,&quot;copyright&quot;:&quot;&quot;,&quot;focal_length&quot;:&quot;0&quot;,&quot;iso&quot;:&quot;0&quot;,&quot;shutter_speed&quot;:&quot;0&quot;,&quot;title&quot;:&quot;&quot;,&quot;orientation&quot;:&quot;1&quot;}\" data-image-title=\"8338EDF9-AA00-4E9D-8274-51126EBDFA46\" data-image-description=\"\" data-image-caption=\"\" data-medium-file=\"https:\/\/i0.wp.com\/blogdalucianaoliveira.com.br\/blog\/wp-content\/uploads\/2019\/12\/8338EDF9-AA00-4E9D-8274-51126EBDFA46.jpeg?fit=265%2C300\" data-large-file=\"https:\/\/i0.wp.com\/blogdalucianaoliveira.com.br\/blog\/wp-content\/uploads\/2019\/12\/8338EDF9-AA00-4E9D-8274-51126EBDFA46.jpeg?fit=600%2C680\" src=\"https:\/\/i0.wp.com\/blogdalucianaoliveira.com.br\/blog\/wp-content\/uploads\/2019\/12\/8338EDF9-AA00-4E9D-8274-51126EBDFA46.jpeg?resize=600%2C680\" alt=\"\" class=\"wp-image-25680\" srcset=\"https:\/\/i0.wp.com\/blogdalucianaoliveira.com.br\/blog\/wp-content\/uploads\/2019\/12\/8338EDF9-AA00-4E9D-8274-51126EBDFA46.jpeg?w=750 750w, https:\/\/i0.wp.com\/blogdalucianaoliveira.com.br\/blog\/wp-content\/uploads\/2019\/12\/8338EDF9-AA00-4E9D-8274-51126EBDFA46.jpeg?resize=265%2C300 265w\" sizes=\"auto, (max-width: 600px) 100vw, 600px\" \/><\/figure>\n\n\n\n<p>O meu Jesus Cristo, afinal, \u00e9 o jesuscristinho dos pres\u00e9pios mais prec\u00e1rios, das bandinhas de pastoris e lapinhas do Nordeste, dos enfeites formosos das mo\u00e7as dos cord\u00f5es azul e encarnado e das folias que alumbram de brasilidades os fuzu\u00eas que, no m\u00eas de janeiro, homenageiam &#8211; entre cacha\u00e7as, caf\u00e9s e bolos de fub\u00e1 gentilmente servidos pelos donos da casa &#8211; os Reis do Oriente.<\/p>\n\n\n\n<p>Ele, o Cristo dos meus del\u00edrios, se sentiria mais a vontade em um botequim de esquina do que na Bas\u00edlica de S\u00e3o Pedro. Se manifesta mais nas m\u00e3os calejadas dos devotos do C\u00edrio do que nas batinas sacerdotais e nos ternos bem cortados dos condutores do bonde da aleluia. Deve respeito &#8211; e \u00e9 respeitado &#8211; a Tup\u00e3, Zambiapongo e Olorum. Estaria hoje ao lado dos fodidos que n\u00e3o tem Natal.<\/p>\n\n\n\n<p>Meu Cristo, enfim, \u00e9 um pequeno; pedrinha miudinha. Joga na v\u00e1rzea, bebe nos sub\u00farbios, rala nas f\u00e1bricas e, quando o sol vai quebrando l\u00e1 pra fim do mundo pra noite chegar, descansa feito Jo\u00e3o Valent\u00e3o e adormece como menino brasileiro.<\/p>\n\n\n\n<p>A vista n\u00e3o pode alcan\u00e7ar as belezuras de suas miudezas.<\/p>\n\n\n\n<p>Jos\u00e9 Carlos Simas<\/p>\n","protected":false},"excerpt":{"rendered":"<p>O meu Jesus Cristo, afinal, \u00e9 o jesuscristinho dos pres\u00e9pios mais prec\u00e1rios, das bandinhas de pastoris e lapinhas do Nordeste, dos enfeites formosos das mo\u00e7as dos cord\u00f5es azul e encarnado e das folias que alumbram de brasilidades os fuzu\u00eas que, no m\u00eas de janeiro, homenageiam &#8211; entre cacha\u00e7as, caf\u00e9s e bolos de fub\u00e1 gentilmente servidos&#8230;<a class=\"more-link\" href=\"http:\/\/blogdalucianaoliveira.com.br\/blog\/2019\/12\/24\/meu-natal-e-meu-jesus-cristo\/\">Continue a leitura <span class=\"meta-nav\">&raquo;<\/span><\/a><\/p>\n","protected":false},"author":1,"featured_media":0,"comment_status":"closed","ping_status":"open","sticky":false,"template":"","format":"standard","meta":{"_exactmetrics_skip_tracking":false,"_exactmetrics_sitenote_active":false,"_exactmetrics_sitenote_note":"","_exactmetrics_sitenote_category":0,"jetpack_post_was_ever_published":false,"_jetpack_newsletter_access":"","_jetpack_dont_email_post_to_subs":false,"_jetpack_newsletter_tier_id":0,"_jetpack_memberships_contains_paywalled_content":false,"_jetpack_memberships_contains_paid_content":false,"footnotes":"","jetpack_publicize_message":"","jetpack_publicize_feature_enabled":true,"jetpack_social_post_already_shared":true,"jetpack_social_options":{"image_generator_settings":{"template":"highway","enabled":false},"version":2}},"categories":[1],"tags":[],"class_list":["post-25679","post","type-post","status-publish","format-standard","hentry","category-notas"],"jetpack_publicize_connections":[],"jetpack_sharing_enabled":true,"jetpack_featured_media_url":"","jetpack_shortlink":"https:\/\/wp.me\/p7wKYW-6Gb","jetpack-related-posts":[],"_links":{"self":[{"href":"http:\/\/blogdalucianaoliveira.com.br\/blog\/wp-json\/wp\/v2\/posts\/25679","targetHints":{"allow":["GET"]}}],"collection":[{"href":"http:\/\/blogdalucianaoliveira.com.br\/blog\/wp-json\/wp\/v2\/posts"}],"about":[{"href":"http:\/\/blogdalucianaoliveira.com.br\/blog\/wp-json\/wp\/v2\/types\/post"}],"author":[{"embeddable":true,"href":"http:\/\/blogdalucianaoliveira.com.br\/blog\/wp-json\/wp\/v2\/users\/1"}],"replies":[{"embeddable":true,"href":"http:\/\/blogdalucianaoliveira.com.br\/blog\/wp-json\/wp\/v2\/comments?post=25679"}],"version-history":[{"count":1,"href":"http:\/\/blogdalucianaoliveira.com.br\/blog\/wp-json\/wp\/v2\/posts\/25679\/revisions"}],"predecessor-version":[{"id":25681,"href":"http:\/\/blogdalucianaoliveira.com.br\/blog\/wp-json\/wp\/v2\/posts\/25679\/revisions\/25681"}],"wp:attachment":[{"href":"http:\/\/blogdalucianaoliveira.com.br\/blog\/wp-json\/wp\/v2\/media?parent=25679"}],"wp:term":[{"taxonomy":"category","embeddable":true,"href":"http:\/\/blogdalucianaoliveira.com.br\/blog\/wp-json\/wp\/v2\/categories?post=25679"},{"taxonomy":"post_tag","embeddable":true,"href":"http:\/\/blogdalucianaoliveira.com.br\/blog\/wp-json\/wp\/v2\/tags?post=25679"}],"curies":[{"name":"wp","href":"https:\/\/api.w.org\/{rel}","templated":true}]}}