{"id":25682,"date":"2019-12-24T17:07:46","date_gmt":"2019-12-24T21:07:46","guid":{"rendered":"http:\/\/blogdalucianaoliveira.com.br\/blog\/?p=25682"},"modified":"2019-12-24T17:07:54","modified_gmt":"2019-12-24T21:07:54","slug":"natal-nascimento-do-maior-defensor-dos-direitos-humanos","status":"publish","type":"post","link":"http:\/\/blogdalucianaoliveira.com.br\/blog\/2019\/12\/24\/natal-nascimento-do-maior-defensor-dos-direitos-humanos\/","title":{"rendered":"Natal: nascimento do maior defensor dos direitos humanos"},"content":{"rendered":"\n<figure class=\"wp-block-image size-large\"><img data-recalc-dims=\"1\" loading=\"lazy\" decoding=\"async\" width=\"600\" height=\"463\" data-attachment-id=\"25683\" data-permalink=\"http:\/\/blogdalucianaoliveira.com.br\/blog\/2019\/12\/24\/natal-nascimento-do-maior-defensor-dos-direitos-humanos\/c4676f5b-74fe-4bfe-b601-7610f907f995\/\" data-orig-file=\"https:\/\/i0.wp.com\/blogdalucianaoliveira.com.br\/blog\/wp-content\/uploads\/2019\/12\/C4676F5B-74FE-4BFE-B601-7610F907F995.jpeg?fit=768%2C592\" data-orig-size=\"768,592\" data-comments-opened=\"0\" data-image-meta=\"{&quot;aperture&quot;:&quot;0&quot;,&quot;credit&quot;:&quot;&quot;,&quot;camera&quot;:&quot;&quot;,&quot;caption&quot;:&quot;&quot;,&quot;created_timestamp&quot;:&quot;0&quot;,&quot;copyright&quot;:&quot;&quot;,&quot;focal_length&quot;:&quot;0&quot;,&quot;iso&quot;:&quot;0&quot;,&quot;shutter_speed&quot;:&quot;0&quot;,&quot;title&quot;:&quot;&quot;,&quot;orientation&quot;:&quot;0&quot;}\" data-image-title=\"C4676F5B-74FE-4BFE-B601-7610F907F995\" data-image-description=\"\" data-image-caption=\"\" data-medium-file=\"https:\/\/i0.wp.com\/blogdalucianaoliveira.com.br\/blog\/wp-content\/uploads\/2019\/12\/C4676F5B-74FE-4BFE-B601-7610F907F995.jpeg?fit=300%2C231\" data-large-file=\"https:\/\/i0.wp.com\/blogdalucianaoliveira.com.br\/blog\/wp-content\/uploads\/2019\/12\/C4676F5B-74FE-4BFE-B601-7610F907F995.jpeg?fit=600%2C463\" src=\"https:\/\/i0.wp.com\/blogdalucianaoliveira.com.br\/blog\/wp-content\/uploads\/2019\/12\/C4676F5B-74FE-4BFE-B601-7610F907F995.jpeg?resize=600%2C463\" alt=\"\" class=\"wp-image-25683\" srcset=\"https:\/\/i0.wp.com\/blogdalucianaoliveira.com.br\/blog\/wp-content\/uploads\/2019\/12\/C4676F5B-74FE-4BFE-B601-7610F907F995.jpeg?w=768 768w, https:\/\/i0.wp.com\/blogdalucianaoliveira.com.br\/blog\/wp-content\/uploads\/2019\/12\/C4676F5B-74FE-4BFE-B601-7610F907F995.jpeg?resize=300%2C231 300w, https:\/\/i0.wp.com\/blogdalucianaoliveira.com.br\/blog\/wp-content\/uploads\/2019\/12\/C4676F5B-74FE-4BFE-B601-7610F907F995.jpeg?resize=389%2C300 389w\" sizes=\"auto, (max-width: 600px) 100vw, 600px\" \/><\/figure>\n\n\n\n<p>De repente, como narra o evangelista Lucas, na penumbra comum das noites do campo, enquanto pastores davam conta dos afazeres cotidianos, o c\u00e9u poetizou boas-novas: \u201cN\u00e3o temas\u201d, disse-lhes o anjo, \u201ctrago alegria sem fronteiras, porque das mem\u00f3rias da pequena cidade de Davi vem o menino-Cristo, o beb\u00ea-salvador\u201d (Lucas 2).<\/p>\n\n\n\n<!--more-->\n\n\n\n<p>Espantosamente, os sinais de sua chegada n\u00e3o seriam os festins palacianos e nem mesmo o som de a\u00e7\u00e3o de gra\u00e7as das sinagogas judaicas. A solenidade manifestou-se em uma manjedoura ornamentada por panos improvisados, simples como seus pais. Filho de trabalhador pobre, tendo a m\u00e3e colocada sob suspeita, o messias crist\u00e3o seria testemunhado por empregados do campo, os quais segundo a tradi\u00e7\u00e3o n\u00e3o teriam voz em processos jur\u00eddicos na Palestina.<\/p>\n\n\n\n<p>Visivelmente, o horizonte de sua miss\u00e3o come\u00e7a a partir do nascimento. Na natividade do filho de Deus, silenciados s\u00e3o empoderados, exclu\u00eddos do sistema aristocr\u00e1tico visibilizados, desabitados recebem os cuidados da Encarna\u00e7\u00e3o e os sem direitos s\u00e3o acolhidos ao receberem o Criador. Desde seu nascimento, percebemos com quem Jesus andaria e suas preocupa\u00e7\u00f5es. Por isso, celebrar o Natal \u00e9 a oportunidade para lembrar os compromissos assumidos por Jesus.<\/p>\n\n\n\n<p>Trinta anos depois, o Cristo da manjedoura defenderia a chegada do Reino de Deus, atrav\u00e9s do qual crian\u00e7as teriam direitos, doentes receberiam assist\u00eancia e as viol\u00eancias seriam denunciadas.<\/p>\n\n\n\n<p>O menino amigo de exclu\u00eddos posicionou-se profeticamente contra o feminic\u00eddio e exp\u00f4s a bestialidade do sistema patriarcal, quando alguns homens tentaram matar a pedradas uma mulher, supostamente em nome da justi\u00e7a e dos bons costumes. Al\u00e9m disso, Jesus desnudou nessa cena a ignor\u00e2ncia e riscos do justi\u00e7amento.<\/p>\n\n\n\n<p>Antecipando o Pre\u00e2mbulo da Declara\u00e7\u00e3o Universal dos Direitos Humanos, no qual se afirma o reconhecimento da dignidade inerente a todos os membros da fam\u00edlia humana e dos seus direitos iguais e inalien\u00e1veis, constituindo o fundamento da liberdade, justi\u00e7a e paz no mundo, Cristo defendeu no Serm\u00e3o do Monte os fundamentos da promo\u00e7\u00e3o da vida: \u201cBem-aventurados os pacificadores!\u201d; \u201cBem-aventurados os que t\u00eam fome e sede de justi\u00e7a!\u201d.<\/p>\n\n\n\n<p>Entre tantos milagres preservados nos evangelhos, a multiplica\u00e7\u00e3o de p\u00e3es e peixes serve de marco simb\u00f3lico da defesa do direito \u00e0 alimenta\u00e7\u00e3o.<\/p>\n\n\n\n<p>O personagem central do Natal foi preso pol\u00edtico e torturado, denunciando a brutalidade do Estado e todo projeto de exterm\u00ednio.<\/p>\n\n\n\n<p>\u00c0 vista disso, mesmo que esse detalhe da hist\u00f3ria n\u00e3o seja t\u00e3o sublinhado, o Natal representa a defesa radical da dignidade humana, porque anuncia o nascimento do maior defensor dos Direitos Humanos.<\/p>\n\n\n\n<p><a href=\"http:\/\/novosdialogos.com\/author\/kennerterra\/\">Kenner Terra<\/a><\/p>\n\n\n\n<p>Doutor em Ci\u00eancias da Religi\u00e3o pela Universidade Metodista de S\u00e3o Paulo (UMESP). Pastor e professor na Faculdade Unida de Vit\u00f3ria (ES). Membro da Associa\u00e7\u00e3o Brasileira de Interpreta\u00e7\u00e3o B\u00edblica (ABIB) e da Rede Latino-americana de Estudos Pentecostais (RELEP).<\/p>\n","protected":false},"excerpt":{"rendered":"<p>De repente, como narra o evangelista Lucas, na penumbra comum das noites do campo, enquanto pastores davam conta dos afazeres cotidianos, o c\u00e9u poetizou boas-novas: \u201cN\u00e3o temas\u201d, disse-lhes o anjo, \u201ctrago alegria sem fronteiras, porque das mem\u00f3rias da pequena cidade de Davi vem o menino-Cristo, o beb\u00ea-salvador\u201d (Lucas 2).<\/p>\n","protected":false},"author":1,"featured_media":0,"comment_status":"closed","ping_status":"open","sticky":false,"template":"","format":"standard","meta":{"_exactmetrics_skip_tracking":false,"_exactmetrics_sitenote_active":false,"_exactmetrics_sitenote_note":"","_exactmetrics_sitenote_category":0,"jetpack_post_was_ever_published":false,"_jetpack_newsletter_access":"","_jetpack_dont_email_post_to_subs":false,"_jetpack_newsletter_tier_id":0,"_jetpack_memberships_contains_paywalled_content":false,"_jetpack_memberships_contains_paid_content":false,"footnotes":"","jetpack_publicize_message":"","jetpack_publicize_feature_enabled":true,"jetpack_social_post_already_shared":true,"jetpack_social_options":{"image_generator_settings":{"template":"highway","enabled":false},"version":2}},"categories":[1],"tags":[],"class_list":["post-25682","post","type-post","status-publish","format-standard","hentry","category-notas"],"jetpack_publicize_connections":[],"jetpack_sharing_enabled":true,"jetpack_featured_media_url":"","jetpack_shortlink":"https:\/\/wp.me\/p7wKYW-6Ge","jetpack-related-posts":[],"_links":{"self":[{"href":"http:\/\/blogdalucianaoliveira.com.br\/blog\/wp-json\/wp\/v2\/posts\/25682","targetHints":{"allow":["GET"]}}],"collection":[{"href":"http:\/\/blogdalucianaoliveira.com.br\/blog\/wp-json\/wp\/v2\/posts"}],"about":[{"href":"http:\/\/blogdalucianaoliveira.com.br\/blog\/wp-json\/wp\/v2\/types\/post"}],"author":[{"embeddable":true,"href":"http:\/\/blogdalucianaoliveira.com.br\/blog\/wp-json\/wp\/v2\/users\/1"}],"replies":[{"embeddable":true,"href":"http:\/\/blogdalucianaoliveira.com.br\/blog\/wp-json\/wp\/v2\/comments?post=25682"}],"version-history":[{"count":1,"href":"http:\/\/blogdalucianaoliveira.com.br\/blog\/wp-json\/wp\/v2\/posts\/25682\/revisions"}],"predecessor-version":[{"id":25684,"href":"http:\/\/blogdalucianaoliveira.com.br\/blog\/wp-json\/wp\/v2\/posts\/25682\/revisions\/25684"}],"wp:attachment":[{"href":"http:\/\/blogdalucianaoliveira.com.br\/blog\/wp-json\/wp\/v2\/media?parent=25682"}],"wp:term":[{"taxonomy":"category","embeddable":true,"href":"http:\/\/blogdalucianaoliveira.com.br\/blog\/wp-json\/wp\/v2\/categories?post=25682"},{"taxonomy":"post_tag","embeddable":true,"href":"http:\/\/blogdalucianaoliveira.com.br\/blog\/wp-json\/wp\/v2\/tags?post=25682"}],"curies":[{"name":"wp","href":"https:\/\/api.w.org\/{rel}","templated":true}]}}