{"id":25685,"date":"2019-12-25T18:25:09","date_gmt":"2019-12-25T22:25:09","guid":{"rendered":"http:\/\/blogdalucianaoliveira.com.br\/blog\/?p=25685"},"modified":"2019-12-25T18:25:19","modified_gmt":"2019-12-25T22:25:19","slug":"retrospectiva-2019-letalidade-policial-massacres-e-criminalizacao-da-pobreza","status":"publish","type":"post","link":"http:\/\/blogdalucianaoliveira.com.br\/blog\/2019\/12\/25\/retrospectiva-2019-letalidade-policial-massacres-e-criminalizacao-da-pobreza\/","title":{"rendered":"Retrospectiva 2019 | Letalidade policial, massacres e criminaliza\u00e7\u00e3o da pobreza"},"content":{"rendered":"\n<figure class=\"wp-block-image\"><img data-recalc-dims=\"1\" decoding=\"async\" src=\"https:\/\/i0.wp.com\/farm66.staticflickr.com\/65535\/49268866888_4628590d83_z.jpg?w=600&#038;ssl=1\" alt=\"Manifestantes denunciam a\u00e7\u00e3o policial resultou na morte de nove jovens frequentadores do baile funk em Parais\u00f3polis, em S\u00e3o Paulo (SP) - Cr\u00e9ditos: Igor Carvalho\"\/><\/figure>\n\n\n\n<h4 class=\"wp-block-heading\">Pol\u00edcia mata cada vez mais nas periferias; mortes batem recorde em pres\u00eddios do Norte; caso Marielle segue sem solu\u00e7\u00e3o<\/h4>\n\n\n\n<!--more-->\n\n\n\n<p>Igor Carvalho<\/p>\n\n\n\n<p>Brasil de Fato<\/p>\n\n\n\n<p>Com a chegada de Jair Bolsonaro \u00e0 Presid\u00eancia e de Sergio Moro ao Minist\u00e9rio da Justi\u00e7a e Seguran\u00e7a P\u00fablica, o discurso da trucul\u00eancia e da viol\u00eancia ganharam eco em todo o pa\u00eds. O reflexo da filosofia pregada pela fam\u00edlia que passou a habitar o Pal\u00e1cio do Planalto pode ser visto nas pol\u00edcias do pa\u00eds. Durante o ano de 2019, foram diversos os casos de letalidade policial e abordagens violentas que chocaram a popula\u00e7\u00e3o.&nbsp;<\/p>\n\n\n\n<p>S\u00e3o Paulo e Rio de Janeiro puxam a fila de casos emblem\u00e1ticos de letalidade policial. N\u00e3o \u00e9 \u00e0 toa. Os governadores Jo\u00e3o Doria (PSDB) e Wilson Witzel (PSC), mesmo tendo desfeito durante o ano a alian\u00e7a que haviam formado com Bolsonaro para se eleger, mantiveram o discurso de uso da for\u00e7a para controle social.<\/p>\n\n\n\n<p>O&nbsp;<a href=\"https:\/\/www.brasildefato.com.br\/2019\/12\/01\/apos-acao-policial-9-pessoas-morrem-pisoteadas-em-baile-em-sao-paulo\/\">massacre de Parais\u00f3polis<\/a>, em S\u00e3o Paulo, encerrou um ano de cr\u00edticas \u00e0 atua\u00e7\u00e3o policial no estado. O desaparecimento de Lucas Eduardo Martins, de 14 anos, \u00e9 a radiografia que revela o comportamento adotado pela corpora\u00e7\u00e3o paulista.&nbsp;<\/p>\n\n\n\n<p>No Rio de Janeiro, Witzel chegou a afirmar que a pol\u00edcia \u201cdeveria mirar na cabecinha e\u2026 fogo\u201d. As instru\u00e7\u00f5es parecem surtir efeito na PM carioca, que em dez meses&nbsp;<a href=\"https:\/\/www.brasildefato.com.br\/2019\/11\/26\/rio-de-janeiro-2019-tem-recorde-de-morte-por-agentes-policiais\/\">matou mais<\/a>&nbsp;do que em qualquer ano inteiro desde o in\u00edcio dos registros, em 1998.<\/p>\n\n\n\n<p><a href=\"https:\/\/www.brasildefato.com.br\/2019\/10\/31\/entenda-o-que-foi-o-ai-5-ato-ditatorial-defendido-por-eduardo-bolsonaro\/\"><strong>::Entenda o que foi o AI-5, ato ditatorial defendido por Eduardo Bolsonaro::<\/strong><\/a><\/p>\n\n\n\n<p>A viol\u00eancia nos pres\u00eddios do norte do pa\u00eds tamb\u00e9m seguiu como anunciada. Somados, os massacres nas penitenci\u00e1rias de Manaus, no Amazonas, e Altamira, no Par\u00e1, chegam a 112 execu\u00e7\u00f5es. As brigas entre fac\u00e7\u00f5es pelo controle das unidades prisionais escancaram a aus\u00eancia do Estado e a fal\u00eancia da pol\u00edtica de encarceramento em massa.&nbsp;<\/p>\n\n\n\n<p>No in\u00edcio do ano, um massacre em uma escola da Suzano, na regi\u00e3o metropolitana de S\u00e3o Paulo, deu uma ideia de como pode comportar-se uma sociedade armada. No Congresso Nacional, o governo tentou garantir o porte e posse de armas para os cidad\u00e3os, mas foi derrotado.&nbsp;<\/p>\n\n\n\n<p>Esta retrospectiva vai tratar dos acontecimentos mais marcantes da \u00e1rea de seguran\u00e7a p\u00fablica neste primeiro ano do governo de Jair Bolsonaro.<\/p>\n\n\n\n<figure class=\"wp-block-image\"><img data-recalc-dims=\"1\" decoding=\"async\" src=\"https:\/\/i0.wp.com\/farm66.staticflickr.com\/65535\/49269330806_64a53ecc4c_o.jpg?w=600&#038;ssl=1\" alt=\"\"\/><\/figure>\n\n\n\n<p>Marielle Franco<\/p>\n\n\n\n<p>Quando o assassinato da ex-vereadora Marielle Franco completava um ano, no dia 12 de mar\u00e7o deste ano, a Pol\u00edcia Civil e o Minist\u00e9rio P\u00fablico do Rio de Janeiro (MP-RJ)&nbsp;<a href=\"https:\/\/www.brasildefato.com.br\/2019\/03\/12\/presos-pm-e-ex-pm-suspeitos-de-matar-marielle-franco-e-anderson-gomes\/\">interromperam o sil\u00eancio e a in\u00e9rcia&nbsp;<\/a>de 12 meses e prenderam o policial reforma Ronnie Lessa, de 48 anos, e o ex-policial militar \u00c9lcio Queiroz, de 46 anos, pela execu\u00e7\u00e3o da parlamentar e seu motorista, Anderson Gomes.&nbsp;<\/p>\n\n\n\n<p>A deten\u00e7\u00e3o dos dois suspeitos de assassinarem Marielle desencadeou os pr\u00f3ximos passos da investiga\u00e7\u00e3o. A press\u00e3o para que o nome do mandante fosse revelado surtiu efeito e a Pol\u00edcia Federal&nbsp;<a href=\"https:\/\/www.brasildefato.com.br\/2019\/03\/20\/ex-deputado-do-rio-e-apontado-como-possivel-mandante-do-assassinato-de-marielle\/\">indicou<\/a>&nbsp;o ex-deputado estadual Domingos Braz\u00e3o, conselheiro do Tribunal de Contas do Estado do Rio de Janeiro, como principal suspeito de ordenar o crime pol\u00edtico.&nbsp;<\/p>\n\n\n\n<p>O&nbsp;<strong>Brasil de Fato<\/strong>&nbsp;revelou que a fam\u00edlia de Braz\u00e3o&nbsp;<a href=\"https:\/\/www.brasildefato.com.br\/2019\/10\/09\/bolsonaro-da-passaporte-diplomatico-a-parentes-de-suspeito-da-morte-de-marielle\/\">recebeu passaportes diplom\u00e1ticos<\/a>&nbsp;do Itamaraty, \u00f3rg\u00e3o subordinado ao Minist\u00e9rio das Rela\u00e7\u00f5es Exteriores, j\u00e1 no governo de Jair Bolsonaro.&nbsp;<\/p>\n\n\n\n<p>Meses depois, em novembro, o&nbsp;<a href=\"https:\/\/www.brasildefato.com.br\/2019\/11\/05\/marielle-bolsonaro-porteiro-ai-5-um-resumo-do-que-aconteceu-nos-ultimos-7-dias\/\">depoimento do porteiro<\/a>&nbsp;do condom\u00ednio de Ronnie Lessa, onde tamb\u00e9m vive Jair Bolsonaro, dominou a m\u00eddia brasileira e internacional ao associar o nome do presidente ao assassinato da ex-vereadora.&nbsp;<\/p>\n\n\n\n<p>De acordo com o porteiro, \u00c9lcio Vieira de Queiroz, acusado de dirigir o carro que perseguiu e encurralou as v\u00edtimas, foi autorizado a entrar no condom\u00ednio na tarde do assassinato depois de dizer ao porteiro que iria visitar a casa de Bolsonaro,<a href=\"https:\/\/www.brasildefato.com.br\/2019\/10\/29\/confira-as-reacoes-as-revelacoes-do-caso-marielle-quem-estava-na-porra-da-casa-58\/\">&nbsp;no n\u00famero 5<\/a>8.<\/p>\n\n\n\n<p>Massacre de Suzano<\/p>\n\n\n\n<p>O munic\u00edpio de Suzano, na regi\u00e3o metropolitana de S\u00e3o Paulo, acordou no dia 13 de mar\u00e7o surpreendido pela not\u00edcia de<a href=\"https:\/\/www.brasildefato.com.br\/2019\/03\/13\/adolescentes-atiram-dentro-de-escola-e-matam-6-pessoas-em-suzano-na-grande-sp\/\">&nbsp;tiros disparados<\/a>&nbsp;no interior da Escola Estadual Raul Brasil. Guilherme Taucci Monteiro, de 17 anos, e Luiz Henrique de Castro, de 25, entraram atirando nas salas de aula e corredores da unidade.&nbsp;<\/p>\n\n\n\n<p>Os dois ex-alunos do col\u00e9gio assassinaram sete pessoas, dois estudantes e duas funcion\u00e1rias da escola. Minutos antes de invadirem o col\u00e9gio, j\u00e1 haviam assassinado o propriet\u00e1rio de uma loja de carros na regi\u00e3o. Ap\u00f3s o massacre, Taucci matou Castro e se suicidou.&nbsp;<\/p>\n\n\n\n<p>Tiros contra m\u00fasico negro<\/p>\n\n\n\n<p>O m\u00fasico Evaldo dos Santos Rosa morreu ap\u00f3s militares&nbsp;<a href=\"https:\/\/www.brasildefato.com.br\/2019\/04\/12\/bolsonaro-sobre-os-80-tiros-contra-musico-no-rio-o-exercito-nao-matou-ninguem\/\">dispararem mais de&nbsp;80 vezes contra o seu carro<\/a>, em Guadalupe, na zona norte do Rio de Janeiro, no dia 7 de abril. O catador Luciano Macedo, que passava pelo local, tamb\u00e9m foi atingido e faleceu.&nbsp;<\/p>\n\n\n\n<p>Os agentes do Ex\u00e9rcito afirmaram que Macedo portava uma arma e assaltava um carro na regi\u00e3o. Para o Minist\u00e9rio P\u00fablico, a vers\u00e3o dos oficiais \u00e9 \u201cfantasiosa\u201d. Nenhuma arma foi apreendida na opera\u00e7\u00e3o.&nbsp;<\/p>\n\n\n\n<p>Chacinas em pres\u00eddios&nbsp;<\/p>\n\n\n\n<p>O Complexo Penitenci\u00e1rio An\u00edsio Jobim (Compaj), em Manaus, no Amazonas, foi palco da&nbsp;<a href=\"https:\/\/www.brasildefato.com.br\/2019\/05\/27\/amazonas-empresa-que-administra-presidios-com-57-mortos-recebeu-rdollar-836-mi-em-5-anos\/\">primeira grande chacina do ano<\/a>&nbsp;nos pres\u00eddios brasileiros. Ao todo, 55 presos morreram na unidade, que \u00e9 privatizada. A disputa entre membros da mesma fac\u00e7\u00e3o pelo controle do grupo culminou nas execu\u00e7\u00f5es.&nbsp;<\/p>\n\n\n\n<p>Em julho, no Centro de Recupera\u00e7\u00e3o Regional de Altamira, no Par\u00e1,<a href=\"https:\/\/www.brasildefato.com.br\/2019\/08\/08\/apos-massacre-presos-de-altamira-passaram-uma-semana-vestindo-apenas-cueca\/\">&nbsp;57 presos morreram<\/a>&nbsp;no confronto entre duas fac\u00e7\u00f5es pelo controle da unidade. Do total, 16 homens foram decapitados. O massacre \u00e9 o maior ocorrido em um mesmo pres\u00eddio desde o epis\u00f3dio do Carandiru, quando 111 pessoas morreram.&nbsp;<\/p>\n\n\n\n<p>Posse de arma<\/p>\n\n\n\n<p>Promessa de campanha de Jair Bolsonaro, o decreto que&nbsp;<a href=\"https:\/\/www.brasildefato.com.br\/2019\/05\/08\/moradores-de-areas-rurais-e-diversas-categorias-terao-porte-de-armas-facilitado\/\">amplia a posse e porte de arma<\/a>&nbsp;foi barrado pelo Senado em 19 de junho deste ano, por meio de um projeto legislativo.<\/p>\n\n\n\n<p>Com o placar de 47 votos a 28, os senadores impuseram uma&nbsp;<a href=\"https:\/\/www.brasildefato.com.br\/2019\/06\/18\/senado-aprova-proposta-para-anular-decreto-da-flexibilizacao-do-porte-de-armas\/\">dura derrota ao governo<\/a>, ao n\u00e3o permitir que diversas categorias, como jornalistas, caminhoneiros, advogados, entre outros, pudessem carregar armamento letal. O texto seguiu para a C\u00e2mara, onde \u00e9 objeto de negocia\u00e7\u00f5es entre governo e oposi\u00e7\u00e3o e deve ser votado em 2020.&nbsp;<\/p>\n\n\n\n<p>Criminaliza\u00e7\u00e3o da pobreza<\/p>\n\n\n\n<p>Acusados de extors\u00e3o e forma\u00e7\u00e3o de grupo para pr\u00e1tica criminosa, quatro integrantes de movimentos de moradia de S\u00e3o Paulo,<a href=\"https:\/\/www.brasildefato.com.br\/2019\/06\/29\/lideres-de-movimentos-de-moradia-em-sao-paulo-tem-prisao-preventiva-decretada\/\">&nbsp;foram presos&nbsp;<\/a>no dia 29 de junho. Sidney Ferreira da Silva, Edinalva Silva Ferreira, Ang\u00e9lica dos Santos Lima e Jacine Ferreira da Silva, conhecida como&nbsp;<a href=\"https:\/\/www.brasildefato.com.br\/2019\/09\/09\/onde-esta-a-justica-deste-pais-diz-preta-ferreira-presa-ha-72-dias-sem-provas\/\">Preta Ferreira<\/a>. A pris\u00e3o de Preta motivou uma campanha por sua liberdade que ganhou as redes sociais e as ruas.&nbsp;<\/p>\n\n\n\n<p>Preta Ferreira e Sidney Ferreira da Silva passaram 109 dias presos e&nbsp;<a href=\"https:\/\/www.brasildefato.com.br\/2019\/10\/10\/apos-109-dias-preta-ferreira-e-outros-ativistas-ganham-liberdade\/\">foram soltos em 10 de outubro<\/a>. \u201cEu estou livre, sou inocente. Deus \u00e9 justo. Agora, vamos trabalhar para provar minha inoc\u00eancia e as dos demais.\u201d<\/p>\n\n\n\n<figure class=\"wp-block-image\"><img data-recalc-dims=\"1\" decoding=\"async\" src=\"https:\/\/i0.wp.com\/farm66.staticflickr.com\/65535\/49090477917_913ccef5a9_z.jpg?w=600&#038;ssl=1\" alt=\"\"\/><\/figure>\n\n\n\n<p><br><br>\u00c1gatha Vit\u00f3ria Sales F\u00e9lix, de oito anos foi baleada por um tiro de fuzil, no Complexo Alem\u00e3o (Foto: Reprodu\u00e7\u00e3o\/Facebook)<\/p>\n\n\n\n<p>\u00c1gatha<\/p>\n\n\n\n<p>O caso mais emblem\u00e1tico da pol\u00edtica de seguran\u00e7a p\u00fablica adotada pelo governador Wilson Witzel (PSC) \u00e9 o&nbsp;<a href=\"https:\/\/www.brasildefato.com.br\/2019\/11\/19\/caso-agatha-investigacoes-confirmam-que-pm-foi-responsavel-pela-morte-da-menina\/\">assassinato da menina<\/a>&nbsp;Agatha Vit\u00f3ria Sales F\u00e9lix, de oito anos.&nbsp;<\/p>\n\n\n\n<p>A crian\u00e7a foi baleada pelas costas, no Complexo do Alem\u00e3o, zona norte do Rio de Janeiro, quando estava dentro de uma Kombi que fazia o transporte de moradores da comunidade. O caso ganhou grande repercuss\u00e3o nacional.&nbsp;<\/p>\n\n\n\n<p>Caso Ricoy<\/p>\n\n\n\n<p>Um jovem negro, desnudo, sendo chicoteado com fios el\u00e9tricos por seguran\u00e7as do Ricoy Supermercado \u00e9 uma das cenas mais impressionantes de 2019. O caso foi revelado em setembro, mas n\u00e3o h\u00e1, ainda, precis\u00e3o sobre a data do epis\u00f3dio. A v\u00edtima era acusada de ter furtado uma embalagem de manteiga.&nbsp;<\/p>\n\n\n\n<p>Semanas depois, o&nbsp;<strong>Brasil de Fato<\/strong>&nbsp;revelou&nbsp;<a href=\"https:\/\/www.brasildefato.com.br\/2019\/09\/04\/exclusivo-or-imagens-mostram-segundo-caso-de-tortura-no-supermercado-ricoy-em-sp\/\">outro caso de tortura<\/a>&nbsp;dentro de outra unidade do Ricoy Supermercado, tamb\u00e9m na zona sul de S\u00e3o Paulo. Dessa vez, seguran\u00e7as do com\u00e9rcio torturam psicologicamente uma crian\u00e7a e repetem as sess\u00f5es de chicotamento de outro homem.&nbsp;<\/p>\n\n\n\n<p>No dia 12 de dezembro, o juiz Carlos Alberto C\u00f4rrea de Almeida Oliveira, da 25\u00aa Vara Criminal de S\u00e3o Paulo,<a href=\"https:\/\/www.brasildefato.com.br\/2019\/12\/12\/justica-inocenta-segurancas-do-supermercado-ricoy-acusados-de-torturar-adolescente\/\">&nbsp;inocentou os seguran\u00e7as<\/a>&nbsp;do crime de tortura e condenou os r\u00e9us por les\u00e3o corporal.&nbsp;<\/p>\n\n\n\n<p><a href=\"https:\/\/www.brasildefato.com.br\/2019\/09\/27\/ricoy-extra-e-habibs-a-violencia-da-seguranca-privada-no-brasil\/\"><strong>::Ricoy, Extra e Habib\u2019s: A viol\u00eancia da seguran\u00e7a privada no Brasil::<\/strong><\/a><\/p>\n\n\n\n<figure class=\"wp-block-image\"><img data-recalc-dims=\"1\" decoding=\"async\" src=\"https:\/\/i0.wp.com\/farm66.staticflickr.com\/65535\/49244477383_8668044afa_o.jpg?w=600&#038;ssl=1\" alt=\"\"\/><\/figure>\n\n\n\n<p><br><br>Protesto em frente ao supermercado Ricoy, em setembro (Foto: Igor Carvalho)<\/p>\n\n\n\n<p>Caso Lucas<\/p>\n\n\n\n<p>Quinze dias separaram o&nbsp;<a href=\"https:\/\/www.brasildefato.com.br\/2019\/11\/22\/dez-dias-apos-sumico-de-menino-lucas-favela-do-amor-vive-em-clima-de-medo\/\">desaparecimento de Lucas Eduardo Martins dos Santos<\/a>, de 14 anos, em Santo Andr\u00e9, na regi\u00e3o do ABC Paulista, da confirma\u00e7\u00e3o de sua morte.&nbsp;<\/p>\n\n\n\n<p>No dia 13 de novembro, ele saiu para comprar refrigerante em uma quitanda pr\u00f3xima de sua casa e teria sido abordado, de acordo com testemunhas, por policiais militares do 41\u00ba Batalh\u00e3o da Pol\u00edcia Militar.<\/p>\n\n\n\n<p>Um&nbsp;<a href=\"https:\/\/www.brasildefato.com.br\/2019\/11\/26\/caso-lucas-resultado-de-dna-de-corpo-encontrado-em-lago-e-aguardado-para-esta-semana\/\">exame de DNA<\/a>, cujo resultado foi revelado no dia 28 de novembro, confirmou que um corpo encontrado em um lago do Parque do Pedroso, tamb\u00e9m no munic\u00edpio paulista, era o de Lucas. Dois PMs foram afastados da corpora\u00e7\u00e3o, suspeitos de atuarem no assassinato do adolescente.&nbsp;<\/p>\n\n\n\n<p>Parais\u00f3polis<\/p>\n\n\n\n<p>No dia 1 de dezembro, uma trag\u00e9dia. Ap\u00f3s a\u00e7\u00e3o policial, nove adolescentes e jovens, que se apinhavam pelas ruas de Parais\u00f3polis, na zona sul de S\u00e3o Paulo, durante o Baile da DZ7,&nbsp;<a href=\"https:\/\/www.brasildefato.com.br\/2019\/12\/02\/paraisopolis-moradores-relatam-que-truculencia-da-policia-nao-e-novidade\/\">morreram ap\u00f3s uma opera\u00e7\u00e3o da PM<\/a>.<\/p>\n\n\n\n<p>Policiais utilizaram bombas de g\u00e1s lacrimog\u00eaneo e agrediram os frequentadores da festa de funk. O laudo pericial indicou morte por \u201casfixia mec\u00e2nica\u201d. Assim, os agentes devem ser indiciados por crime culposo, quando n\u00e3o h\u00e1 inten\u00e7\u00e3o de matar.&nbsp;<\/p>\n\n\n\n<p>Pacote &#8220;anticrime&#8221;<\/p>\n\n\n\n<p>No dia 4 de dezembro, o&nbsp;<a href=\"https:\/\/www.brasildefato.com.br\/2019\/12\/12\/aprovado-no-senado-pacote-anticrime-segue-para-bolsonaro-conheca-as-medidas\/\">governo conseguiu aprovar<\/a>, finalmente, o pacote &#8220;anticrime&#8221; apresentado ao Congresso Nacional por Sergio Moro, ministro da Justi\u00e7a ainda no come\u00e7o do ano, em 4 de fevereiro.&nbsp;<\/p>\n\n\n\n<p>Apesar da aprova\u00e7\u00e3o, o texto final significa uma derrota parcial para o Pal\u00e1cio do Planalto. Pontos considerados cardeais para o ex-juiz, como o excludente de ilicitude e a pris\u00e3o em segunda inst\u00e2ncia, foram exclu\u00eddos do pacote aprovado.&nbsp;<\/p>\n\n\n\n<p>Edi\u00e7\u00e3o: Rodrigo Chagas<br><\/p>\n","protected":false},"excerpt":{"rendered":"<p>Pol\u00edcia mata cada vez mais nas periferias; mortes batem recorde em pres\u00eddios do Norte; caso Marielle segue sem solu\u00e7\u00e3o<\/p>\n","protected":false},"author":1,"featured_media":0,"comment_status":"closed","ping_status":"open","sticky":false,"template":"","format":"standard","meta":{"_exactmetrics_skip_tracking":false,"_exactmetrics_sitenote_active":false,"_exactmetrics_sitenote_note":"","_exactmetrics_sitenote_category":0,"jetpack_post_was_ever_published":false,"_jetpack_newsletter_access":"","_jetpack_dont_email_post_to_subs":false,"_jetpack_newsletter_tier_id":0,"_jetpack_memberships_contains_paywalled_content":false,"_jetpack_memberships_contains_paid_content":false,"footnotes":"","jetpack_publicize_message":"","jetpack_publicize_feature_enabled":true,"jetpack_social_post_already_shared":true,"jetpack_social_options":{"image_generator_settings":{"template":"highway","enabled":false},"version":2}},"categories":[1],"tags":[],"class_list":["post-25685","post","type-post","status-publish","format-standard","hentry","category-notas"],"jetpack_publicize_connections":[],"jetpack_sharing_enabled":true,"jetpack_featured_media_url":"","jetpack_shortlink":"https:\/\/wp.me\/p7wKYW-6Gh","jetpack-related-posts":[],"_links":{"self":[{"href":"http:\/\/blogdalucianaoliveira.com.br\/blog\/wp-json\/wp\/v2\/posts\/25685","targetHints":{"allow":["GET"]}}],"collection":[{"href":"http:\/\/blogdalucianaoliveira.com.br\/blog\/wp-json\/wp\/v2\/posts"}],"about":[{"href":"http:\/\/blogdalucianaoliveira.com.br\/blog\/wp-json\/wp\/v2\/types\/post"}],"author":[{"embeddable":true,"href":"http:\/\/blogdalucianaoliveira.com.br\/blog\/wp-json\/wp\/v2\/users\/1"}],"replies":[{"embeddable":true,"href":"http:\/\/blogdalucianaoliveira.com.br\/blog\/wp-json\/wp\/v2\/comments?post=25685"}],"version-history":[{"count":1,"href":"http:\/\/blogdalucianaoliveira.com.br\/blog\/wp-json\/wp\/v2\/posts\/25685\/revisions"}],"predecessor-version":[{"id":25686,"href":"http:\/\/blogdalucianaoliveira.com.br\/blog\/wp-json\/wp\/v2\/posts\/25685\/revisions\/25686"}],"wp:attachment":[{"href":"http:\/\/blogdalucianaoliveira.com.br\/blog\/wp-json\/wp\/v2\/media?parent=25685"}],"wp:term":[{"taxonomy":"category","embeddable":true,"href":"http:\/\/blogdalucianaoliveira.com.br\/blog\/wp-json\/wp\/v2\/categories?post=25685"},{"taxonomy":"post_tag","embeddable":true,"href":"http:\/\/blogdalucianaoliveira.com.br\/blog\/wp-json\/wp\/v2\/tags?post=25685"}],"curies":[{"name":"wp","href":"https:\/\/api.w.org\/{rel}","templated":true}]}}