{"id":25687,"date":"2019-12-25T18:35:31","date_gmt":"2019-12-25T22:35:31","guid":{"rendered":"http:\/\/blogdalucianaoliveira.com.br\/blog\/?p=25687"},"modified":"2019-12-25T18:42:05","modified_gmt":"2019-12-25T22:42:05","slug":"bolsonaro-edita-medida-provisoria-que-muda-escolha-de-reitor-e-reduz-autonomia-das-federais","status":"publish","type":"post","link":"http:\/\/blogdalucianaoliveira.com.br\/blog\/2019\/12\/25\/bolsonaro-edita-medida-provisoria-que-muda-escolha-de-reitor-e-reduz-autonomia-das-federais\/","title":{"rendered":"Bolsonaro edita medida provis\u00f3ria que muda escolha de reitor e reduz autonomia das federais"},"content":{"rendered":"\n<figure class=\"wp-block-image\"><img data-recalc-dims=\"1\" decoding=\"async\" src=\"https:\/\/i0.wp.com\/f.i.uol.com.br\/fotografia\/2019\/10\/04\/15702126395d978b1f838d0_1570212639_3x2_md.jpg?w=600&#038;ssl=1\" alt=\"Campus Ondina da Universidade Federal da Bahia (UFBa)\"\/><\/figure>\n\n\n\n<h4 class=\"wp-block-heading\">Texto precisa ser aprovado pelo Congresso em at\u00e9 120 dias<\/h4>\n\n\n\n<!--more-->\n\n\n\n<p><strong><a href=\"https:\/\/www1.folha.uol.com.br\/autores\/paulo-saldana.shtml\">Paulo Salda\u00f1a<\/a><\/strong><\/p>\n\n\n\n<p>FSP<\/p>\n\n\n\n<p>O governo Jair Bolsonaro editou uma medida provis\u00f3ria que altera o formato de escolha de reitores de&nbsp;<a href=\"https:\/\/www1.folha.uol.com.br\/educacao\/2019\/12\/instituicoes-federais-tem-performance-duas-vezes-melhor-que-particulares-em-avaliacao-do-mec.shtml\">institui\u00e7\u00f5es federais de ensino<\/a>. O texto reduz a autonomia das universidades ao eliminar possibilidade de consulta parit\u00e1ria \u00e0 comunidade acad\u00eamica.<\/p>\n\n\n\n<p>A medida provis\u00f3ria tem for\u00e7a de lei mas precisa ser aprovada pelo Congresso Nacional no prazo de at\u00e9 120 dias. Caso n\u00e3o seja apreciada pelos parlamentares, perde a validade.<\/p>\n\n\n\n<p>As federais t\u00eam sido alvo de ataques do governo, sobretudo do ministro da Educa\u00e7\u00e3o,&nbsp;<a href=\"https:\/\/www1.folha.uol.com.br\/educacao\/2019\/11\/casos-de-drogas-citados-por-weintraub-nao-tem-elo-com-universidades-federais.shtml\">Abraham&nbsp;<\/a><a href=\"https:\/\/www1.folha.uol.com.br\/educacao\/2019\/11\/casos-de-drogas-citados-por-weintraub-nao-tem-elo-com-universidades-federais.shtml\">Weintraub<\/a>. Para o governo, as institui\u00e7\u00f5es s\u00e3o controladas pela esquerda.&nbsp;<\/p>\n\n\n\n<p>Com a medida, publicada em edi\u00e7\u00e3o extra do Di\u00e1rio Oficial na ter\u00e7a-feira (24), passa a ser obrigat\u00f3ria\u00a0uma consulta \u00e0 comunidade acad\u00eamica em que o peso de voto dos professores \u00e9 de 70%. Os votos de servidores t\u00e9cnico-administrativos e de estudantes ter\u00e3o 15% de peso por categoria.<br>A partir do resultado, obtido por m\u00e9dia ponderada, uma lista tr\u00edplice deve ser encaminhada ao presidente, que tem liberdade para nomear um dos tr\u00eas nomes.\u00a0<\/p>\n\n\n\n<p>Essas regras j\u00e1 existiam na legisla\u00e7\u00e3o anterior, mas havia a possibilidade de uma consulta parit\u00e1ria dentro da institui\u00e7\u00e3o. Ap\u00f3s essa vota\u00e7\u00e3o, os conselhos universit\u00e1rios (que contam com maior representa\u00e7\u00e3o de professores) constitu\u00edam a lista tr\u00edplice de modo a respeitar a vontade da comunidade. Isso ocorria em v\u00e1rias universidades.&nbsp;<\/p>\n\n\n\n<p>Al\u00e9m disso, passa para o reitor a escolha de seu vice e dos dirigentes das unidades. At\u00e9 agora, cabia a cada institui\u00e7\u00e3o definir a forma de sele\u00e7\u00e3o desses cargos, e a maioria fazia vota\u00e7\u00f5es.&nbsp;<\/p>\n\n\n\n<p>O vice tamb\u00e9m concorria na mesma chapa do reitor, o que \u00e9 eliminado pela medida provis\u00f3ria.<\/p>\n\n\n\n<p>As universidades n\u00e3o foram consultadas, segundo o presidente da&nbsp;<a href=\"https:\/\/www1.folha.uol.com.br\/educacao\/2019\/12\/reitores-vao-a-justica-para-que-weintraub-prove-falas-sobre-droga-em-universidades.shtml\">Andifes<\/a>, Jo\u00e3o Carlos Salles. A entidade re\u00fane os reitores das universidades federais.<\/p>\n\n\n\n<p>&#8220;Ficamos logo surpresos que uma decis\u00e3o de tal ordem, que afeta a escolha dos nossos dirigentes, seja apresentada atrav\u00e9s de uma medida provis\u00f3ria e n\u00e3o de um projeto de lei, com o que se restringe compet\u00eancia do Congresso Nacional&#8221;, disse ele, reitor da UFBA (Universidade Federal da Bahia).<\/p>\n\n\n\n<p>&#8220;Cada institui\u00e7\u00e3o deve exercer sua autonomia, inclusive na formula\u00e7\u00e3o dos crit\u00e9rios acad\u00eamicos e democr\u00e1ticos para a escolha mais leg\u00edtima de seus dirigentes.&#8221;<\/p>\n\n\n\n<p>As mudan\u00e7as valem para universidades, institutos federais e para o&nbsp;<a href=\"https:\/\/www1.folha.uol.com.br\/educacao\/2019\/05\/governo-cortara-36-do-orcamento-do-colegio-pedro-ii-no-rio.shtml\">Col\u00e9gio Pedro&nbsp;<\/a><a href=\"https:\/\/www1.folha.uol.com.br\/educacao\/2019\/05\/governo-cortara-36-do-orcamento-do-colegio-pedro-ii-no-rio.shtml\">II<\/a>, no Rio. A medida representa uma mudan\u00e7a maior para os institutos.<\/p>\n\n\n\n<p>Os institutos fazem suas vota\u00e7\u00f5es e encaminham ao governo apenas um nome. Agora, ter\u00e3o que mandar tamb\u00e9m uma lista tr\u00edplice, o que aumenta a margem de interfer\u00eancia do governo na escolha final.<\/p>\n\n\n\n<p>Bolsonaro atrasou em mais de um ano&nbsp;<a href=\"https:\/\/www1.folha.uol.com.br\/educacao\/2019\/12\/reitora-de-instituto-federal-completa-um-ano-sem-nomeacao-do-mec.shtml\">a nomea\u00e7\u00e3o da reitora do IFBA (Instituto Federal de Educa\u00e7\u00e3o, Ci\u00eancia e Tecnologia da Bahia)<\/a>. A professora Luzia Mota s\u00f3 foi nomeada na ter\u00e7a-feira (24) ap\u00f3s ela questionar no STF (Supremo Tribunal Federal) sobre a demora.<\/p>\n\n\n\n<p>Em maio, Weintraub indicou em audi\u00eancia no Senado que a reten\u00e7\u00e3o de nomea\u00e7\u00f5es tinha rela\u00e7\u00f5es com quest\u00f5es pol\u00edticas. Apesar de a nomea\u00e7\u00e3o oficial caber ao presidente, os nomes s\u00e3o validados pelo Minist\u00e9rio da Educa\u00e7\u00e3o.<\/p>\n\n\n\n<p>A deputada Margarida Salom\u00e3o (PT-MG), coordenadora da Frente Parlamentar pela Valoriza\u00e7\u00e3o das Universidades Federais, afirmou que vai pedir ao presidente do Congresso, senador Davi Alcolumbre (DEM-AP), que o texto seja devolvido por n\u00e3o apresentar motivos que justifiquem o uso da urg\u00eancia, requisito para edi\u00e7\u00e3o de medidas provis\u00f3rias.<\/p>\n\n\n\n<p>&#8220;N\u00e3o h\u00e1 emerg\u00eancia, relev\u00e2ncia nem qualquer outro requisito constitucional que justifique a interven\u00e7\u00e3o desenhada pelo governo&#8221;, diz a deputada, em nota \u00e0 imprensa.&nbsp;<\/p>\n\n\n\n<p>A deputada, que considera a decis\u00e3o editada durante o recesso parlamentar uma \u201cafronta de forma grav\u00edssima a autonomia universit\u00e1ria\u201d, afirma que pretende ingressar com mandado de seguran\u00e7a no STF para tentar derrubar a medida.&nbsp;<\/p>\n","protected":false},"excerpt":{"rendered":"<p>Texto precisa ser aprovado pelo Congresso em at\u00e9 120 dias<\/p>\n","protected":false},"author":1,"featured_media":0,"comment_status":"closed","ping_status":"open","sticky":false,"template":"","format":"standard","meta":{"_exactmetrics_skip_tracking":false,"_exactmetrics_sitenote_active":false,"_exactmetrics_sitenote_note":"","_exactmetrics_sitenote_category":0,"jetpack_post_was_ever_published":false,"_jetpack_newsletter_access":"","_jetpack_dont_email_post_to_subs":false,"_jetpack_newsletter_tier_id":0,"_jetpack_memberships_contains_paywalled_content":false,"_jetpack_memberships_contains_paid_content":false,"footnotes":"","jetpack_publicize_message":"","jetpack_publicize_feature_enabled":true,"jetpack_social_post_already_shared":true,"jetpack_social_options":{"image_generator_settings":{"template":"highway","enabled":false},"version":2}},"categories":[1],"tags":[],"class_list":["post-25687","post","type-post","status-publish","format-standard","hentry","category-notas"],"jetpack_publicize_connections":[],"jetpack_sharing_enabled":true,"jetpack_featured_media_url":"","jetpack_shortlink":"https:\/\/wp.me\/p7wKYW-6Gj","jetpack-related-posts":[],"_links":{"self":[{"href":"http:\/\/blogdalucianaoliveira.com.br\/blog\/wp-json\/wp\/v2\/posts\/25687","targetHints":{"allow":["GET"]}}],"collection":[{"href":"http:\/\/blogdalucianaoliveira.com.br\/blog\/wp-json\/wp\/v2\/posts"}],"about":[{"href":"http:\/\/blogdalucianaoliveira.com.br\/blog\/wp-json\/wp\/v2\/types\/post"}],"author":[{"embeddable":true,"href":"http:\/\/blogdalucianaoliveira.com.br\/blog\/wp-json\/wp\/v2\/users\/1"}],"replies":[{"embeddable":true,"href":"http:\/\/blogdalucianaoliveira.com.br\/blog\/wp-json\/wp\/v2\/comments?post=25687"}],"version-history":[{"count":2,"href":"http:\/\/blogdalucianaoliveira.com.br\/blog\/wp-json\/wp\/v2\/posts\/25687\/revisions"}],"predecessor-version":[{"id":25689,"href":"http:\/\/blogdalucianaoliveira.com.br\/blog\/wp-json\/wp\/v2\/posts\/25687\/revisions\/25689"}],"wp:attachment":[{"href":"http:\/\/blogdalucianaoliveira.com.br\/blog\/wp-json\/wp\/v2\/media?parent=25687"}],"wp:term":[{"taxonomy":"category","embeddable":true,"href":"http:\/\/blogdalucianaoliveira.com.br\/blog\/wp-json\/wp\/v2\/categories?post=25687"},{"taxonomy":"post_tag","embeddable":true,"href":"http:\/\/blogdalucianaoliveira.com.br\/blog\/wp-json\/wp\/v2\/tags?post=25687"}],"curies":[{"name":"wp","href":"https:\/\/api.w.org\/{rel}","templated":true}]}}