{"id":2569,"date":"2016-07-25T13:37:01","date_gmt":"2016-07-25T17:37:01","guid":{"rendered":"http:\/\/blogdalucianaoliveira.com.br\/blog\/?p=2569"},"modified":"2016-07-25T14:20:36","modified_gmt":"2016-07-25T18:20:36","slug":"confira-as-ultimas","status":"publish","type":"post","link":"http:\/\/blogdalucianaoliveira.com.br\/blog\/2016\/07\/25\/confira-as-ultimas\/","title":{"rendered":"Confira as \u00faltimas"},"content":{"rendered":"<p><img data-recalc-dims=\"1\" loading=\"lazy\" decoding=\"async\" data-attachment-id=\"2573\" data-permalink=\"http:\/\/blogdalucianaoliveira.com.br\/blog\/2016\/07\/25\/confira-as-ultimas\/img_4300-4\/\" data-orig-file=\"https:\/\/i0.wp.com\/blogdalucianaoliveira.com.br\/blog\/wp-content\/uploads\/2016\/07\/IMG_4300.jpg?fit=1200%2C576\" data-orig-size=\"1200,576\" data-comments-opened=\"0\" data-image-meta=\"{&quot;aperture&quot;:&quot;0&quot;,&quot;credit&quot;:&quot;&quot;,&quot;camera&quot;:&quot;&quot;,&quot;caption&quot;:&quot;&quot;,&quot;created_timestamp&quot;:&quot;0&quot;,&quot;copyright&quot;:&quot;&quot;,&quot;focal_length&quot;:&quot;0&quot;,&quot;iso&quot;:&quot;0&quot;,&quot;shutter_speed&quot;:&quot;0&quot;,&quot;title&quot;:&quot;&quot;,&quot;orientation&quot;:&quot;1&quot;}\" data-image-title=\"IMG_4300\" data-image-description=\"\" data-image-caption=\"\" data-medium-file=\"https:\/\/i0.wp.com\/blogdalucianaoliveira.com.br\/blog\/wp-content\/uploads\/2016\/07\/IMG_4300.jpg?fit=300%2C144\" data-large-file=\"https:\/\/i0.wp.com\/blogdalucianaoliveira.com.br\/blog\/wp-content\/uploads\/2016\/07\/IMG_4300.jpg?fit=600%2C288\" src=\"https:\/\/i0.wp.com\/blogdalucianaoliveira.com.br\/blog\/wp-content\/uploads\/2016\/07\/IMG_4300.jpg?resize=600%2C288\" alt=\"IMG_4300\" width=\"600\" height=\"288\" class=\"alignnone size-full wp-image-2573\" srcset=\"https:\/\/i0.wp.com\/blogdalucianaoliveira.com.br\/blog\/wp-content\/uploads\/2016\/07\/IMG_4300.jpg?w=1200 1200w, https:\/\/i0.wp.com\/blogdalucianaoliveira.com.br\/blog\/wp-content\/uploads\/2016\/07\/IMG_4300.jpg?resize=300%2C144 300w, https:\/\/i0.wp.com\/blogdalucianaoliveira.com.br\/blog\/wp-content\/uploads\/2016\/07\/IMG_4300.jpg?resize=768%2C369 768w, https:\/\/i0.wp.com\/blogdalucianaoliveira.com.br\/blog\/wp-content\/uploads\/2016\/07\/IMG_4300.jpg?resize=625%2C300 625w\" sizes=\"auto, (max-width: 600px) 100vw, 600px\" \/><\/p>\n<p>MARIANA ARREGOU<br \/>\nEnt\u00e3o, depois de meses enrolando seus eleitores, a deputada Federal Mariana Carvalho anunciou que n\u00e3o ser\u00e1 candidata \u00e0 prefeitura de Porto Velho. Disse que nunca disse que seria, mas n\u00e3o por que n\u00e3o disse logo que n\u00e3o seria candidata.<br \/>\n\u00c9 jovem demais, representa um grupo que pratica a velha pol\u00edtica e apoiou a pauta reacion\u00e1ria do deputado \u00e0 beira da cassa\u00e7\u00e3o, Eduardo Cunha. Porto Velho n\u00e3o merece mais do mesmo e pior. <!--more--><\/p>\n<p>Seu partido, o PSDB sair\u00e1 com o ex-promotor Hildon, que vem com o apoio do senador cassado Expedito J\u00fanior. A imagem de um est\u00e1 colada na do outro, o que \u00e9 um p\u00e9ssimo sinal.<\/p>\n<p><img data-recalc-dims=\"1\" loading=\"lazy\" decoding=\"async\" data-attachment-id=\"2577\" data-permalink=\"http:\/\/blogdalucianaoliveira.com.br\/blog\/2016\/07\/25\/confira-as-ultimas\/image-589\/\" data-orig-file=\"https:\/\/i0.wp.com\/blogdalucianaoliveira.com.br\/blog\/wp-content\/uploads\/2016\/07\/image-139.jpeg?fit=443%2C332\" data-orig-size=\"443,332\" data-comments-opened=\"0\" data-image-meta=\"{&quot;aperture&quot;:&quot;0&quot;,&quot;credit&quot;:&quot;&quot;,&quot;camera&quot;:&quot;&quot;,&quot;caption&quot;:&quot;&quot;,&quot;created_timestamp&quot;:&quot;0&quot;,&quot;copyright&quot;:&quot;&quot;,&quot;focal_length&quot;:&quot;0&quot;,&quot;iso&quot;:&quot;0&quot;,&quot;shutter_speed&quot;:&quot;0&quot;,&quot;title&quot;:&quot;&quot;,&quot;orientation&quot;:&quot;0&quot;}\" data-image-title=\"image\" data-image-description=\"\" data-image-caption=\"\" data-medium-file=\"https:\/\/i0.wp.com\/blogdalucianaoliveira.com.br\/blog\/wp-content\/uploads\/2016\/07\/image-139.jpeg?fit=300%2C225\" data-large-file=\"https:\/\/i0.wp.com\/blogdalucianaoliveira.com.br\/blog\/wp-content\/uploads\/2016\/07\/image-139.jpeg?fit=443%2C332\" src=\"https:\/\/i0.wp.com\/blogdalucianaoliveira.com.br\/blog\/wp-content\/uploads\/2016\/07\/image-139.jpeg?resize=443%2C332\" alt=\"image\" width=\"443\" height=\"332\" class=\"alignnone size-full wp-image-2577\" srcset=\"https:\/\/i0.wp.com\/blogdalucianaoliveira.com.br\/blog\/wp-content\/uploads\/2016\/07\/image-139.jpeg?w=443 443w, https:\/\/i0.wp.com\/blogdalucianaoliveira.com.br\/blog\/wp-content\/uploads\/2016\/07\/image-139.jpeg?resize=300%2C225 300w, https:\/\/i0.wp.com\/blogdalucianaoliveira.com.br\/blog\/wp-content\/uploads\/2016\/07\/image-139.jpeg?resize=400%2C300 400w\" sizes=\"auto, (max-width: 443px) 100vw, 443px\" \/><\/p>\n<p>NAZAR\u00c9 NO CIRCUITO INTERNACIONAL<br \/>\nEm agosto de 2016 ser\u00e1 realizada na comunidade ribeirinha de Nazar\u00e9, em Porto Velho\/RO, a XVII Confer\u00eancia do Comit\u00ea Internacional para uma Nova Museologia\/MINOM. A escolha foi feita durante a \u00faltima confer\u00eancia do MINOM que aconteceu em Cuba na cidade de La Havana em outubro de 2014. Nazar\u00e9 sediar\u00e1 o primeiro museu ribeirinho do Estado de Rond\u00f4nia que tem como base os pressupostos da museologia social. A iniciativa parte da comunidade com apoio da Universidade Federal de Rond\u00f4nia por meio do Programa de incentivo a Extens\u00e3o Universit\u00e1ria \u2013 PROEXT que \u00e9 financiado pelo Minist\u00e9rio da Educa\u00e7\u00e3o.<br \/>\n<img data-recalc-dims=\"1\" loading=\"lazy\" decoding=\"async\" data-attachment-id=\"2575\" data-permalink=\"http:\/\/blogdalucianaoliveira.com.br\/blog\/2016\/07\/25\/confira-as-ultimas\/minon\/\" data-orig-file=\"https:\/\/i0.wp.com\/blogdalucianaoliveira.com.br\/blog\/wp-content\/uploads\/2016\/07\/minon.jpg?fit=677%2C252\" data-orig-size=\"677,252\" data-comments-opened=\"0\" data-image-meta=\"{&quot;aperture&quot;:&quot;0&quot;,&quot;credit&quot;:&quot;&quot;,&quot;camera&quot;:&quot;&quot;,&quot;caption&quot;:&quot;&quot;,&quot;created_timestamp&quot;:&quot;0&quot;,&quot;copyright&quot;:&quot;&quot;,&quot;focal_length&quot;:&quot;0&quot;,&quot;iso&quot;:&quot;0&quot;,&quot;shutter_speed&quot;:&quot;0&quot;,&quot;title&quot;:&quot;&quot;,&quot;orientation&quot;:&quot;0&quot;}\" data-image-title=\"minon\" data-image-description=\"\" data-image-caption=\"\" data-medium-file=\"https:\/\/i0.wp.com\/blogdalucianaoliveira.com.br\/blog\/wp-content\/uploads\/2016\/07\/minon.jpg?fit=300%2C112\" data-large-file=\"https:\/\/i0.wp.com\/blogdalucianaoliveira.com.br\/blog\/wp-content\/uploads\/2016\/07\/minon.jpg?fit=600%2C223\" src=\"https:\/\/i0.wp.com\/blogdalucianaoliveira.com.br\/blog\/wp-content\/uploads\/2016\/07\/minon.jpg?resize=600%2C223\" alt=\"minon\" width=\"600\" height=\"223\" class=\"alignnone size-full wp-image-2575\" srcset=\"https:\/\/i0.wp.com\/blogdalucianaoliveira.com.br\/blog\/wp-content\/uploads\/2016\/07\/minon.jpg?w=677 677w, https:\/\/i0.wp.com\/blogdalucianaoliveira.com.br\/blog\/wp-content\/uploads\/2016\/07\/minon.jpg?resize=300%2C112 300w\" sizes=\"auto, (max-width: 600px) 100vw, 600px\" \/><\/p>\n<p>A ARTE DE SER BABACA<br \/>\nO prefeito do Rio de Janeiro, Eduardo Paes n\u00e3o cansa de falar besteira. Ap\u00f3s a delega\u00e7\u00e3o da Austr\u00e1lia se recusar a ocupar um hotel com vazamento no banheiro, disse que vai providenciar o conserto em 48 horas e mandar buscar um canguru pra agradar os atletas e a comiss\u00e3o t\u00e9cnica. A equipe rebateu: \u201cN\u00e3o queremos canguru, queremos encanadores.\u201d<br \/>\nO que se arruma em 48 horas n\u00e3o se arruma antes da delega\u00e7\u00e3o chegar? <\/p>\n<p>S\u00c3O PAULO SEM OP\u00c7\u00d5ES<br \/>\nOs eleitores que mais se gabam de saber votar ter\u00e3o que decidir entre o \u2018mais do mesmo\u2019 e o \u2018nem pensar\u2019 pra comandar a maior prefeitura do pa\u00eds.<br \/>\nFernando Haddad, do PT, concorrer\u00e1 \u00e0 reelei\u00e7\u00e3o. O PRB vem com o deputado federal Celso Russomanno, que pode ter a candidatura impugnada pelo STF se for confirmada a condena\u00e7\u00e3o por desvio de dinheiro p\u00fablico. O PSDB lan\u00e7ou o empres\u00e1rio Jo\u00e3o Doria, que foi denunciado por abuso de poder econ\u00f4mico nas pr\u00e9vias partid\u00e1rias ao Minist\u00e9rio P\u00fablico Eleitoral.<br \/>\nE o PSOL vem com a deputada federal e ex-prefeita Luiza Erundina, que j\u00e1 foi do PT.<\/p>\n<p>N\u00c3O ATICEM O FORMIGUEIRO<\/p>\n<p>Um dos pol\u00edticos mais respeitados e queridos, o petista ex-senador e candidato a vereador, Eduardo Suplicy, encarou a pol\u00edcia pra impedir uma reintegra\u00e7\u00e3o de posse na Zona Oeste de S\u00e3o Paulo. O idoso foi violentamente carregado pelos policiais que consideraram o protesto dele obstru\u00e7\u00e3o \u00e0 justi\u00e7a. Qual o problema em deitar no ch\u00e3o e permanecer inerte em protesto? O problema \u00e9 que estamos sob as ordens um governo golpista.<br \/>\nOs movimentos sociais que sempre contaram com Suplicy como articulador de negocia\u00e7\u00f5es de forma pac\u00edfica, est\u00e3o indignados com a trucul\u00eancia pra reprimir protestos e prometem ati\u00e7ar o formigueiro pra evitar que cenas que remetem ao per\u00edodo da ditadura militar se tornem frequentes.<\/p>\n<p><img data-recalc-dims=\"1\" loading=\"lazy\" decoding=\"async\" data-attachment-id=\"2580\" data-permalink=\"http:\/\/blogdalucianaoliveira.com.br\/blog\/2016\/07\/25\/confira-as-ultimas\/image-590\/\" data-orig-file=\"https:\/\/i0.wp.com\/blogdalucianaoliveira.com.br\/blog\/wp-content\/uploads\/2016\/07\/image-140.jpeg?fit=1136%2C640\" data-orig-size=\"1136,640\" data-comments-opened=\"0\" data-image-meta=\"{&quot;aperture&quot;:&quot;0&quot;,&quot;credit&quot;:&quot;&quot;,&quot;camera&quot;:&quot;&quot;,&quot;caption&quot;:&quot;&quot;,&quot;created_timestamp&quot;:&quot;0&quot;,&quot;copyright&quot;:&quot;&quot;,&quot;focal_length&quot;:&quot;0&quot;,&quot;iso&quot;:&quot;0&quot;,&quot;shutter_speed&quot;:&quot;0&quot;,&quot;title&quot;:&quot;&quot;,&quot;orientation&quot;:&quot;1&quot;}\" data-image-title=\"image\" data-image-description=\"\" data-image-caption=\"\" data-medium-file=\"https:\/\/i0.wp.com\/blogdalucianaoliveira.com.br\/blog\/wp-content\/uploads\/2016\/07\/image-140.jpeg?fit=300%2C169\" data-large-file=\"https:\/\/i0.wp.com\/blogdalucianaoliveira.com.br\/blog\/wp-content\/uploads\/2016\/07\/image-140.jpeg?fit=600%2C338\" src=\"https:\/\/i0.wp.com\/blogdalucianaoliveira.com.br\/blog\/wp-content\/uploads\/2016\/07\/image-140.jpeg?resize=600%2C338\" alt=\"image\" width=\"600\" height=\"338\" class=\"alignnone size-full wp-image-2580\" srcset=\"https:\/\/i0.wp.com\/blogdalucianaoliveira.com.br\/blog\/wp-content\/uploads\/2016\/07\/image-140.jpeg?w=1136 1136w, https:\/\/i0.wp.com\/blogdalucianaoliveira.com.br\/blog\/wp-content\/uploads\/2016\/07\/image-140.jpeg?resize=300%2C169 300w\" sizes=\"auto, (max-width: 600px) 100vw, 600px\" \/><\/p>\n","protected":false},"excerpt":{"rendered":"<p>MARIANA ARREGOU Ent\u00e3o, depois de meses enrolando seus eleitores, a deputada Federal Mariana Carvalho anunciou que n\u00e3o ser\u00e1 candidata \u00e0 prefeitura de Porto Velho. Disse que nunca disse que seria, mas n\u00e3o por que n\u00e3o disse logo que n\u00e3o seria candidata. \u00c9 jovem demais, representa um grupo que pratica a velha pol\u00edtica e apoiou a&#8230;<a class=\"more-link\" href=\"http:\/\/blogdalucianaoliveira.com.br\/blog\/2016\/07\/25\/confira-as-ultimas\/\">Continue a leitura <span class=\"meta-nav\">&raquo;<\/span><\/a><\/p>\n","protected":false},"author":1,"featured_media":0,"comment_status":"closed","ping_status":"open","sticky":false,"template":"","format":"standard","meta":{"_exactmetrics_skip_tracking":false,"_exactmetrics_sitenote_active":false,"_exactmetrics_sitenote_note":"","_exactmetrics_sitenote_category":0,"jetpack_post_was_ever_published":false,"_jetpack_newsletter_access":"","_jetpack_dont_email_post_to_subs":false,"_jetpack_newsletter_tier_id":0,"_jetpack_memberships_contains_paywalled_content":false,"_jetpack_memberships_contains_paid_content":false,"footnotes":"","jetpack_publicize_message":"","jetpack_publicize_feature_enabled":true,"jetpack_social_post_already_shared":true,"jetpack_social_options":{"image_generator_settings":{"template":"highway","enabled":false},"version":2}},"categories":[1],"tags":[],"class_list":["post-2569","post","type-post","status-publish","format-standard","hentry","category-notas"],"jetpack_publicize_connections":[],"jetpack_sharing_enabled":true,"jetpack_featured_media_url":"","jetpack_shortlink":"https:\/\/wp.me\/p7wKYW-Fr","jetpack-related-posts":[],"_links":{"self":[{"href":"http:\/\/blogdalucianaoliveira.com.br\/blog\/wp-json\/wp\/v2\/posts\/2569","targetHints":{"allow":["GET"]}}],"collection":[{"href":"http:\/\/blogdalucianaoliveira.com.br\/blog\/wp-json\/wp\/v2\/posts"}],"about":[{"href":"http:\/\/blogdalucianaoliveira.com.br\/blog\/wp-json\/wp\/v2\/types\/post"}],"author":[{"embeddable":true,"href":"http:\/\/blogdalucianaoliveira.com.br\/blog\/wp-json\/wp\/v2\/users\/1"}],"replies":[{"embeddable":true,"href":"http:\/\/blogdalucianaoliveira.com.br\/blog\/wp-json\/wp\/v2\/comments?post=2569"}],"version-history":[{"count":7,"href":"http:\/\/blogdalucianaoliveira.com.br\/blog\/wp-json\/wp\/v2\/posts\/2569\/revisions"}],"predecessor-version":[{"id":2584,"href":"http:\/\/blogdalucianaoliveira.com.br\/blog\/wp-json\/wp\/v2\/posts\/2569\/revisions\/2584"}],"wp:attachment":[{"href":"http:\/\/blogdalucianaoliveira.com.br\/blog\/wp-json\/wp\/v2\/media?parent=2569"}],"wp:term":[{"taxonomy":"category","embeddable":true,"href":"http:\/\/blogdalucianaoliveira.com.br\/blog\/wp-json\/wp\/v2\/categories?post=2569"},{"taxonomy":"post_tag","embeddable":true,"href":"http:\/\/blogdalucianaoliveira.com.br\/blog\/wp-json\/wp\/v2\/tags?post=2569"}],"curies":[{"name":"wp","href":"https:\/\/api.w.org\/{rel}","templated":true}]}}