{"id":25692,"date":"2019-12-26T15:43:59","date_gmt":"2019-12-26T19:43:59","guid":{"rendered":"http:\/\/blogdalucianaoliveira.com.br\/blog\/?p=25692"},"modified":"2019-12-26T15:44:10","modified_gmt":"2019-12-26T19:44:10","slug":"em-mundo-mais-populoso-e-gordo-producao-de-comida-tera-de-crescer-80-ate-fim-do-seculo-diz-estudo","status":"publish","type":"post","link":"http:\/\/blogdalucianaoliveira.com.br\/blog\/2019\/12\/26\/em-mundo-mais-populoso-e-gordo-producao-de-comida-tera-de-crescer-80-ate-fim-do-seculo-diz-estudo\/","title":{"rendered":"Em mundo mais populoso e gordo, produ\u00e7\u00e3o de comida ter\u00e1 de crescer 80% at\u00e9 fim do s\u00e9culo, diz estudo"},"content":{"rendered":"\n<figure class=\"wp-block-image\"><img data-recalc-dims=\"1\" decoding=\"async\" src=\"https:\/\/i0.wp.com\/ichef.bbci.co.uk\/news\/660\/cpsprodpb\/13FCE\/production\/_110307818_7f8369a7-e611-4c53-9f3e-78d1fbe188cc.jpg?w=600&#038;ssl=1\" alt=\"Mulher compra amendoim em feira livre na \u00cdndia\"\/><\/figure>\n\n\n\n<p>A quantidade de comida necess\u00e1ria para alimentar a popula\u00e7\u00e3o mundial at\u00e9 o final do s\u00e9culo pode ter de aumentar em quase 80% at\u00e9 o fim do s\u00e9culo, aponta um estudo.<\/p>\n\n\n\n<!--more-->\n\n\n\n<p>Na BBC <\/p>\n\n\n\n<p>Pesquisadores da Alemanha dizem que isso deve ao crescimento populacional e \u00e0 tend\u00eancia de aumento do \u00cdndice de Massa Corporal (IMC), o que est\u00e1 resultando em mais indiv\u00edduos que necessitam de mais calorias.<\/p>\n\n\n\n<p>O estudo publicados na revista Plos One foi realizado por uma equipe da Universidade de G\u00f6ttingen. Os autores alertam que n\u00e3o atender essa necessidade de mais calorias pode levar a uma maior desigualdade global.<\/p>\n\n\n\n<p>Os cientistas calcularam que 60% do aumento de calorias ser\u00e1 por causa do n\u00famero crescente de pessoas no mundo. A Organiza\u00e7\u00e3o das Na\u00e7\u00f5es Unidas estima que a popula\u00e7\u00e3o global passe de quase 7 bilh\u00f5es em 2010 para quase 11 bilh\u00f5es em 2100.<\/p>\n\n\n\n<p>E mais de 18% do aumento das calorias viria do aumento na rela\u00e7\u00e3o entre altura e peso das pessoas no planeta.<\/p>\n\n\n\n<p> &#8220;O aumento na energia m\u00e9dia di\u00e1ria exigida aumentar\u00e1 em 253 calorias por pessoa entre 2010 e 2100 em nossas estimativas, assumindo um IMC e uma altura crescentes&#8221;, explicou o coautor do estudo Lutz Depenbusch. <\/p>\n\n\n\n<h2 class=\"wp-block-heading\">Coma uma banana &#8211; ou duas<\/h2>\n\n\n\n<p>Depenbusch diz que, em escala global, o efeito do IMC e da altura da popula\u00e7\u00e3o mundial &#8220;exigir\u00e1 um adicional de calorias que corresponde \u00e0s demandas combinadas de \u00cdndia e Nig\u00e9ria em 2010&#8221;.<\/p>\n\n\n\n<p>O cientista explica que o aumento de 253 calorias na dieta di\u00e1ria de uma pessoa equivale a duas bananas grandes ou uma por\u00e7\u00e3o de batata frita.<\/p>\n\n\n\n<figure class=\"wp-block-image\"><img data-recalc-dims=\"1\" decoding=\"async\" src=\"https:\/\/i0.wp.com\/ichef.bbci.co.uk\/news\/624\/cpsprodpb\/0B36\/production\/_110307820_205ea76a-b179-471e-866e-69f6090850c4.jpg?w=600&#038;ssl=1\" alt=\"Produtores de cacau no Brasil\"\/><figcaption>Image captionMaior demanda vir\u00e1 de aumento da popula\u00e7\u00e3o global e do IMC m\u00e9dio<\/figcaption><\/figure>\n\n\n\n<p>Os pesquisadores apontam que os pa\u00edses da regi\u00e3o subsaariana seriam os mais afetados negativamente por esse aumento na demanda de calorias.<\/p>\n\n\n\n<p>Eles explicam que a regi\u00e3o j\u00e1 est\u00e1 testemunhando um forte aumento na necessidade de calorias, porque tem uma taxa de r\u00e1pido crescimento populacional.<\/p>\n\n\n\n<p>Os pesquisadores alertam que um fracasso da pol\u00edtica global de alimentos para acomodar esse aumento na demanda por energia pode exacerbar a desigualdade econ\u00f4mica e alimentar.<\/p>\n\n\n\n<p>Eles dizem que uma demanda crescente por alimentos levaria a um aumento nos pre\u00e7os dos alimentos. Enquanto as na\u00e7\u00f5es ricas seriam capazes de absorver isso, as na\u00e7\u00f5es mais pobres enfrentariam problemas, levando a mais desnutri\u00e7\u00e3o.<\/p>\n","protected":false},"excerpt":{"rendered":"<p>A quantidade de comida necess\u00e1ria para alimentar a popula\u00e7\u00e3o mundial at\u00e9 o final do s\u00e9culo pode ter de aumentar em quase 80% at\u00e9 o fim do s\u00e9culo, aponta um estudo.<\/p>\n","protected":false},"author":1,"featured_media":0,"comment_status":"closed","ping_status":"open","sticky":false,"template":"","format":"standard","meta":{"_exactmetrics_skip_tracking":false,"_exactmetrics_sitenote_active":false,"_exactmetrics_sitenote_note":"","_exactmetrics_sitenote_category":0,"jetpack_post_was_ever_published":false,"_jetpack_newsletter_access":"","_jetpack_dont_email_post_to_subs":false,"_jetpack_newsletter_tier_id":0,"_jetpack_memberships_contains_paywalled_content":false,"_jetpack_memberships_contains_paid_content":false,"footnotes":"","jetpack_publicize_message":"","jetpack_publicize_feature_enabled":true,"jetpack_social_post_already_shared":true,"jetpack_social_options":{"image_generator_settings":{"template":"highway","enabled":false},"version":2}},"categories":[1],"tags":[],"class_list":["post-25692","post","type-post","status-publish","format-standard","hentry","category-notas"],"jetpack_publicize_connections":[],"jetpack_sharing_enabled":true,"jetpack_featured_media_url":"","jetpack_shortlink":"https:\/\/wp.me\/p7wKYW-6Go","jetpack-related-posts":[],"_links":{"self":[{"href":"http:\/\/blogdalucianaoliveira.com.br\/blog\/wp-json\/wp\/v2\/posts\/25692","targetHints":{"allow":["GET"]}}],"collection":[{"href":"http:\/\/blogdalucianaoliveira.com.br\/blog\/wp-json\/wp\/v2\/posts"}],"about":[{"href":"http:\/\/blogdalucianaoliveira.com.br\/blog\/wp-json\/wp\/v2\/types\/post"}],"author":[{"embeddable":true,"href":"http:\/\/blogdalucianaoliveira.com.br\/blog\/wp-json\/wp\/v2\/users\/1"}],"replies":[{"embeddable":true,"href":"http:\/\/blogdalucianaoliveira.com.br\/blog\/wp-json\/wp\/v2\/comments?post=25692"}],"version-history":[{"count":1,"href":"http:\/\/blogdalucianaoliveira.com.br\/blog\/wp-json\/wp\/v2\/posts\/25692\/revisions"}],"predecessor-version":[{"id":25693,"href":"http:\/\/blogdalucianaoliveira.com.br\/blog\/wp-json\/wp\/v2\/posts\/25692\/revisions\/25693"}],"wp:attachment":[{"href":"http:\/\/blogdalucianaoliveira.com.br\/blog\/wp-json\/wp\/v2\/media?parent=25692"}],"wp:term":[{"taxonomy":"category","embeddable":true,"href":"http:\/\/blogdalucianaoliveira.com.br\/blog\/wp-json\/wp\/v2\/categories?post=25692"},{"taxonomy":"post_tag","embeddable":true,"href":"http:\/\/blogdalucianaoliveira.com.br\/blog\/wp-json\/wp\/v2\/tags?post=25692"}],"curies":[{"name":"wp","href":"https:\/\/api.w.org\/{rel}","templated":true}]}}