{"id":25694,"date":"2019-12-26T15:48:37","date_gmt":"2019-12-26T19:48:37","guid":{"rendered":"http:\/\/blogdalucianaoliveira.com.br\/blog\/?p=25694"},"modified":"2019-12-26T15:48:45","modified_gmt":"2019-12-26T19:48:45","slug":"72-horas-depois-do-atentado-contra-porta-dos-fundos-e-moro-nao-deu-um-pio","status":"publish","type":"post","link":"http:\/\/blogdalucianaoliveira.com.br\/blog\/2019\/12\/26\/72-horas-depois-do-atentado-contra-porta-dos-fundos-e-moro-nao-deu-um-pio\/","title":{"rendered":"72 horas depois do atentado contra Porta dos Fundos e Moro n\u00e3o deu um pio"},"content":{"rendered":"\n<figure class=\"wp-block-image\"><img data-recalc-dims=\"1\" height=\"406\" width=\"600\" decoding=\"async\" src=\"https:\/\/i0.wp.com\/radiocorredor.com.br\/wp-content\/uploads\/2019\/12\/20191215-porta-dos-fundos-620x420.jpg?resize=600%2C406&#038;ssl=1\" alt=\"Imagem relacionada\"\/><\/figure>\n\n\n\n<p>\u201cSe os terroristas que atacaram o Porta dos Fundos n\u00e3o forem imediatamente punidos, isso vai empurrar o pa\u00eds para conflito de propor\u00e7\u00f5es gigantescas\u201d, alertou o escritor Paulo Coelho no Twitter.<\/p>\n\n\n\n<!--more-->\n\n\n\n<p><strong>POR RICARDO KOTSCHO<\/strong><\/p>\n\n\n\n<p>J\u00e1 se passaram 72 horas desde o atentado terrorista, \u00e0s v\u00e9speras do Natal, quando duas bombas molotov foram atiradas contra a sede da produtora do grupo de humor Porta dos Fundos, no bairro do Humait\u00e1, na zona sul do Rio.<br><\/p>\n\n\n\n<p>At\u00e9 o momento em que escrevo, Sergio Moro, o ministro da Justi\u00e7a, sempre t\u00e3o \u00e1gil e prestativo quando se trata de defender os interesses do governo, n\u00e3o deu um pio, n\u00e3o anunciou nenhuma provid\u00eancia e, at\u00e9 onde se sabe, n\u00e3o acionou a Pol\u00edcia Federal, que s\u00f3 continua preocupada com Lula.<\/p>\n\n\n\n<p>S\u00f3 quem se mobilizou at\u00e9 agora foram os evang\u00e9licos, mas para apoiar o atentado e pedir puni\u00e7\u00e3o contra o grupo de humoristas, por ter exibido na Netflix o programa especial de Natal \u201cA Primeira Tenta\u00e7\u00e3o de Cristo\u201d, que apresenta uma vers\u00e3o gay de Jesus.<\/p>\n\n\n\n<p>Presidente da C\u00e2mara Municipal de S\u00e3o Paulo, o evang\u00e9lico Eduardo Tuma, eventual substituto do prefeito Bruno Covas, entrou com uma a\u00e7\u00e3o na Justi\u00e7a, junto com o Conselho Nacional dos Conselhos de Pastores do Brasil, para pedir uma indeniza\u00e7\u00e3o de R$ 1 milh\u00e3o por dano moral coletivo e mais R$ 1 mil \u201ca todos os crist\u00e3os que se sentirem lesados\u201d.<\/p>\n\n\n\n<p>Um abaixo-assinado j\u00e1 com mais de 2,4 milh\u00f5es de nomes circula na internet pedindo o veto total \u00e0 produ\u00e7\u00e3o do Porta dos Fundos.<\/p>\n\n\n\n<p>\u201cO ato n\u00e3o \u00e9 isolado, mas fruto de um \u00f3dio que vem sendo espalhado no Congresso e na internet. Vale repensar, no anivers\u00e1rio de Cristo, se compreenderam o que ele quis dizer\u201d, afirmou o ator Greg\u00f3rio Duvivier, que faz o papel de Jesus.<\/p>\n\n\n\n<p>C\u00e2meras de seguran\u00e7a identificaram a placa da caminhonete usada no atentado do Humait\u00e1, em que um dos terroristas aparece com o rosto descoberto, mas a pol\u00edcia carioca tamb\u00e9m n\u00e3o se manifestou at\u00e9 o momento.<\/p>\n\n\n\n<p>D\u00e1 para imaginar a rea\u00e7\u00e3o fulminante de Moro e Bolsonaro, se o atentado tivesse sido cometido contra um dos templos frequentados pelo presidente.<\/p>\n\n\n\n<p>J\u00e1 teriam convocado todas as tropas para sair \u00e0s ruas.<\/p>\n\n\n\n<p>Ma parece que s\u00f3 Paulo Coelho e eu estamos preocupados com isso, porque at\u00e9 a classe art\u00edstica n\u00e3o se manifestou ainda exigindo a pris\u00e3o dos terroristas.<\/p>\n\n\n\n<p>Enquanto todo mundo finge que nada de grave aconteceu, um grupo que se diz integrante do redivivo Movimento Integralista, a extrema-direita que infernizou o pa\u00eds entre 1932 e 1938, reinvidicou num v\u00eddeo a autoria do atentado contra o Porta dos Fundos.<\/p>\n\n\n\n<p>No v\u00eddeo divulgado pelas redes sociais, um homem l\u00ea o \u201cmanifesto\u201d dos supostos integralistas, para dizer que se trata de uma \u201ca\u00e7\u00e3o direta revolucion\u00e1ria para justi\u00e7ar os anseios de todo povo brasileiro contra a atitude blasfema, burguesa e antipatri\u00f3tica\u201d.<\/p>\n\n\n\n<p>Posso estar enganado, mas as lembran\u00e7as da ditadura militar me fazem pensar que esta hist\u00f3ria da volta dos \u201ccamisas verdes\u201d de Pl\u00ednio Salgado, assumindo o ataque contra o Porta dos Fundos, \u00e9 apenas um despiste para esconder os verdadeiros autores.<\/p>\n\n\n\n<p>Se a PF de Moro estiver mesmo interessada em chegar aos verdadeiros respons\u00e1veis, pode come\u00e7ar procurando nos por\u00f5es dos \u00f3rg\u00e3os de seguran\u00e7a e dos xiitas fundamentalistas que querem colocar fogo no pa\u00eds.<\/p>\n\n\n\n<p>Mudam os personagens, mas n\u00e3o mudam os m\u00e9todos daqueles agentes que atuam nas sombras, como aqueles que participaram do c\u00e9lebre atentado ao Riocentro, nos tempos do general Figueiredo.<\/p>\n\n\n\n<p>Paulo Coelho est\u00e1 certo: o terror voltou, e n\u00e3o encontra rea\u00e7\u00e3o.<\/p>\n\n\n\n<p>Vida que segue.<br><\/p>\n","protected":false},"excerpt":{"rendered":"<p>\u201cSe os terroristas que atacaram o Porta dos Fundos n\u00e3o forem imediatamente punidos, isso vai empurrar o pa\u00eds para conflito de propor\u00e7\u00f5es gigantescas\u201d, alertou o escritor Paulo Coelho no Twitter.<\/p>\n","protected":false},"author":1,"featured_media":0,"comment_status":"closed","ping_status":"open","sticky":false,"template":"","format":"standard","meta":{"_exactmetrics_skip_tracking":false,"_exactmetrics_sitenote_active":false,"_exactmetrics_sitenote_note":"","_exactmetrics_sitenote_category":0,"jetpack_post_was_ever_published":false,"_jetpack_newsletter_access":"","_jetpack_dont_email_post_to_subs":false,"_jetpack_newsletter_tier_id":0,"_jetpack_memberships_contains_paywalled_content":false,"_jetpack_memberships_contains_paid_content":false,"footnotes":"","jetpack_publicize_message":"","jetpack_publicize_feature_enabled":true,"jetpack_social_post_already_shared":true,"jetpack_social_options":{"image_generator_settings":{"template":"highway","enabled":false},"version":2}},"categories":[1],"tags":[],"class_list":["post-25694","post","type-post","status-publish","format-standard","hentry","category-notas"],"jetpack_publicize_connections":[],"jetpack_sharing_enabled":true,"jetpack_featured_media_url":"","jetpack_shortlink":"https:\/\/wp.me\/p7wKYW-6Gq","jetpack-related-posts":[],"_links":{"self":[{"href":"http:\/\/blogdalucianaoliveira.com.br\/blog\/wp-json\/wp\/v2\/posts\/25694","targetHints":{"allow":["GET"]}}],"collection":[{"href":"http:\/\/blogdalucianaoliveira.com.br\/blog\/wp-json\/wp\/v2\/posts"}],"about":[{"href":"http:\/\/blogdalucianaoliveira.com.br\/blog\/wp-json\/wp\/v2\/types\/post"}],"author":[{"embeddable":true,"href":"http:\/\/blogdalucianaoliveira.com.br\/blog\/wp-json\/wp\/v2\/users\/1"}],"replies":[{"embeddable":true,"href":"http:\/\/blogdalucianaoliveira.com.br\/blog\/wp-json\/wp\/v2\/comments?post=25694"}],"version-history":[{"count":1,"href":"http:\/\/blogdalucianaoliveira.com.br\/blog\/wp-json\/wp\/v2\/posts\/25694\/revisions"}],"predecessor-version":[{"id":25695,"href":"http:\/\/blogdalucianaoliveira.com.br\/blog\/wp-json\/wp\/v2\/posts\/25694\/revisions\/25695"}],"wp:attachment":[{"href":"http:\/\/blogdalucianaoliveira.com.br\/blog\/wp-json\/wp\/v2\/media?parent=25694"}],"wp:term":[{"taxonomy":"category","embeddable":true,"href":"http:\/\/blogdalucianaoliveira.com.br\/blog\/wp-json\/wp\/v2\/categories?post=25694"},{"taxonomy":"post_tag","embeddable":true,"href":"http:\/\/blogdalucianaoliveira.com.br\/blog\/wp-json\/wp\/v2\/tags?post=25694"}],"curies":[{"name":"wp","href":"https:\/\/api.w.org\/{rel}","templated":true}]}}