{"id":25701,"date":"2019-12-28T08:51:12","date_gmt":"2019-12-28T12:51:12","guid":{"rendered":"http:\/\/blogdalucianaoliveira.com.br\/blog\/?p=25701"},"modified":"2019-12-28T08:51:20","modified_gmt":"2019-12-28T12:51:20","slug":"natal-dostoievski-e-moro","status":"publish","type":"post","link":"http:\/\/blogdalucianaoliveira.com.br\/blog\/2019\/12\/28\/natal-dostoievski-e-moro\/","title":{"rendered":"Natal, Dostoi\u00e9vski e Moro"},"content":{"rendered":"\n<figure class=\"wp-block-image size-large\"><img data-recalc-dims=\"1\" loading=\"lazy\" decoding=\"async\" width=\"600\" height=\"400\" data-attachment-id=\"25702\" data-permalink=\"http:\/\/blogdalucianaoliveira.com.br\/blog\/2019\/12\/28\/natal-dostoievski-e-moro\/image-21-2\/\" data-orig-file=\"https:\/\/i0.wp.com\/blogdalucianaoliveira.com.br\/blog\/wp-content\/uploads\/2019\/12\/image-21.jpeg?fit=678%2C452\" data-orig-size=\"678,452\" data-comments-opened=\"0\" data-image-meta=\"{&quot;aperture&quot;:&quot;0&quot;,&quot;credit&quot;:&quot;&quot;,&quot;camera&quot;:&quot;&quot;,&quot;caption&quot;:&quot;&quot;,&quot;created_timestamp&quot;:&quot;0&quot;,&quot;copyright&quot;:&quot;&quot;,&quot;focal_length&quot;:&quot;0&quot;,&quot;iso&quot;:&quot;0&quot;,&quot;shutter_speed&quot;:&quot;0&quot;,&quot;title&quot;:&quot;&quot;,&quot;orientation&quot;:&quot;0&quot;}\" data-image-title=\"image-21\" data-image-description=\"\" data-image-caption=\"\" data-medium-file=\"https:\/\/i0.wp.com\/blogdalucianaoliveira.com.br\/blog\/wp-content\/uploads\/2019\/12\/image-21.jpeg?fit=300%2C200\" data-large-file=\"https:\/\/i0.wp.com\/blogdalucianaoliveira.com.br\/blog\/wp-content\/uploads\/2019\/12\/image-21.jpeg?fit=600%2C400\" src=\"https:\/\/i0.wp.com\/blogdalucianaoliveira.com.br\/blog\/wp-content\/uploads\/2019\/12\/image-21.jpeg?resize=600%2C400\" alt=\"\" class=\"wp-image-25702\" srcset=\"https:\/\/i0.wp.com\/blogdalucianaoliveira.com.br\/blog\/wp-content\/uploads\/2019\/12\/image-21.jpeg?w=678 678w, https:\/\/i0.wp.com\/blogdalucianaoliveira.com.br\/blog\/wp-content\/uploads\/2019\/12\/image-21.jpeg?resize=300%2C200 300w, https:\/\/i0.wp.com\/blogdalucianaoliveira.com.br\/blog\/wp-content\/uploads\/2019\/12\/image-21.jpeg?resize=450%2C300 450w\" sizes=\"auto, (max-width: 600px) 100vw, 600px\" \/><\/figure>\n\n\n\n<p>O indulto de Bolsonaro conforta milicianos e policiais assassinos<\/p>\n\n\n\n<!--more-->\n\n\n\n<p>na FSP<\/p>\n\n\n\n<p>A boa not\u00edcia \u00e9 a tradu\u00e7\u00e3o (do russo) de Paulo Bezerra da obra de Dostoi\u00e9vski &#8220;Escritos da Casa Morta&#8221; que a editora 34 lan\u00e7ar\u00e1 em 2020. Trecho do cap\u00edtulo &#8220;O Espet\u00e1culo de Natal&#8221; foi publicado domingo (22) pela Ilustr\u00edssima. O livro \u00e9 elaborado a partir da experi\u00eancia prisional do escritor na Sib\u00e9ria, depois de condenado por subvers\u00e3o.<\/p>\n\n\n\n<p>A m\u00e1 not\u00edcia \u00e9 o indulto de Natal assinado pelo presidente Bolsonaro beneficiando agentes de seguran\u00e7a.<\/p>\n\n\n\n<p>O impacto do decreto \u00e9 simb\u00f3lico, porque n\u00e3o ter\u00e1 repercuss\u00e3o pr\u00e1tica no sistema penitenci\u00e1rio: n\u00e3o alcan\u00e7a os criminosos hediondos (assassinos, torturadores) que o desejo mais \u00edntimo de Jair Bolsonaro gostaria de favorecer. Provavelmente, ningu\u00e9m ser\u00e1 libertado por conta da &#8220;benevol\u00eancia&#8221; presidencial.<\/p>\n\n\n\n<p>O indulto de Natal \u00e9 da tradi\u00e7\u00e3o jur\u00eddica brasileira e, historicamente, serve para distensionar a vida nas pris\u00f5es, estabelecendo fios de esperan\u00e7a em ambientes marcados pela mais severa brutalidade.<\/p>\n\n\n\n<p>O ministro lambe-botas da Justi\u00e7a e Seguran\u00e7a P\u00fablica saudou a iniciativa de Bolsonaro, apontando para a &#8220;linha clara&#8221; que distinguiria o indulto dos excessos culposos dos &#8220;indultos salva-ladr\u00f5es ou salva-corruptos&#8221; dos governos anteriores. \u00c9 curioso, assim como petistas no passado recente, o governo tamb\u00e9m se declara gestor de uma nova era.<\/p>\n\n\n\n<p>Jair Bolsonaro e Sergio Moro (respons\u00e1vel t\u00e9cnico pelo estramb\u00f3tico decreto) subvertem o car\u00e1ter gen\u00e9rico do indulto (em benef\u00edcio de v\u00e1rios setores da popula\u00e7\u00e3o penitenci\u00e1ria, desde que atestado o bom comportamento do preso, entre outros requisitos) e emite sinais de simpatia e conforto para a legi\u00e3o de policiais e milicianos habituados a agir \u00e0 margem da lei.<\/p>\n\n\n\n<p>\u00c9 mais um est\u00edmulo do governo federal para tiroteios temer\u00e1rios, balas perdidas e salvamento dos que &#8220;d\u00e3o azar&#8221; e matam inocentes.<\/p>\n\n\n\n<p>Moro (a mais influente personalidade do Brasil), esperto e demagogo, \u00e9 um homem iletrado. Aposto que nunca leu a tradu\u00e7\u00e3o (do franc\u00eas) de Rachel de Queiroz da preciosa narrativa de Dostoi\u00e9vski, publicada em 1952, pela editora Jos\u00e9 Olympio, sob o t\u00edtulo &#8220;Recorda\u00e7\u00f5es da Casa dos Mortos&#8221;.<\/p>\n\n\n\n<p>A brutalidade que caracteriza o regime prisional russo no s\u00e9culo 19 \u00e9 diversa da brutalidade do regime prisional brasileiro no s\u00e9culo 21, que ser\u00e1 diversa do car\u00e1ter brutal da priva\u00e7\u00e3o da liberdade na China no s\u00e9culo 22.<\/p>\n\n\n\n<p>Dostoi\u00e9vski enxerga o car\u00e1ter perene e delet\u00e9rio das pris\u00f5es (casas mortas), independentemente de diferenciais de tempo e de lugar, da temperatura amaz\u00f4nica ou siberiana, da comida &#8220;parca e repulsiva&#8221; ou do car\u00e1ter mais ou menos tir\u00e2nico de quem a dirige, sempre \u00e1vido por esmagar algu\u00e9m ou suprimir direitos.<\/p>\n\n\n\n<p>Na vis\u00e3o do escritor, o encarceramento &#8220;suga a seiva vital do indiv\u00edduo, enerva-lhe a alma, enfraquece-o, assusta-o&#8221;. \u00c9 desconcertante a sua percep\u00e7\u00e3o da coabita\u00e7\u00e3o obrigat\u00f3ria: &#8220;n\u00e3o poderia conceber nunca o tormento espantoso de n\u00e3o poder ficar s\u00f3 um minuto que fosse&#8221;.<\/p>\n\n\n\n<p>No hospital da pris\u00e3o, Dostoi\u00e9vski coleciona anota\u00e7\u00f5es clandestinas de prov\u00e9rbios, frases e can\u00e7\u00f5es populares. Uma delas sintetiza a impossibilidade de transpar\u00eancia na gest\u00e3o dos pres\u00eddios e o sentimento do prisioneiro em qualquer canto do mundo: &#8220;ningu\u00e9m v\u00ea, por tr\u00e1s dos muros, como vivemos aqui, mas Deus sempre est\u00e1 conosco embora nos guarde aqui&#8221;.<\/p>\n\n\n\n<p>Destitu\u00eddo de sentimentos humanistas, Moro, mesmo que tenha lido o livro que ganhar\u00e1 nova e festejada vers\u00e3o em portugu\u00eas, n\u00e3o \u00e9 capaz de compreend\u00ea-lo.CONTINUE LENDO \u25beLu\u00eds Francisco Carvalho Filho<\/p>\n\n\n\n<p>Advogado criminal, presidiu a Comiss\u00e3o Especial de Mortos e Desaparecidos Pol\u00edticos (2001-2004).<\/p>\n","protected":false},"excerpt":{"rendered":"<p>O indulto de Bolsonaro conforta milicianos e policiais assassinos<\/p>\n","protected":false},"author":1,"featured_media":0,"comment_status":"closed","ping_status":"open","sticky":false,"template":"","format":"standard","meta":{"_exactmetrics_skip_tracking":false,"_exactmetrics_sitenote_active":false,"_exactmetrics_sitenote_note":"","_exactmetrics_sitenote_category":0,"jetpack_post_was_ever_published":false,"_jetpack_newsletter_access":"","_jetpack_dont_email_post_to_subs":false,"_jetpack_newsletter_tier_id":0,"_jetpack_memberships_contains_paywalled_content":false,"_jetpack_memberships_contains_paid_content":false,"footnotes":"","jetpack_publicize_message":"","jetpack_publicize_feature_enabled":true,"jetpack_social_post_already_shared":true,"jetpack_social_options":{"image_generator_settings":{"template":"highway","enabled":false},"version":2}},"categories":[1],"tags":[],"class_list":["post-25701","post","type-post","status-publish","format-standard","hentry","category-notas"],"jetpack_publicize_connections":[],"jetpack_sharing_enabled":true,"jetpack_featured_media_url":"","jetpack_shortlink":"https:\/\/wp.me\/p7wKYW-6Gx","jetpack-related-posts":[],"_links":{"self":[{"href":"http:\/\/blogdalucianaoliveira.com.br\/blog\/wp-json\/wp\/v2\/posts\/25701","targetHints":{"allow":["GET"]}}],"collection":[{"href":"http:\/\/blogdalucianaoliveira.com.br\/blog\/wp-json\/wp\/v2\/posts"}],"about":[{"href":"http:\/\/blogdalucianaoliveira.com.br\/blog\/wp-json\/wp\/v2\/types\/post"}],"author":[{"embeddable":true,"href":"http:\/\/blogdalucianaoliveira.com.br\/blog\/wp-json\/wp\/v2\/users\/1"}],"replies":[{"embeddable":true,"href":"http:\/\/blogdalucianaoliveira.com.br\/blog\/wp-json\/wp\/v2\/comments?post=25701"}],"version-history":[{"count":1,"href":"http:\/\/blogdalucianaoliveira.com.br\/blog\/wp-json\/wp\/v2\/posts\/25701\/revisions"}],"predecessor-version":[{"id":25703,"href":"http:\/\/blogdalucianaoliveira.com.br\/blog\/wp-json\/wp\/v2\/posts\/25701\/revisions\/25703"}],"wp:attachment":[{"href":"http:\/\/blogdalucianaoliveira.com.br\/blog\/wp-json\/wp\/v2\/media?parent=25701"}],"wp:term":[{"taxonomy":"category","embeddable":true,"href":"http:\/\/blogdalucianaoliveira.com.br\/blog\/wp-json\/wp\/v2\/categories?post=25701"},{"taxonomy":"post_tag","embeddable":true,"href":"http:\/\/blogdalucianaoliveira.com.br\/blog\/wp-json\/wp\/v2\/tags?post=25701"}],"curies":[{"name":"wp","href":"https:\/\/api.w.org\/{rel}","templated":true}]}}