{"id":25707,"date":"2019-12-28T09:01:16","date_gmt":"2019-12-28T13:01:16","guid":{"rendered":"http:\/\/blogdalucianaoliveira.com.br\/blog\/?p=25707"},"modified":"2019-12-28T09:01:27","modified_gmt":"2019-12-28T13:01:27","slug":"insatisfeitos-com-governo-parlamentares-dizem-que-bolsonaro-encontrara-congresso-ainda-mais-hostil-em-2020","status":"publish","type":"post","link":"http:\/\/blogdalucianaoliveira.com.br\/blog\/2019\/12\/28\/insatisfeitos-com-governo-parlamentares-dizem-que-bolsonaro-encontrara-congresso-ainda-mais-hostil-em-2020\/","title":{"rendered":"Insatisfeitos com governo, parlamentares dizem que Bolsonaro encontrar\u00e1 Congresso ainda mais hostil em 2020"},"content":{"rendered":"\n<figure class=\"wp-block-image size-large\"><img data-recalc-dims=\"1\" loading=\"lazy\" decoding=\"async\" width=\"600\" height=\"378\" data-attachment-id=\"25709\" data-permalink=\"http:\/\/blogdalucianaoliveira.com.br\/blog\/2019\/12\/28\/insatisfeitos-com-governo-parlamentares-dizem-que-bolsonaro-encontrara-congresso-ainda-mais-hostil-em-2020\/congresso-nacional-vota-vetos-presidenciais-2\/\" data-orig-file=\"https:\/\/i0.wp.com\/blogdalucianaoliveira.com.br\/blog\/wp-content\/uploads\/2019\/12\/487AE5B2-71D5-4C35-A4E9-68915F37AC04.jpeg?fit=635%2C400\" data-orig-size=\"635,400\" data-comments-opened=\"0\" data-image-meta=\"{&quot;aperture&quot;:&quot;0&quot;,&quot;credit&quot;:&quot;&quot;,&quot;camera&quot;:&quot;&quot;,&quot;caption&quot;:&quot;BRAS\\u00cdLIA, DF, 13.12.2017: SENADO-DIA - O presidente do Senado, Eun\\u00edcio Oliveira (PMDB-CE), durante sess\\u00e3o para an\\u00e1lise e vota\\u00e7\\u00e3o de cinco vetos presidenciais que trancam a pauta, em Bras\\u00edlia, nesta quarta-feira (13). (Foto: Renato Costa\\\/FramePhoto\\\/Folhapress)&quot;,&quot;created_timestamp&quot;:&quot;1513179355&quot;,&quot;copyright&quot;:&quot;&quot;,&quot;focal_length&quot;:&quot;0&quot;,&quot;iso&quot;:&quot;0&quot;,&quot;shutter_speed&quot;:&quot;0&quot;,&quot;title&quot;:&quot;Congresso Nacional vota vetos presidenciais&quot;,&quot;orientation&quot;:&quot;1&quot;}\" data-image-title=\"Congresso Nacional vota vetos presidenciais\" data-image-description=\"\" data-image-caption=\"&lt;p&gt;BRAS\u00cdLIA, DF, 13.12.2017: SENADO-DIA &amp;#8211; O presidente do Senado, Eun\u00edcio Oliveira (PMDB-CE), durante sess\u00e3o para an\u00e1lise e vota\u00e7\u00e3o de cinco vetos presidenciais que trancam a pauta, em Bras\u00edlia, nesta quarta-feira (13). (Foto: Renato Costa\/FramePhoto\/Folhapress)&lt;\/p&gt;\n\" data-medium-file=\"https:\/\/i0.wp.com\/blogdalucianaoliveira.com.br\/blog\/wp-content\/uploads\/2019\/12\/487AE5B2-71D5-4C35-A4E9-68915F37AC04.jpeg?fit=300%2C189\" data-large-file=\"https:\/\/i0.wp.com\/blogdalucianaoliveira.com.br\/blog\/wp-content\/uploads\/2019\/12\/487AE5B2-71D5-4C35-A4E9-68915F37AC04.jpeg?fit=600%2C378\" src=\"https:\/\/i0.wp.com\/blogdalucianaoliveira.com.br\/blog\/wp-content\/uploads\/2019\/12\/487AE5B2-71D5-4C35-A4E9-68915F37AC04.jpeg?resize=600%2C378\" alt=\"\" class=\"wp-image-25709\" srcset=\"https:\/\/i0.wp.com\/blogdalucianaoliveira.com.br\/blog\/wp-content\/uploads\/2019\/12\/487AE5B2-71D5-4C35-A4E9-68915F37AC04.jpeg?w=635 635w, https:\/\/i0.wp.com\/blogdalucianaoliveira.com.br\/blog\/wp-content\/uploads\/2019\/12\/487AE5B2-71D5-4C35-A4E9-68915F37AC04.jpeg?resize=300%2C189 300w, https:\/\/i0.wp.com\/blogdalucianaoliveira.com.br\/blog\/wp-content\/uploads\/2019\/12\/487AE5B2-71D5-4C35-A4E9-68915F37AC04.jpeg?resize=476%2C300 476w\" sizes=\"auto, (max-width: 600px) 100vw, 600px\" \/><\/figure>\n\n\n\n<p>Panel FSP, por Mariana Carneiro &#8211; <strong>Vem que tem<\/strong>\u00a0Ap\u00f3s um 2019 tenso, o governo se prepara para entrar em 2020 com um Parlamento ainda mais hostil. Congressistas dizem que, por ora, o novo ano chega sob a decep\u00e7\u00e3o da\u00a0<a href=\"https:\/\/painel.blogfolha.uol.com.br\/2019\/12\/27\/governo-tenta-liberar-recursos-mas-incredulos-parlamentares-nao-aparecem-em-brasilia\/\">falta de recursos que haviam sido prometidos<\/a>\u00a0para irrigar suas bases e irrita\u00e7\u00f5es de grupos espec\u00edficos com pautas que lhe s\u00e3o caras.<\/p>\n\n\n\n<!--more-->\n\n\n\n<p><strong>Aqui n\u00e3o\u00a0<\/strong>Nos \u00faltimos dias, Bolsonaro conseguiu desagradar aliados lavajatistas ao n\u00e3o vetar a cria\u00e7\u00e3o do juiz das garantias e os congressistas que possuem emissoras de r\u00e1dio e TV, depois que a\u00a0<strong>Folha<\/strong>\u00a0mostrou que o governo quer\u00a0<a href=\"https:\/\/www1.folha.uol.com.br\/poder\/2019\/12\/ministerio-planeja-endurecer-regras-de-concessao-de-tv-em-novo-marco-legal.shtml\">endurecer as regras para renovar concess\u00f5es<\/a>.<\/p>\n\n\n\n<p><strong>Ultimato&nbsp;<\/strong>L\u00edderes de centro dizem que se o governo empenhar todas as emendas prometidas at\u00e9 ter\u00e7a (31) seria poss\u00edvel distensionar a rela\u00e7\u00e3o.<\/p>\n\n\n\n<p><strong>Ajuste de foco&nbsp;<\/strong>Parlamentares de centro, do Senado e da C\u00e2mara, v\u00e3o cobrar do Planalto em 2020 a\u00e7\u00f5es na \u00e1rea social.<\/p>\n\n\n\n<p><strong>Olhe bem&nbsp;<\/strong>Cr\u00edticos dizem que a retomada na economia n\u00e3o se traduz em redu\u00e7\u00e3o da desigualdade e que os mais pobres continuam preteridos. Al\u00e9m do 13\u00ba para o Bolsa Fam\u00edlia, argumentam que n\u00e3o houve medidas fortes para essa parcela da popula\u00e7\u00e3o.<\/p>\n","protected":false},"excerpt":{"rendered":"<p>Panel FSP, por Mariana Carneiro &#8211; Vem que tem\u00a0Ap\u00f3s um 2019 tenso, o governo se prepara para entrar em 2020 com um Parlamento ainda mais hostil. Congressistas dizem que, por ora, o novo ano chega sob a decep\u00e7\u00e3o da\u00a0falta de recursos que haviam sido prometidos\u00a0para irrigar suas bases e irrita\u00e7\u00f5es de grupos espec\u00edficos com pautas&#8230;<a class=\"more-link\" href=\"http:\/\/blogdalucianaoliveira.com.br\/blog\/2019\/12\/28\/insatisfeitos-com-governo-parlamentares-dizem-que-bolsonaro-encontrara-congresso-ainda-mais-hostil-em-2020\/\">Continue a leitura <span class=\"meta-nav\">&raquo;<\/span><\/a><\/p>\n","protected":false},"author":1,"featured_media":0,"comment_status":"closed","ping_status":"open","sticky":false,"template":"","format":"standard","meta":{"_exactmetrics_skip_tracking":false,"_exactmetrics_sitenote_active":false,"_exactmetrics_sitenote_note":"","_exactmetrics_sitenote_category":0,"jetpack_post_was_ever_published":false,"_jetpack_newsletter_access":"","_jetpack_dont_email_post_to_subs":false,"_jetpack_newsletter_tier_id":0,"_jetpack_memberships_contains_paywalled_content":false,"_jetpack_memberships_contains_paid_content":false,"footnotes":"","jetpack_publicize_message":"","jetpack_publicize_feature_enabled":true,"jetpack_social_post_already_shared":true,"jetpack_social_options":{"image_generator_settings":{"template":"highway","enabled":false},"version":2}},"categories":[1],"tags":[],"class_list":["post-25707","post","type-post","status-publish","format-standard","hentry","category-notas"],"jetpack_publicize_connections":[],"jetpack_sharing_enabled":true,"jetpack_featured_media_url":"","jetpack_shortlink":"https:\/\/wp.me\/p7wKYW-6GD","jetpack-related-posts":[],"_links":{"self":[{"href":"http:\/\/blogdalucianaoliveira.com.br\/blog\/wp-json\/wp\/v2\/posts\/25707","targetHints":{"allow":["GET"]}}],"collection":[{"href":"http:\/\/blogdalucianaoliveira.com.br\/blog\/wp-json\/wp\/v2\/posts"}],"about":[{"href":"http:\/\/blogdalucianaoliveira.com.br\/blog\/wp-json\/wp\/v2\/types\/post"}],"author":[{"embeddable":true,"href":"http:\/\/blogdalucianaoliveira.com.br\/blog\/wp-json\/wp\/v2\/users\/1"}],"replies":[{"embeddable":true,"href":"http:\/\/blogdalucianaoliveira.com.br\/blog\/wp-json\/wp\/v2\/comments?post=25707"}],"version-history":[{"count":1,"href":"http:\/\/blogdalucianaoliveira.com.br\/blog\/wp-json\/wp\/v2\/posts\/25707\/revisions"}],"predecessor-version":[{"id":25710,"href":"http:\/\/blogdalucianaoliveira.com.br\/blog\/wp-json\/wp\/v2\/posts\/25707\/revisions\/25710"}],"wp:attachment":[{"href":"http:\/\/blogdalucianaoliveira.com.br\/blog\/wp-json\/wp\/v2\/media?parent=25707"}],"wp:term":[{"taxonomy":"category","embeddable":true,"href":"http:\/\/blogdalucianaoliveira.com.br\/blog\/wp-json\/wp\/v2\/categories?post=25707"},{"taxonomy":"post_tag","embeddable":true,"href":"http:\/\/blogdalucianaoliveira.com.br\/blog\/wp-json\/wp\/v2\/tags?post=25707"}],"curies":[{"name":"wp","href":"https:\/\/api.w.org\/{rel}","templated":true}]}}