{"id":25714,"date":"2019-12-28T20:30:53","date_gmt":"2019-12-29T00:30:53","guid":{"rendered":"http:\/\/blogdalucianaoliveira.com.br\/blog\/?p=25714"},"modified":"2019-12-28T20:31:00","modified_gmt":"2019-12-29T00:31:00","slug":"lojistas-de-shopping-querem-ir-a-justica-para-contestar-alta-de-vendas-do-natal","status":"publish","type":"post","link":"http:\/\/blogdalucianaoliveira.com.br\/blog\/2019\/12\/28\/lojistas-de-shopping-querem-ir-a-justica-para-contestar-alta-de-vendas-do-natal\/","title":{"rendered":"Lojistas de shopping querem ir \u00e0 Justi\u00e7a para contestar alta de vendas do Natal"},"content":{"rendered":"\n<figure class=\"wp-block-image size-large\"><img data-recalc-dims=\"1\" loading=\"lazy\" decoding=\"async\" width=\"600\" height=\"372\" data-attachment-id=\"25715\" data-permalink=\"http:\/\/blogdalucianaoliveira.com.br\/blog\/2019\/12\/28\/lojistas-de-shopping-querem-ir-a-justica-para-contestar-alta-de-vendas-do-natal\/image-25-2\/\" data-orig-file=\"https:\/\/i0.wp.com\/blogdalucianaoliveira.com.br\/blog\/wp-content\/uploads\/2019\/12\/image-25.jpeg?fit=600%2C372\" data-orig-size=\"600,372\" data-comments-opened=\"0\" data-image-meta=\"{&quot;aperture&quot;:&quot;0&quot;,&quot;credit&quot;:&quot;&quot;,&quot;camera&quot;:&quot;&quot;,&quot;caption&quot;:&quot;&quot;,&quot;created_timestamp&quot;:&quot;0&quot;,&quot;copyright&quot;:&quot;&quot;,&quot;focal_length&quot;:&quot;0&quot;,&quot;iso&quot;:&quot;0&quot;,&quot;shutter_speed&quot;:&quot;0&quot;,&quot;title&quot;:&quot;&quot;,&quot;orientation&quot;:&quot;0&quot;}\" data-image-title=\"image-25\" data-image-description=\"\" data-image-caption=\"\" data-medium-file=\"https:\/\/i0.wp.com\/blogdalucianaoliveira.com.br\/blog\/wp-content\/uploads\/2019\/12\/image-25.jpeg?fit=300%2C186\" data-large-file=\"https:\/\/i0.wp.com\/blogdalucianaoliveira.com.br\/blog\/wp-content\/uploads\/2019\/12\/image-25.jpeg?fit=600%2C372\" src=\"https:\/\/i0.wp.com\/blogdalucianaoliveira.com.br\/blog\/wp-content\/uploads\/2019\/12\/image-25.jpeg?resize=600%2C372\" alt=\"\" class=\"wp-image-25715\" srcset=\"https:\/\/i0.wp.com\/blogdalucianaoliveira.com.br\/blog\/wp-content\/uploads\/2019\/12\/image-25.jpeg?w=600 600w, https:\/\/i0.wp.com\/blogdalucianaoliveira.com.br\/blog\/wp-content\/uploads\/2019\/12\/image-25.jpeg?resize=300%2C186 300w, https:\/\/i0.wp.com\/blogdalucianaoliveira.com.br\/blog\/wp-content\/uploads\/2019\/12\/image-25.jpeg?resize=484%2C300 484w\" sizes=\"auto, (max-width: 600px) 100vw, 600px\" \/><\/figure>\n\n\n\n<p>Associa\u00e7\u00e3o de lojistas sat\u00e9lites questiona crescimento divulgado pela Alshop<\/p>\n\n\n\n<!--more-->\n\n\n\n<p><strong><a href=\"https:\/\/www1.folha.uol.com.br\/autores\/joana-cunha.shtml\"><br>Joana Cunha<\/a><a href=\"https:\/\/www1.folha.uol.com.br\/autores\/paula-soprana.shtml\">Paula Soprana<\/a><\/strong><br>Folha de S\u00e3o Paulo  <\/p>\n\n\n\n<p>A Ablos\u00a0(Associa\u00e7\u00e3o Brasileira dos Lojistas Sat\u00e9lites) contesta o\u00a0<a href=\"https:\/\/www1.folha.uol.com.br\/mercado\/2019\/12\/com-crescimento-de-95-vendas-de-natal-sao-as-melhores-desde-2014.shtml\">crescimento das vendas de Natal<\/a>\u00a0divulgado h\u00e1 dois dias pela Alshop, associa\u00e7\u00e3o que re\u00fane lojistas de shopping. O grupo\u00a0pretende entrar na Justi\u00e7a.<\/p>\n\n\n\n<p>Segundo a Alshop, o&nbsp;<a href=\"https:\/\/www1.folha.uol.com.br\/mercado\/2019\/12\/varejo-estima-natal-superior-a-2018-com-venda-em-patamar-pre-recessao.shtml\">com\u00e9rcio natalino no varejo<\/a>&nbsp;de shopping subiu 9,5% em 2019 e o crescimento anual das vendas foi superior a 7,5% (em valores nominais).<\/p>\n\n\n\n<p>&#8220;Para mim, \u00e9 um dado plantado. \u00c9 uma mentira. Estamos desconfiados de que foi manipula\u00e7\u00e3o com alguma segunda inten\u00e7\u00e3o&#8221;, afirma&nbsp;Tito Bessa Jr, que \u00e9 presidente da Ablos&nbsp;e fundador da rede TNG.&nbsp;<\/p>\n\n\n\n<p>Bessa Jr. diz que planeja processar a Alshop e questionar a fonte da informa\u00e7\u00e3o divulgada sobre o crescimento das\u00a0<a href=\"https:\/\/www1.folha.uol.com.br\/colunas\/painelsa\/2019\/12\/reclamacoes-de-consumidores-crescem-neste-natal.shtml\">vendas de Natal<\/a>.\u00a0<\/p>\n\n\n\n<p>A pesquisa interna da Ablos, segundo Bessa Jr., mostrou que 70% das lojas tiveram desempenho pior ou igual a 2018 e 30% disseram que melhorou pouco. &#8220;Mas esse pouco \u00e9 2% ou 1,5%. N\u00e3o tem 9% de melhora. Pode ter acontecido pontualmente com algu\u00e9m, mas falar que o varejo cresceu 9,5% \u00e9 uma mentira&#8221;, diz o empres\u00e1rio.<\/p>\n\n\n\n<p>Na rede TNG, segundo Bessa Jr., as vendas de Natal deste ano empataram com 2018. &nbsp;<\/p>\n\n\n\n<p>&#8220;N\u00e3o sei de onde eles tiraram esse n\u00famero, tenho conversado com v\u00e1rios lojistas e os mesmos disseram que tiveram queda&#8221;, afirma \u00c2ngelo Campos, diretor da MOB.<\/p>\n\n\n\n<p>Fernando Kherlakian, diretor da rede Khelf, tamb\u00e9m estranhou os dados da Alshop. &#8220;A gente teve uma queda de 2% e eles est\u00e3o falando que o mercado em geral cresceu 9%. N\u00e3o \u00e9 real isso&#8221;, diz.&nbsp;<\/p>\n\n\n\n<p>Tinho Azambuja, fundador da SideWalk, tamb\u00e9m contesta o dado da Alshop.&nbsp;<\/p>\n\n\n\n<p>&#8220;No dia 2 vou enviar notifica\u00e7\u00e3o extrajudicial, particular da SideWalk, pedindo explica\u00e7\u00f5es sobre esses n\u00fameros. Eu quero saber de onde veio esse n\u00famero totalmente irreal&#8221;, diz.&nbsp;<\/p>\n\n\n\n<p>Azambuja diz haver uma desconfian\u00e7a geral no setor de que a Alshop tenha inflado o resultado das vendas natalinas para favorecer os shoppings. De acordo com o empres\u00e1rio, a SideWalk teve uma queda de 5% no grupo de mesmas lojas em rela\u00e7\u00e3o 2018, que j\u00e1 havia registrado resultado fraco.&nbsp;<\/p>\n\n\n\n<p>Ele afirma que a Black Friday teve bom resultado e que a marca tinha altas expectativas de que o Natal repetiria o desempenho, mas foi uma desilus\u00e3o. &#8220;Foi uma luta danada, fizemos promo\u00e7\u00e3o. Eu n\u00e3o sei de onde saiu esse n\u00famero da Alshop&#8221;, diz Azambuja. &nbsp;<\/p>\n\n\n\n<p>A Gregory, de vestu\u00e1rio feminino, tamb\u00e9m registrou boas vendas na Black Friday, mas como a data caiu na \u00faltima semana de novembro, contaminou a primeira quinzena de dezembro.&nbsp;<\/p>\n\n\n\n<p>\u201cTivemos queda de 7% nas lojas pr\u00f3prias. Nas pesquisas que temos acesso dos shoppings, o movimento pesado s\u00f3 aconteceu nos dois dias antes do Natal, 22 e 23\u201d, diz Andrea Duca, diretora da marca.<\/p>\n\n\n\n<p>Viktor Ljubtschenko, diretor da rede de pijamas e lingeries Any Any, relata queda de 8% em rela\u00e7\u00e3o a 2018.<\/p>\n\n\n\n<p>A Ablos foi fundada neste ano, em fevereiro, no contexto de um aumento das reclama\u00e7\u00f5es de falta de representatividade por parte de algumas redes de varejo. A associa\u00e7\u00e3o registra mais de 90 marcas sat\u00e9lites, que s\u00e3o aquelas de lojas menores, com at\u00e9 180 metros quadrados.<\/p>\n\n\n\n<p>Entre os associados da Ablos h\u00e1 nomes como Melissa, TVZ, MOB, Any Any, Planet Girls e outros.&nbsp;<\/p>\n\n\n\n<p>N\u00e3o fazem parte da Ablos as grandes redes de varejo, conhecidas como lojas &#8220;\u00e2ncora&#8221;, que possuem lojas maiores, com poder de barganha para negociar alugu\u00e9is mais baixos nos shoppings.<\/p>\n\n\n\n<p>Procurada pela coluna, a Alshop&nbsp;afirmou que a&nbsp;pesquisa \u00e9 feita por amostragem para chegar aos n\u00fameros divulgados pela grande imprensa.<\/p>\n\n\n\n<p>\u201cComo mencionado na coletiva tanto o crescimento de 7,5% (no ano) e 9,5% (no per\u00edodo do Natal) s\u00e3o nominais e deste n\u00famero devemos debitar a infla\u00e7\u00e3o no ano. O n\u00famero n\u00e3o est\u00e1 fechado ainda, mas tomamos por base os 3,86% do IPCA estimados no dia 23\u201d, afirmou.&nbsp;<\/p>\n\n\n\n<p>A Alshop diz que entidades como a Abrasce, associa\u00e7\u00e3o dos shoppings,\u00a0que n\u00e3o tem n\u00fameros fechados ainda, estimam alta parecidas.<\/p>\n\n\n\n<p>Jornalista, Joana Cunha \u00e9 formada em administra\u00e7\u00e3o de empresas pela FGV-SP. Foi rep\u00f3rter de Mercado e correspondente da Folha em Nova York.<\/p>\n","protected":false},"excerpt":{"rendered":"<p>Associa\u00e7\u00e3o de lojistas sat\u00e9lites questiona crescimento divulgado pela Alshop<\/p>\n","protected":false},"author":1,"featured_media":0,"comment_status":"closed","ping_status":"open","sticky":false,"template":"","format":"standard","meta":{"_exactmetrics_skip_tracking":false,"_exactmetrics_sitenote_active":false,"_exactmetrics_sitenote_note":"","_exactmetrics_sitenote_category":0,"jetpack_post_was_ever_published":false,"_jetpack_newsletter_access":"","_jetpack_dont_email_post_to_subs":false,"_jetpack_newsletter_tier_id":0,"_jetpack_memberships_contains_paywalled_content":false,"_jetpack_memberships_contains_paid_content":false,"footnotes":"","jetpack_publicize_message":"","jetpack_publicize_feature_enabled":true,"jetpack_social_post_already_shared":true,"jetpack_social_options":{"image_generator_settings":{"template":"highway","enabled":false},"version":2}},"categories":[1],"tags":[],"class_list":["post-25714","post","type-post","status-publish","format-standard","hentry","category-notas"],"jetpack_publicize_connections":[],"jetpack_sharing_enabled":true,"jetpack_featured_media_url":"","jetpack_shortlink":"https:\/\/wp.me\/p7wKYW-6GK","jetpack-related-posts":[],"_links":{"self":[{"href":"http:\/\/blogdalucianaoliveira.com.br\/blog\/wp-json\/wp\/v2\/posts\/25714","targetHints":{"allow":["GET"]}}],"collection":[{"href":"http:\/\/blogdalucianaoliveira.com.br\/blog\/wp-json\/wp\/v2\/posts"}],"about":[{"href":"http:\/\/blogdalucianaoliveira.com.br\/blog\/wp-json\/wp\/v2\/types\/post"}],"author":[{"embeddable":true,"href":"http:\/\/blogdalucianaoliveira.com.br\/blog\/wp-json\/wp\/v2\/users\/1"}],"replies":[{"embeddable":true,"href":"http:\/\/blogdalucianaoliveira.com.br\/blog\/wp-json\/wp\/v2\/comments?post=25714"}],"version-history":[{"count":1,"href":"http:\/\/blogdalucianaoliveira.com.br\/blog\/wp-json\/wp\/v2\/posts\/25714\/revisions"}],"predecessor-version":[{"id":25716,"href":"http:\/\/blogdalucianaoliveira.com.br\/blog\/wp-json\/wp\/v2\/posts\/25714\/revisions\/25716"}],"wp:attachment":[{"href":"http:\/\/blogdalucianaoliveira.com.br\/blog\/wp-json\/wp\/v2\/media?parent=25714"}],"wp:term":[{"taxonomy":"category","embeddable":true,"href":"http:\/\/blogdalucianaoliveira.com.br\/blog\/wp-json\/wp\/v2\/categories?post=25714"},{"taxonomy":"post_tag","embeddable":true,"href":"http:\/\/blogdalucianaoliveira.com.br\/blog\/wp-json\/wp\/v2\/tags?post=25714"}],"curies":[{"name":"wp","href":"https:\/\/api.w.org\/{rel}","templated":true}]}}