{"id":25720,"date":"2019-12-29T00:29:07","date_gmt":"2019-12-29T04:29:07","guid":{"rendered":"http:\/\/blogdalucianaoliveira.com.br\/blog\/?p=25720"},"modified":"2019-12-29T00:29:13","modified_gmt":"2019-12-29T04:29:13","slug":"numero-de-agrotoxicos-liberados-no-brasil-em-2019-e-o-maior-dos-ultimos-14-anos","status":"publish","type":"post","link":"http:\/\/blogdalucianaoliveira.com.br\/blog\/2019\/12\/29\/numero-de-agrotoxicos-liberados-no-brasil-em-2019-e-o-maior-dos-ultimos-14-anos\/","title":{"rendered":"N\u00famero de agrot\u00f3xicos liberados no Brasil em 2019 \u00e9 o maior dos \u00faltimos 14 anos"},"content":{"rendered":"\n<figure class=\"wp-block-image size-large\"><img data-recalc-dims=\"1\" loading=\"lazy\" decoding=\"async\" width=\"600\" height=\"393\" data-attachment-id=\"25721\" data-permalink=\"http:\/\/blogdalucianaoliveira.com.br\/blog\/2019\/12\/29\/numero-de-agrotoxicos-liberados-no-brasil-em-2019-e-o-maior-dos-ultimos-14-anos\/image-27-2\/\" data-orig-file=\"https:\/\/i0.wp.com\/blogdalucianaoliveira.com.br\/blog\/wp-content\/uploads\/2019\/12\/image-27.jpeg?fit=768%2C503\" data-orig-size=\"768,503\" data-comments-opened=\"0\" data-image-meta=\"{&quot;aperture&quot;:&quot;0&quot;,&quot;credit&quot;:&quot;&quot;,&quot;camera&quot;:&quot;&quot;,&quot;caption&quot;:&quot;&quot;,&quot;created_timestamp&quot;:&quot;0&quot;,&quot;copyright&quot;:&quot;&quot;,&quot;focal_length&quot;:&quot;0&quot;,&quot;iso&quot;:&quot;0&quot;,&quot;shutter_speed&quot;:&quot;0&quot;,&quot;title&quot;:&quot;&quot;,&quot;orientation&quot;:&quot;0&quot;}\" data-image-title=\"image-27\" data-image-description=\"\" data-image-caption=\"\" data-medium-file=\"https:\/\/i0.wp.com\/blogdalucianaoliveira.com.br\/blog\/wp-content\/uploads\/2019\/12\/image-27.jpeg?fit=300%2C196\" data-large-file=\"https:\/\/i0.wp.com\/blogdalucianaoliveira.com.br\/blog\/wp-content\/uploads\/2019\/12\/image-27.jpeg?fit=600%2C393\" src=\"https:\/\/i0.wp.com\/blogdalucianaoliveira.com.br\/blog\/wp-content\/uploads\/2019\/12\/image-27.jpeg?resize=600%2C393\" alt=\"\" class=\"wp-image-25721\" srcset=\"https:\/\/i0.wp.com\/blogdalucianaoliveira.com.br\/blog\/wp-content\/uploads\/2019\/12\/image-27.jpeg?w=768 768w, https:\/\/i0.wp.com\/blogdalucianaoliveira.com.br\/blog\/wp-content\/uploads\/2019\/12\/image-27.jpeg?resize=300%2C196 300w, https:\/\/i0.wp.com\/blogdalucianaoliveira.com.br\/blog\/wp-content\/uploads\/2019\/12\/image-27.jpeg?resize=458%2C300 458w\" sizes=\"auto, (max-width: 600px) 100vw, 600px\" \/><\/figure>\n\n\n\n<p>Ao todo, foram 474 produtos; governo diz que 94,5% s\u00e3o gen\u00e9ricos<\/p>\n\n\n\n<!--more-->\n\n\n\n<p><strong><a href=\"https:\/\/www1.folha.uol.com.br\/autores\/matheus-moreira.shtml\">Matheus Moreira<\/a><\/strong><br>FSP<\/p>\n\n\n\n<p>Na sexta-feira (27), o Departamento de Sanidade Vegetal e Insumos Agr\u00edcolas da Secretaria de Defesa Agropecu\u00e1ria liberou 36 novos agrot\u00f3xicos para uso no Brasil. Ao todo, em 2019, foram registrados 474 produtos, a maior quantidade dos \u00faltimos 14 anos.&nbsp;<\/p>\n\n\n\n<p>De acordo com o Minist\u00e9rio da Agricultura, Pecu\u00e1ria e Abastecimento, 94,5% de todos os&nbsp;<a href=\"https:\/\/www1.folha.uol.com.br\/ambiente\/2019\/10\/mais-57-agrotoxicos-sao-liberados-no-brasil.shtml\">agrot\u00f3xicos registrados neste ano<\/a>&nbsp;s\u00e3o gen\u00e9ricos, ou seja, utilizam ingredientes que j\u00e1 eram comercializados no pa\u00eds em outros produtos.&nbsp;<\/p>\n\n\n\n<p>\u201cO objetivo da aprova\u00e7\u00e3o de produtos gen\u00e9ricos \u00e9 aumentar a concorr\u00eancia no mercado e diminuir o pre\u00e7o dos defensivos, o que faz cair o custo de produ\u00e7\u00e3o\u201d, diz o \u00f3rg\u00e3o.\u00a0<br><\/p>\n\n\n\n<p>Dentre os 36 agrot\u00f3xicos liberados, quatro s\u00e3o org\u00e2nicos ou biol\u00f3gicos. Na pr\u00e1tica, isso quer dizer que estes produtos podem ser utilizados tanto na agricultura org\u00e2nica quanto na tradicional.\u00a0<\/p>\n\n\n\n<p>Com esses quatro produtos, chega a 40 o n\u00famero de agrot\u00f3xicos org\u00e2nicos ou biol\u00f3gicos.&nbsp;<\/p>\n\n\n\n<p>O minist\u00e9rio afirma que a alta de registros em 2019 se deve \u00e0 \u201cmedidas desburocratizantes\u201d que aceleraram a fila de pedidos de registro. Para o \u00f3rg\u00e3o, a libera\u00e7\u00e3o dos novos produtos aumentou a produtividade do minist\u00e9rio, bem como da Anvisa e do Ibama \u2014que tamb\u00e9m s\u00e3o respons\u00e1veis por analisar os pedidos.&nbsp;<\/p>\n\n\n\n<figure><iframe loading=\"lazy\" src=\"https:\/\/arte.folha.uol.com.br\/graficos\/vepCC\/?initialWidth=1&amp;childId=infographic-1&amp;parentTitle=N%C3%BAmero%20de%20agrot%C3%B3xicos%20liberados%20no%20Brasil%20em%202019%20%C3%A9%20o%20maior%20dos%20%C3%BAltimos%2014%20anos%20-%2028%2F12%2F2019%20-%20Ambiente%20-%20Folha&amp;parentUrl=https%3A%2F%2Fwww1.folha.uol.com.br%2Fambiente%2F2019%2F12%2Fnumero-de-agrotoxicos-liberados-no-brasil-em-2019-e-o-maior-dos-ultimos-14-anos.shtml\" width=\"100%\" height=\"454px\"><\/iframe><\/figure>\n\n\n\n<p>Ainda segundo o minist\u00e9rio, al\u00e9m de acelerar a fila de an\u00e1lise de registros, tamb\u00e9m era objetivo do \u00f3rg\u00e3o aprovar novas mol\u00e9culas que seriam menos t\u00f3xicas. Entretanto, as duas novas mol\u00e9culas liberadas nesta sexta e citadas pelo \u00f3rg\u00e3o em nota, (Florpirauxifen-benzil e Fluopiram) s\u00e3o classificadas pela Anvisa como medianamente t\u00f3xicas.&nbsp;<\/p>\n\n\n\n<p>Em setembro,&nbsp;<a href=\"https:\/\/www1.folha.uol.com.br\/ambiente\/2019\/09\/30-dos-ingredientes-de-agrotoxicos-liberados-neste-ano-sao-barrados-na-ue.shtml\">a&nbsp;<strong>Folha<\/strong>&nbsp;comparou 96 ingredientes ativos<\/a>&nbsp;que comp\u00f5em os agrot\u00f3xicos liberados no Brasil at\u00e9 o dia 19 daquele m\u00eas. O levantamento revelou que 28 dos 96 ingredientes s\u00e3o barrados na Uni\u00e3o Europeia, 36 na Austr\u00e1lia, 30 na \u00cdndia e 18 no Canad\u00e1.&nbsp;<\/p>\n\n\n\n<figure><iframe loading=\"lazy\" src=\"https:\/\/arte.folha.uol.com.br\/ciencia\/2019\/09\/19\/agrotoxicos-brasil-mundo\/?initialWidth=1&amp;childId=infographic-2&amp;parentTitle=N%C3%BAmero%20de%20agrot%C3%B3xicos%20liberados%20no%20Brasil%20em%202019%20%C3%A9%20o%20maior%20dos%20%C3%BAltimos%2014%20anos%20-%2028%2F12%2F2019%20-%20Ambiente%20-%20Folha&amp;parentUrl=https%3A%2F%2Fwww1.folha.uol.com.br%2Fambiente%2F2019%2F12%2Fnumero-de-agrotoxicos-liberados-no-brasil-em-2019-e-o-maior-dos-ultimos-14-anos.shtml\" width=\"100%\" height=\"3103px\"><\/iframe><\/figure>\n\n\n\n<p><\/p>\n","protected":false},"excerpt":{"rendered":"<p>Ao todo, foram 474 produtos; governo diz que 94,5% s\u00e3o gen\u00e9ricos<\/p>\n","protected":false},"author":1,"featured_media":0,"comment_status":"closed","ping_status":"open","sticky":false,"template":"","format":"standard","meta":{"_exactmetrics_skip_tracking":false,"_exactmetrics_sitenote_active":false,"_exactmetrics_sitenote_note":"","_exactmetrics_sitenote_category":0,"jetpack_post_was_ever_published":false,"_jetpack_newsletter_access":"","_jetpack_dont_email_post_to_subs":false,"_jetpack_newsletter_tier_id":0,"_jetpack_memberships_contains_paywalled_content":false,"_jetpack_memberships_contains_paid_content":false,"footnotes":"","jetpack_publicize_message":"","jetpack_publicize_feature_enabled":true,"jetpack_social_post_already_shared":true,"jetpack_social_options":{"image_generator_settings":{"template":"highway","enabled":false},"version":2}},"categories":[1],"tags":[],"class_list":["post-25720","post","type-post","status-publish","format-standard","hentry","category-notas"],"jetpack_publicize_connections":[],"jetpack_sharing_enabled":true,"jetpack_featured_media_url":"","jetpack_shortlink":"https:\/\/wp.me\/p7wKYW-6GQ","jetpack-related-posts":[],"_links":{"self":[{"href":"http:\/\/blogdalucianaoliveira.com.br\/blog\/wp-json\/wp\/v2\/posts\/25720","targetHints":{"allow":["GET"]}}],"collection":[{"href":"http:\/\/blogdalucianaoliveira.com.br\/blog\/wp-json\/wp\/v2\/posts"}],"about":[{"href":"http:\/\/blogdalucianaoliveira.com.br\/blog\/wp-json\/wp\/v2\/types\/post"}],"author":[{"embeddable":true,"href":"http:\/\/blogdalucianaoliveira.com.br\/blog\/wp-json\/wp\/v2\/users\/1"}],"replies":[{"embeddable":true,"href":"http:\/\/blogdalucianaoliveira.com.br\/blog\/wp-json\/wp\/v2\/comments?post=25720"}],"version-history":[{"count":1,"href":"http:\/\/blogdalucianaoliveira.com.br\/blog\/wp-json\/wp\/v2\/posts\/25720\/revisions"}],"predecessor-version":[{"id":25722,"href":"http:\/\/blogdalucianaoliveira.com.br\/blog\/wp-json\/wp\/v2\/posts\/25720\/revisions\/25722"}],"wp:attachment":[{"href":"http:\/\/blogdalucianaoliveira.com.br\/blog\/wp-json\/wp\/v2\/media?parent=25720"}],"wp:term":[{"taxonomy":"category","embeddable":true,"href":"http:\/\/blogdalucianaoliveira.com.br\/blog\/wp-json\/wp\/v2\/categories?post=25720"},{"taxonomy":"post_tag","embeddable":true,"href":"http:\/\/blogdalucianaoliveira.com.br\/blog\/wp-json\/wp\/v2\/tags?post=25720"}],"curies":[{"name":"wp","href":"https:\/\/api.w.org\/{rel}","templated":true}]}}