{"id":25723,"date":"2019-12-29T09:34:25","date_gmt":"2019-12-29T13:34:25","guid":{"rendered":"http:\/\/blogdalucianaoliveira.com.br\/blog\/?p=25723"},"modified":"2019-12-29T09:34:35","modified_gmt":"2019-12-29T13:34:35","slug":"dilma-morte-de-nilcea-e-enorme-perda-para-as-mulheres","status":"publish","type":"post","link":"http:\/\/blogdalucianaoliveira.com.br\/blog\/2019\/12\/29\/dilma-morte-de-nilcea-e-enorme-perda-para-as-mulheres\/","title":{"rendered":"Dilma: &#8216;Morte de Nilcea \u00e9 enorme perda para as mulheres&#8217;"},"content":{"rendered":"\n<figure class=\"wp-block-image size-large\"><img data-recalc-dims=\"1\" loading=\"lazy\" decoding=\"async\" width=\"500\" height=\"240\" data-attachment-id=\"25724\" data-permalink=\"http:\/\/blogdalucianaoliveira.com.br\/blog\/2019\/12\/29\/dilma-morte-de-nilcea-e-enorme-perda-para-as-mulheres\/image-28-2\/\" data-orig-file=\"https:\/\/i0.wp.com\/blogdalucianaoliveira.com.br\/blog\/wp-content\/uploads\/2019\/12\/image-28.jpeg?fit=500%2C240\" data-orig-size=\"500,240\" data-comments-opened=\"0\" data-image-meta=\"{&quot;aperture&quot;:&quot;0&quot;,&quot;credit&quot;:&quot;&quot;,&quot;camera&quot;:&quot;&quot;,&quot;caption&quot;:&quot;&quot;,&quot;created_timestamp&quot;:&quot;0&quot;,&quot;copyright&quot;:&quot;&quot;,&quot;focal_length&quot;:&quot;0&quot;,&quot;iso&quot;:&quot;0&quot;,&quot;shutter_speed&quot;:&quot;0&quot;,&quot;title&quot;:&quot;&quot;,&quot;orientation&quot;:&quot;0&quot;}\" data-image-title=\"image-28\" data-image-description=\"\" data-image-caption=\"\" data-medium-file=\"https:\/\/i0.wp.com\/blogdalucianaoliveira.com.br\/blog\/wp-content\/uploads\/2019\/12\/image-28.jpeg?fit=300%2C144\" data-large-file=\"https:\/\/i0.wp.com\/blogdalucianaoliveira.com.br\/blog\/wp-content\/uploads\/2019\/12\/image-28.jpeg?fit=500%2C240\" src=\"https:\/\/i0.wp.com\/blogdalucianaoliveira.com.br\/blog\/wp-content\/uploads\/2019\/12\/image-28.jpeg?resize=500%2C240\" alt=\"\" class=\"wp-image-25724\" srcset=\"https:\/\/i0.wp.com\/blogdalucianaoliveira.com.br\/blog\/wp-content\/uploads\/2019\/12\/image-28.jpeg?w=500 500w, https:\/\/i0.wp.com\/blogdalucianaoliveira.com.br\/blog\/wp-content\/uploads\/2019\/12\/image-28.jpeg?resize=300%2C144 300w\" sizes=\"auto, (max-width: 500px) 100vw, 500px\" \/><\/figure>\n\n\n\n<p><strong><br>247 &#8211;<\/strong>&nbsp;&#8220;A morte de Nilc\u00e9a Freire \u00e9 uma enorme perda para o Brasil, sobretudo para as mulheres brasileiras. Ela foi uma das l\u00edderes feministas mais destacadas da nossa hist\u00f3ria, participando das lutas em defesa dos direitos das mulheres, do povo e pela Educa\u00e7\u00e3o&#8221; &#8211; escreveu a ex-presidengta Dilma Rousseff no Twitter.<\/p>\n\n\n\n<!--more-->\n\n\n\n<figure class=\"wp-block-image\"><a href=\"https:\/\/twitter.com\/dilmabr\"><img data-recalc-dims=\"1\" decoding=\"async\" src=\"https:\/\/i0.wp.com\/pbs.twimg.com\/profile_images\/1054749330811375616\/S_qkZ3xy_bigger.jpg?w=600&#038;ssl=1\" alt=\"\"\/><\/a><\/figure>\n\n\n\n<p><a href=\"https:\/\/twitter.com\/dilmabr\"><strong>Dilma Rousseff<\/strong><strong>\u2714<\/strong>@dilmabr<\/a><a href=\"https:\/\/twitter.com\/dilmabr\/status\/1211260230170005505\"><\/a><\/p>\n\n\n\n<p>1 A morte de Nilc\u00e9a Freire \u00e9 uma enorme perda para o Brasil, sobretudo para as mulheres brasileiras. Ela foi uma das l\u00edderes feministas mais destacadas da nossa hist\u00f3ria, participando das lutas em defesa dos direitos das mulheres, do povo e pela Educa\u00e7\u00e3o.<\/p>\n\n\n\n<figure class=\"wp-block-image\"><a href=\"https:\/\/twitter.com\/dilmabr\/status\/1211260230170005505\/photo\/1\"><img decoding=\"async\" src=\"https:\/\/pbs.twimg.com\/media\/EM9CwYNWsAAmO29?format=jpg&amp;name=900x900\" alt=\"Ver imagem no Twitter\"\/><\/a><\/figure>\n\n\n\n<p><\/p>\n\n\n\n<p>A ex-ministra de Pol\u00edtica para as Mulheres do governo Lula, Nilcea Freire, morreu neste s\u00e1bado (28) aos 66 anos. Ela lutava contra um c\u00e2ncer na cabe\u00e7a. A ex-ministra foi respons\u00e1vel pela realiza\u00e7\u00e3o da Primeira Confer\u00eancia Nacional de Pol\u00edticas para as Mulheres, que teve como um dos resultados o Plano Nacional de Pol\u00edticas para as Mulheres.&nbsp;<\/p>\n\n\n\n<p>Nilcea foi uma ativista pol\u00edtica e social e dedicou-se ao feminismo. Foi a primeira mulher reitora de uma universidade p\u00fablica no estado do Rio de Janeiro, noticiou o<a href=\"https:\/\/www.brasil247.com\/brasil\/morre-nilcea-freire-ex-ministra-de-politica-para-as-mulheres\"><strong>&nbsp;Brasil 247&nbsp;<\/strong><\/a>na manh\u00e3 deste domingo.<\/p>\n\n\n\n<p><\/p>\n","protected":false},"excerpt":{"rendered":"<p>247 &#8211;&nbsp;&#8220;A morte de Nilc\u00e9a Freire \u00e9 uma enorme perda para o Brasil, sobretudo para as mulheres brasileiras. Ela foi uma das l\u00edderes feministas mais destacadas da nossa hist\u00f3ria, participando das lutas em defesa dos direitos das mulheres, do povo e pela Educa\u00e7\u00e3o&#8221; &#8211; escreveu a ex-presidengta Dilma Rousseff no Twitter.<\/p>\n","protected":false},"author":1,"featured_media":0,"comment_status":"closed","ping_status":"open","sticky":false,"template":"","format":"standard","meta":{"_exactmetrics_skip_tracking":false,"_exactmetrics_sitenote_active":false,"_exactmetrics_sitenote_note":"","_exactmetrics_sitenote_category":0,"jetpack_post_was_ever_published":false,"_jetpack_newsletter_access":"","_jetpack_dont_email_post_to_subs":false,"_jetpack_newsletter_tier_id":0,"_jetpack_memberships_contains_paywalled_content":false,"_jetpack_memberships_contains_paid_content":false,"footnotes":"","jetpack_publicize_message":"","jetpack_publicize_feature_enabled":true,"jetpack_social_post_already_shared":true,"jetpack_social_options":{"image_generator_settings":{"template":"highway","enabled":false},"version":2}},"categories":[1],"tags":[],"class_list":["post-25723","post","type-post","status-publish","format-standard","hentry","category-notas"],"jetpack_publicize_connections":[],"jetpack_sharing_enabled":true,"jetpack_featured_media_url":"","jetpack_shortlink":"https:\/\/wp.me\/p7wKYW-6GT","jetpack-related-posts":[],"_links":{"self":[{"href":"http:\/\/blogdalucianaoliveira.com.br\/blog\/wp-json\/wp\/v2\/posts\/25723","targetHints":{"allow":["GET"]}}],"collection":[{"href":"http:\/\/blogdalucianaoliveira.com.br\/blog\/wp-json\/wp\/v2\/posts"}],"about":[{"href":"http:\/\/blogdalucianaoliveira.com.br\/blog\/wp-json\/wp\/v2\/types\/post"}],"author":[{"embeddable":true,"href":"http:\/\/blogdalucianaoliveira.com.br\/blog\/wp-json\/wp\/v2\/users\/1"}],"replies":[{"embeddable":true,"href":"http:\/\/blogdalucianaoliveira.com.br\/blog\/wp-json\/wp\/v2\/comments?post=25723"}],"version-history":[{"count":1,"href":"http:\/\/blogdalucianaoliveira.com.br\/blog\/wp-json\/wp\/v2\/posts\/25723\/revisions"}],"predecessor-version":[{"id":25725,"href":"http:\/\/blogdalucianaoliveira.com.br\/blog\/wp-json\/wp\/v2\/posts\/25723\/revisions\/25725"}],"wp:attachment":[{"href":"http:\/\/blogdalucianaoliveira.com.br\/blog\/wp-json\/wp\/v2\/media?parent=25723"}],"wp:term":[{"taxonomy":"category","embeddable":true,"href":"http:\/\/blogdalucianaoliveira.com.br\/blog\/wp-json\/wp\/v2\/categories?post=25723"},{"taxonomy":"post_tag","embeddable":true,"href":"http:\/\/blogdalucianaoliveira.com.br\/blog\/wp-json\/wp\/v2\/tags?post=25723"}],"curies":[{"name":"wp","href":"https:\/\/api.w.org\/{rel}","templated":true}]}}