{"id":25726,"date":"2019-12-29T09:41:45","date_gmt":"2019-12-29T13:41:45","guid":{"rendered":"http:\/\/blogdalucianaoliveira.com.br\/blog\/?p=25726"},"modified":"2019-12-29T09:41:56","modified_gmt":"2019-12-29T13:41:56","slug":"indulto-de-natal-e-ataque-ao-estudio-do-porta-dos-fundos-sao-simbolos-do-ano-bolsonaro-diz-janio-de-freitas","status":"publish","type":"post","link":"http:\/\/blogdalucianaoliveira.com.br\/blog\/2019\/12\/29\/indulto-de-natal-e-ataque-ao-estudio-do-porta-dos-fundos-sao-simbolos-do-ano-bolsonaro-diz-janio-de-freitas\/","title":{"rendered":"Indulto de Natal e ataque ao est\u00fadio do Porta dos Fundos s\u00e3o s\u00edmbolos do &#8220;Ano Bolsonaro&#8221;, diz Janio de Freitas"},"content":{"rendered":"\n<figure class=\"wp-block-image size-large\"><img data-recalc-dims=\"1\" loading=\"lazy\" decoding=\"async\" width=\"500\" height=\"240\" data-attachment-id=\"25727\" data-permalink=\"http:\/\/blogdalucianaoliveira.com.br\/blog\/2019\/12\/29\/indulto-de-natal-e-ataque-ao-estudio-do-porta-dos-fundos-sao-simbolos-do-ano-bolsonaro-diz-janio-de-freitas\/image-29-2\/\" data-orig-file=\"https:\/\/i0.wp.com\/blogdalucianaoliveira.com.br\/blog\/wp-content\/uploads\/2019\/12\/image-29.jpeg?fit=500%2C240\" data-orig-size=\"500,240\" data-comments-opened=\"0\" data-image-meta=\"{&quot;aperture&quot;:&quot;0&quot;,&quot;credit&quot;:&quot;&quot;,&quot;camera&quot;:&quot;&quot;,&quot;caption&quot;:&quot;&quot;,&quot;created_timestamp&quot;:&quot;0&quot;,&quot;copyright&quot;:&quot;&quot;,&quot;focal_length&quot;:&quot;0&quot;,&quot;iso&quot;:&quot;0&quot;,&quot;shutter_speed&quot;:&quot;0&quot;,&quot;title&quot;:&quot;&quot;,&quot;orientation&quot;:&quot;0&quot;}\" data-image-title=\"image-29\" data-image-description=\"\" data-image-caption=\"\" data-medium-file=\"https:\/\/i0.wp.com\/blogdalucianaoliveira.com.br\/blog\/wp-content\/uploads\/2019\/12\/image-29.jpeg?fit=300%2C144\" data-large-file=\"https:\/\/i0.wp.com\/blogdalucianaoliveira.com.br\/blog\/wp-content\/uploads\/2019\/12\/image-29.jpeg?fit=500%2C240\" src=\"https:\/\/i0.wp.com\/blogdalucianaoliveira.com.br\/blog\/wp-content\/uploads\/2019\/12\/image-29.jpeg?resize=500%2C240\" alt=\"\" class=\"wp-image-25727\" srcset=\"https:\/\/i0.wp.com\/blogdalucianaoliveira.com.br\/blog\/wp-content\/uploads\/2019\/12\/image-29.jpeg?w=500 500w, https:\/\/i0.wp.com\/blogdalucianaoliveira.com.br\/blog\/wp-content\/uploads\/2019\/12\/image-29.jpeg?resize=300%2C144 300w\" sizes=\"auto, (max-width: 500px) 100vw, 500px\" \/><\/figure>\n\n\n\n<p><strong>247 &#8211;\u00a0<\/strong>O jornalista Janio de Freitas destaca, em sua coluna na\u00a0<a href=\"https:\/\/www1.folha.uol.com.br\/colunas\/janiodefreitas\/2019\/12\/um-final-simbolico-no-ano-bolsonaro.shtml\">Folha de S. Paulo<\/a>\u00a0deste domingo (29) que \u201co tema da viol\u00eancia armada, que no apagar do ano criou dois casos especiais, cai muito bem como encerramento do Ano Bolsonaro\u201d. \u201cO que est\u00e1 chamado de indulto, e \u00e9 muito mais, consiste em um abuso de poder com fins n\u00e3o revelados no que mais importa: sua motiva\u00e7\u00e3o. O ataque homicida e incendi\u00e1rio ao est\u00fadio do Porta dos Fundos, por sua vez, diz mais do que se nota\u201d, afirma.<\/p>\n\n\n\n<!--more-->\n\n\n\n<p>\u201cA liberta\u00e7\u00e3o dos condenados das pol\u00edcias Militar e Civil, militares, bombeiros e \u201cagentes de seguran\u00e7a\u201d em geral, sentenciados por crimes culposos (ditos \u201csem inten\u00e7\u00e3o de matar\u201d), est\u00e1 \u00e0 espera de uma pergunta: por que esse ato de Jair Bolsonaro?\u201d, questiona. \u201cTanto a exclusividade do benef\u00edcio a \u201cagentes da seguran\u00e7a\u201d \u2014sempre preservada a cita\u00e7\u00e3o priorit\u00e1ria a PMs\u2014 como o seu alcance suscitam estranhezas tamb\u00e9m no Minist\u00e9rio P\u00fablico. A subprocuradora-geral Luiza Frischeisen, por exemplo, mencionou ao rep\u00f3rter Vinicius Sassine sua preocupa\u00e7\u00e3o, como coordenadora da C\u00e2mara Criminal, com \u201ca extens\u00e3o do perd\u00e3o para pessoas fora do exerc\u00edcio da fun\u00e7\u00e3o\u201d. Policiais, militares e \u201cagentes de seguran\u00e7a\u201d autores de crimes quando n\u00e3o agiam como policiais\u201d, destaca.<\/p>\n\n\n\n<p>\u201cA outra homenagem ao Ano Bolsonaro \u2014o ataque \u00e0 sede do Porta dos Fundos \u2014 tem repercuss\u00e3o por motivos \u00f3bvios. N\u00e3o por isso, mas pelo ato em si, torna percept\u00edvel uma escalada no extremismo. Ou no bolsonarismo. Sob diferentes formas, atos da mesma natureza est\u00e3o ocorrendo com frequ\u00eancia crescente. Centros esp\u00edritas, de umbanda, associa\u00e7\u00f5es de fins sociais, cerim\u00f4nias e igrejas cat\u00f3licas, al\u00e9m de in\u00fameras v\u00edtimas pessoais, est\u00e3o atacados no pa\u00eds todo, sem que isso receba do Minist\u00e9rio da Justi\u00e7a, dos meios de comunica\u00e7\u00e3o e da sociedade a aten\u00e7\u00e3o devida e a compreens\u00e3o de sua gravidade\u201d, completa.<\/p>\n","protected":false},"excerpt":{"rendered":"<p>247 &#8211;\u00a0O jornalista Janio de Freitas destaca, em sua coluna na\u00a0Folha de S. Paulo\u00a0deste domingo (29) que \u201co tema da viol\u00eancia armada, que no apagar do ano criou dois casos especiais, cai muito bem como encerramento do Ano Bolsonaro\u201d. \u201cO que est\u00e1 chamado de indulto, e \u00e9 muito mais, consiste em um abuso de poder&#8230;<a class=\"more-link\" href=\"http:\/\/blogdalucianaoliveira.com.br\/blog\/2019\/12\/29\/indulto-de-natal-e-ataque-ao-estudio-do-porta-dos-fundos-sao-simbolos-do-ano-bolsonaro-diz-janio-de-freitas\/\">Continue a leitura <span class=\"meta-nav\">&raquo;<\/span><\/a><\/p>\n","protected":false},"author":1,"featured_media":0,"comment_status":"closed","ping_status":"open","sticky":false,"template":"","format":"standard","meta":{"_exactmetrics_skip_tracking":false,"_exactmetrics_sitenote_active":false,"_exactmetrics_sitenote_note":"","_exactmetrics_sitenote_category":0,"jetpack_post_was_ever_published":false,"_jetpack_newsletter_access":"","_jetpack_dont_email_post_to_subs":false,"_jetpack_newsletter_tier_id":0,"_jetpack_memberships_contains_paywalled_content":false,"_jetpack_memberships_contains_paid_content":false,"footnotes":"","jetpack_publicize_message":"","jetpack_publicize_feature_enabled":true,"jetpack_social_post_already_shared":true,"jetpack_social_options":{"image_generator_settings":{"template":"highway","enabled":false},"version":2}},"categories":[1],"tags":[],"class_list":["post-25726","post","type-post","status-publish","format-standard","hentry","category-notas"],"jetpack_publicize_connections":[],"jetpack_sharing_enabled":true,"jetpack_featured_media_url":"","jetpack_shortlink":"https:\/\/wp.me\/p7wKYW-6GW","jetpack-related-posts":[],"_links":{"self":[{"href":"http:\/\/blogdalucianaoliveira.com.br\/blog\/wp-json\/wp\/v2\/posts\/25726","targetHints":{"allow":["GET"]}}],"collection":[{"href":"http:\/\/blogdalucianaoliveira.com.br\/blog\/wp-json\/wp\/v2\/posts"}],"about":[{"href":"http:\/\/blogdalucianaoliveira.com.br\/blog\/wp-json\/wp\/v2\/types\/post"}],"author":[{"embeddable":true,"href":"http:\/\/blogdalucianaoliveira.com.br\/blog\/wp-json\/wp\/v2\/users\/1"}],"replies":[{"embeddable":true,"href":"http:\/\/blogdalucianaoliveira.com.br\/blog\/wp-json\/wp\/v2\/comments?post=25726"}],"version-history":[{"count":1,"href":"http:\/\/blogdalucianaoliveira.com.br\/blog\/wp-json\/wp\/v2\/posts\/25726\/revisions"}],"predecessor-version":[{"id":25728,"href":"http:\/\/blogdalucianaoliveira.com.br\/blog\/wp-json\/wp\/v2\/posts\/25726\/revisions\/25728"}],"wp:attachment":[{"href":"http:\/\/blogdalucianaoliveira.com.br\/blog\/wp-json\/wp\/v2\/media?parent=25726"}],"wp:term":[{"taxonomy":"category","embeddable":true,"href":"http:\/\/blogdalucianaoliveira.com.br\/blog\/wp-json\/wp\/v2\/categories?post=25726"},{"taxonomy":"post_tag","embeddable":true,"href":"http:\/\/blogdalucianaoliveira.com.br\/blog\/wp-json\/wp\/v2\/tags?post=25726"}],"curies":[{"name":"wp","href":"https:\/\/api.w.org\/{rel}","templated":true}]}}