{"id":25732,"date":"2019-12-29T13:21:59","date_gmt":"2019-12-29T17:21:59","guid":{"rendered":"http:\/\/blogdalucianaoliveira.com.br\/blog\/?p=25732"},"modified":"2019-12-29T13:22:10","modified_gmt":"2019-12-29T17:22:10","slug":"a-morte-de-nilcea-freire-e-a-ascensao-de-damares","status":"publish","type":"post","link":"http:\/\/blogdalucianaoliveira.com.br\/blog\/2019\/12\/29\/a-morte-de-nilcea-freire-e-a-ascensao-de-damares\/","title":{"rendered":"A morte de Nilc\u00e9a Freire e a ascens\u00e3o de Damares"},"content":{"rendered":"\n<figure class=\"wp-block-image size-large\"><img data-recalc-dims=\"1\" loading=\"lazy\" decoding=\"async\" width=\"600\" height=\"373\" data-attachment-id=\"25733\" data-permalink=\"http:\/\/blogdalucianaoliveira.com.br\/blog\/2019\/12\/29\/a-morte-de-nilcea-freire-e-a-ascensao-de-damares\/image-30-2\/\" data-orig-file=\"https:\/\/i0.wp.com\/blogdalucianaoliveira.com.br\/blog\/wp-content\/uploads\/2019\/12\/image-30.jpeg?fit=600%2C373\" data-orig-size=\"600,373\" data-comments-opened=\"0\" data-image-meta=\"{&quot;aperture&quot;:&quot;0&quot;,&quot;credit&quot;:&quot;&quot;,&quot;camera&quot;:&quot;&quot;,&quot;caption&quot;:&quot;&quot;,&quot;created_timestamp&quot;:&quot;0&quot;,&quot;copyright&quot;:&quot;&quot;,&quot;focal_length&quot;:&quot;0&quot;,&quot;iso&quot;:&quot;0&quot;,&quot;shutter_speed&quot;:&quot;0&quot;,&quot;title&quot;:&quot;&quot;,&quot;orientation&quot;:&quot;0&quot;}\" data-image-title=\"image-30\" data-image-description=\"\" data-image-caption=\"\" data-medium-file=\"https:\/\/i0.wp.com\/blogdalucianaoliveira.com.br\/blog\/wp-content\/uploads\/2019\/12\/image-30.jpeg?fit=300%2C187\" data-large-file=\"https:\/\/i0.wp.com\/blogdalucianaoliveira.com.br\/blog\/wp-content\/uploads\/2019\/12\/image-30.jpeg?fit=600%2C373\" src=\"https:\/\/i0.wp.com\/blogdalucianaoliveira.com.br\/blog\/wp-content\/uploads\/2019\/12\/image-30.jpeg?resize=600%2C373\" alt=\"\" class=\"wp-image-25733\" srcset=\"https:\/\/i0.wp.com\/blogdalucianaoliveira.com.br\/blog\/wp-content\/uploads\/2019\/12\/image-30.jpeg?w=600 600w, https:\/\/i0.wp.com\/blogdalucianaoliveira.com.br\/blog\/wp-content\/uploads\/2019\/12\/image-30.jpeg?resize=300%2C187 300w, https:\/\/i0.wp.com\/blogdalucianaoliveira.com.br\/blog\/wp-content\/uploads\/2019\/12\/image-30.jpeg?resize=483%2C300 483w\" sizes=\"auto, (max-width: 600px) 100vw, 600px\" \/><\/figure>\n\n\n\n<p>Duas not\u00edcias, uma ao lado da outra, que refor\u00e7am o desalento de um Brasil exausto de \u00f3dio, ignor\u00e2ncia e obscurantismo. Est\u00e3o na capa da Folha online.<\/p>\n\n\n\n<!--more-->\n\n\n\n<p>No DCM, por Mois\u00e9s Mendes &#8211; A primeira \u00e9 sobre a agenda seletiva de Damares Alves, a ministra que transformou o gabinete num reduto de entra-e-sai de neopentecostais e representantes da extrema direita e de total desprezo por pedidos de audi\u00eancia com l\u00edderes de movimentos sociais e de direitos humanos.<\/p>\n\n\n\n<p>A outra not\u00edcia \u00e9 a da morte de Nilc\u00e9a Freire, ex-ministra de Pol\u00edticas para as Mulheres do governo Lula.<\/p>\n\n\n\n<p>M\u00e9dica, professora e ex-reitora da Universidade Estadual do Rio, Nilc\u00e9a morreu aos 66 anos, de c\u00e2ncer, num momento em que o bolsonarismo destr\u00f3i tudo o que ela ajudou a construir.<\/p>\n\n\n\n<p>Morre uma feminista, defensora e implantadora de politicas p\u00fablicas para as mulheres, pioneira na ado\u00e7\u00e3o das cotas nas universidades.<\/p>\n\n\n\n<p>Uma militante das liberdades.<\/p>\n\n\n\n<p>\u00c9 ofensivo, mas ao mesmo tempo denunciador de realidade que n\u00e3o podemos esconder, que a not\u00edcia da sua morte esteja agora na capa da Folha ao lado de uma reportagem sobre o poder incontrol\u00e1vel do fundamentalismo pol\u00edtico e religioso de Damares Alves.<\/p>\n\n\n\n<p><\/p>\n","protected":false},"excerpt":{"rendered":"<p>Duas not\u00edcias, uma ao lado da outra, que refor\u00e7am o desalento de um Brasil exausto de \u00f3dio, ignor\u00e2ncia e obscurantismo. Est\u00e3o na capa da Folha online.<\/p>\n","protected":false},"author":1,"featured_media":0,"comment_status":"closed","ping_status":"open","sticky":false,"template":"","format":"standard","meta":{"_exactmetrics_skip_tracking":false,"_exactmetrics_sitenote_active":false,"_exactmetrics_sitenote_note":"","_exactmetrics_sitenote_category":0,"jetpack_post_was_ever_published":false,"_jetpack_newsletter_access":"","_jetpack_dont_email_post_to_subs":false,"_jetpack_newsletter_tier_id":0,"_jetpack_memberships_contains_paywalled_content":false,"_jetpack_memberships_contains_paid_content":false,"footnotes":"","jetpack_publicize_message":"","jetpack_publicize_feature_enabled":true,"jetpack_social_post_already_shared":true,"jetpack_social_options":{"image_generator_settings":{"template":"highway","enabled":false},"version":2}},"categories":[1],"tags":[],"class_list":["post-25732","post","type-post","status-publish","format-standard","hentry","category-notas"],"jetpack_publicize_connections":[],"jetpack_sharing_enabled":true,"jetpack_featured_media_url":"","jetpack_shortlink":"https:\/\/wp.me\/p7wKYW-6H2","jetpack-related-posts":[],"_links":{"self":[{"href":"http:\/\/blogdalucianaoliveira.com.br\/blog\/wp-json\/wp\/v2\/posts\/25732","targetHints":{"allow":["GET"]}}],"collection":[{"href":"http:\/\/blogdalucianaoliveira.com.br\/blog\/wp-json\/wp\/v2\/posts"}],"about":[{"href":"http:\/\/blogdalucianaoliveira.com.br\/blog\/wp-json\/wp\/v2\/types\/post"}],"author":[{"embeddable":true,"href":"http:\/\/blogdalucianaoliveira.com.br\/blog\/wp-json\/wp\/v2\/users\/1"}],"replies":[{"embeddable":true,"href":"http:\/\/blogdalucianaoliveira.com.br\/blog\/wp-json\/wp\/v2\/comments?post=25732"}],"version-history":[{"count":1,"href":"http:\/\/blogdalucianaoliveira.com.br\/blog\/wp-json\/wp\/v2\/posts\/25732\/revisions"}],"predecessor-version":[{"id":25734,"href":"http:\/\/blogdalucianaoliveira.com.br\/blog\/wp-json\/wp\/v2\/posts\/25732\/revisions\/25734"}],"wp:attachment":[{"href":"http:\/\/blogdalucianaoliveira.com.br\/blog\/wp-json\/wp\/v2\/media?parent=25732"}],"wp:term":[{"taxonomy":"category","embeddable":true,"href":"http:\/\/blogdalucianaoliveira.com.br\/blog\/wp-json\/wp\/v2\/categories?post=25732"},{"taxonomy":"post_tag","embeddable":true,"href":"http:\/\/blogdalucianaoliveira.com.br\/blog\/wp-json\/wp\/v2\/tags?post=25732"}],"curies":[{"name":"wp","href":"https:\/\/api.w.org\/{rel}","templated":true}]}}