{"id":25739,"date":"2019-12-30T06:56:31","date_gmt":"2019-12-30T10:56:31","guid":{"rendered":"http:\/\/blogdalucianaoliveira.com.br\/blog\/?p=25739"},"modified":"2019-12-30T06:56:41","modified_gmt":"2019-12-30T10:56:41","slug":"golpe-de-2016-ajudou-a-tirar-351-mil-adolescentes-da-educacao-privada","status":"publish","type":"post","link":"http:\/\/blogdalucianaoliveira.com.br\/blog\/2019\/12\/30\/golpe-de-2016-ajudou-a-tirar-351-mil-adolescentes-da-educacao-privada\/","title":{"rendered":"Golpe de 2016 ajudou a tirar 351 mil adolescentes da educa\u00e7\u00e3o privada"},"content":{"rendered":"\n<figure class=\"wp-block-image size-large\"><img data-recalc-dims=\"1\" loading=\"lazy\" decoding=\"async\" width=\"500\" height=\"240\" data-attachment-id=\"25740\" data-permalink=\"http:\/\/blogdalucianaoliveira.com.br\/blog\/2019\/12\/30\/golpe-de-2016-ajudou-a-tirar-351-mil-adolescentes-da-educacao-privada\/image-32-2\/\" data-orig-file=\"https:\/\/i0.wp.com\/blogdalucianaoliveira.com.br\/blog\/wp-content\/uploads\/2019\/12\/image-32.jpeg?fit=500%2C240\" data-orig-size=\"500,240\" data-comments-opened=\"0\" data-image-meta=\"{&quot;aperture&quot;:&quot;0&quot;,&quot;credit&quot;:&quot;&quot;,&quot;camera&quot;:&quot;&quot;,&quot;caption&quot;:&quot;&quot;,&quot;created_timestamp&quot;:&quot;0&quot;,&quot;copyright&quot;:&quot;&quot;,&quot;focal_length&quot;:&quot;0&quot;,&quot;iso&quot;:&quot;0&quot;,&quot;shutter_speed&quot;:&quot;0&quot;,&quot;title&quot;:&quot;&quot;,&quot;orientation&quot;:&quot;0&quot;}\" data-image-title=\"image-32\" data-image-description=\"\" data-image-caption=\"\" data-medium-file=\"https:\/\/i0.wp.com\/blogdalucianaoliveira.com.br\/blog\/wp-content\/uploads\/2019\/12\/image-32.jpeg?fit=300%2C144\" data-large-file=\"https:\/\/i0.wp.com\/blogdalucianaoliveira.com.br\/blog\/wp-content\/uploads\/2019\/12\/image-32.jpeg?fit=500%2C240\" src=\"https:\/\/i0.wp.com\/blogdalucianaoliveira.com.br\/blog\/wp-content\/uploads\/2019\/12\/image-32.jpeg?resize=500%2C240\" alt=\"\" class=\"wp-image-25740\" srcset=\"https:\/\/i0.wp.com\/blogdalucianaoliveira.com.br\/blog\/wp-content\/uploads\/2019\/12\/image-32.jpeg?w=500 500w, https:\/\/i0.wp.com\/blogdalucianaoliveira.com.br\/blog\/wp-content\/uploads\/2019\/12\/image-32.jpeg?resize=300%2C144 300w\" sizes=\"auto, (max-width: 500px) 100vw, 500px\" \/><\/figure>\n\n\n\n<p><strong>247 \u2013<\/strong>\u00a0&#8220;Escolas privadas no Brasil perderam quase um ter\u00e7o (27%) de seus alunos de ensino m\u00e9dio comparando 2014 a 2018. Isso corresponde a 351 mil estudantes a menos. A avalia\u00e7\u00e3o de representantes do setor \u00e9 que existe um conjunto de fatores que causa essa queda. Eles passam por crise econ\u00f4mica agravada em 2015, abertura de institutos federais de educa\u00e7\u00e3o a partir de 2013, Prouni e o salto no valor da mensalidade&#8221;, aponta\u00a0<a href=\"https:\/\/oglobo.globo.com\/sociedade\/educacao\/ensino-medio-privado-no-pais-encolhe-sao-27-menos-alunos-de-2014-2018-24162234\">reportagem<\/a>\u00a0do jornalista Bruno Alfano, publicada no jornal O Globo.<\/p>\n\n\n\n<!--more-->\n\n\n\n<p>A recess\u00e3o de 2015 a 2018, uma das mais graves da hist\u00f3ria do Brasil, foi produzida e amplificada pelas for\u00e7as golpistas, lideradas pelo PSDB e pelo MDB, para criar as condi\u00e7\u00f5es para o golpe contra a ex-presidente Dilma Rousseff. No entanto, pol\u00edticas p\u00fablicas tamb\u00e9m contribu\u00edram para este resultado.&#8221;&#8221;<\/p>\n\n\n\n<p>\u2014 Fomos muito prejudicados em dois momentos. Primeiro com a lei do Prouni (<em>que oferece bolsas em faculdades privadas<\/em>), no come\u00e7o da d\u00e9cada, que s\u00f3 \u00e9 destinada a alunos que fizeram o ensino m\u00e9dio na rede p\u00fablica, o que n\u00e3o acho correto. O outro foi a prolifera\u00e7\u00e3o dos institutos federais de educa\u00e7\u00e3o, onde os alunos encontram um ensino com qualidade parecida e de gra\u00e7a \u2014 avalia Ademar Batista Pereira, presidente do Sindicato das Escolas Particulares (Sinepe) nacional.<\/p>\n","protected":false},"excerpt":{"rendered":"<p>247 \u2013\u00a0&#8220;Escolas privadas no Brasil perderam quase um ter\u00e7o (27%) de seus alunos de ensino m\u00e9dio comparando 2014 a 2018. Isso corresponde a 351 mil estudantes a menos. A avalia\u00e7\u00e3o de representantes do setor \u00e9 que existe um conjunto de fatores que causa essa queda. Eles passam por crise econ\u00f4mica agravada em 2015, abertura de&#8230;<a class=\"more-link\" href=\"http:\/\/blogdalucianaoliveira.com.br\/blog\/2019\/12\/30\/golpe-de-2016-ajudou-a-tirar-351-mil-adolescentes-da-educacao-privada\/\">Continue a leitura <span class=\"meta-nav\">&raquo;<\/span><\/a><\/p>\n","protected":false},"author":1,"featured_media":0,"comment_status":"closed","ping_status":"open","sticky":false,"template":"","format":"standard","meta":{"_exactmetrics_skip_tracking":false,"_exactmetrics_sitenote_active":false,"_exactmetrics_sitenote_note":"","_exactmetrics_sitenote_category":0,"jetpack_post_was_ever_published":false,"_jetpack_newsletter_access":"","_jetpack_dont_email_post_to_subs":false,"_jetpack_newsletter_tier_id":0,"_jetpack_memberships_contains_paywalled_content":false,"_jetpack_memberships_contains_paid_content":false,"footnotes":"","jetpack_publicize_message":"","jetpack_publicize_feature_enabled":true,"jetpack_social_post_already_shared":true,"jetpack_social_options":{"image_generator_settings":{"template":"highway","enabled":false},"version":2}},"categories":[1],"tags":[],"class_list":["post-25739","post","type-post","status-publish","format-standard","hentry","category-notas"],"jetpack_publicize_connections":[],"jetpack_sharing_enabled":true,"jetpack_featured_media_url":"","jetpack_shortlink":"https:\/\/wp.me\/p7wKYW-6H9","jetpack-related-posts":[],"_links":{"self":[{"href":"http:\/\/blogdalucianaoliveira.com.br\/blog\/wp-json\/wp\/v2\/posts\/25739","targetHints":{"allow":["GET"]}}],"collection":[{"href":"http:\/\/blogdalucianaoliveira.com.br\/blog\/wp-json\/wp\/v2\/posts"}],"about":[{"href":"http:\/\/blogdalucianaoliveira.com.br\/blog\/wp-json\/wp\/v2\/types\/post"}],"author":[{"embeddable":true,"href":"http:\/\/blogdalucianaoliveira.com.br\/blog\/wp-json\/wp\/v2\/users\/1"}],"replies":[{"embeddable":true,"href":"http:\/\/blogdalucianaoliveira.com.br\/blog\/wp-json\/wp\/v2\/comments?post=25739"}],"version-history":[{"count":1,"href":"http:\/\/blogdalucianaoliveira.com.br\/blog\/wp-json\/wp\/v2\/posts\/25739\/revisions"}],"predecessor-version":[{"id":25741,"href":"http:\/\/blogdalucianaoliveira.com.br\/blog\/wp-json\/wp\/v2\/posts\/25739\/revisions\/25741"}],"wp:attachment":[{"href":"http:\/\/blogdalucianaoliveira.com.br\/blog\/wp-json\/wp\/v2\/media?parent=25739"}],"wp:term":[{"taxonomy":"category","embeddable":true,"href":"http:\/\/blogdalucianaoliveira.com.br\/blog\/wp-json\/wp\/v2\/categories?post=25739"},{"taxonomy":"post_tag","embeddable":true,"href":"http:\/\/blogdalucianaoliveira.com.br\/blog\/wp-json\/wp\/v2\/tags?post=25739"}],"curies":[{"name":"wp","href":"https:\/\/api.w.org\/{rel}","templated":true}]}}