{"id":25745,"date":"2019-12-30T07:19:48","date_gmt":"2019-12-30T11:19:48","guid":{"rendered":"http:\/\/blogdalucianaoliveira.com.br\/blog\/?p=25745"},"modified":"2019-12-30T07:19:58","modified_gmt":"2019-12-30T11:19:58","slug":"maioria-prefere-investimento-em-area-social-a-seguranca-para-combater-violencia-diz-datafolha","status":"publish","type":"post","link":"http:\/\/blogdalucianaoliveira.com.br\/blog\/2019\/12\/30\/maioria-prefere-investimento-em-area-social-a-seguranca-para-combater-violencia-diz-datafolha\/","title":{"rendered":"Maioria prefere investimento em \u00e1rea social a seguran\u00e7a para combater viol\u00eancia, diz Datafolha"},"content":{"rendered":"\n<figure class=\"wp-block-image size-large\"><img data-recalc-dims=\"1\" loading=\"lazy\" decoding=\"async\" width=\"600\" height=\"400\" data-attachment-id=\"25746\" data-permalink=\"http:\/\/blogdalucianaoliveira.com.br\/blog\/2019\/12\/30\/maioria-prefere-investimento-em-area-social-a-seguranca-para-combater-violencia-diz-datafolha\/image-34-2\/\" data-orig-file=\"https:\/\/i0.wp.com\/blogdalucianaoliveira.com.br\/blog\/wp-content\/uploads\/2019\/12\/image-34.jpeg?fit=678%2C452\" data-orig-size=\"678,452\" data-comments-opened=\"0\" data-image-meta=\"{&quot;aperture&quot;:&quot;0&quot;,&quot;credit&quot;:&quot;&quot;,&quot;camera&quot;:&quot;&quot;,&quot;caption&quot;:&quot;&quot;,&quot;created_timestamp&quot;:&quot;0&quot;,&quot;copyright&quot;:&quot;&quot;,&quot;focal_length&quot;:&quot;0&quot;,&quot;iso&quot;:&quot;0&quot;,&quot;shutter_speed&quot;:&quot;0&quot;,&quot;title&quot;:&quot;&quot;,&quot;orientation&quot;:&quot;0&quot;}\" data-image-title=\"image-34\" data-image-description=\"\" data-image-caption=\"\" data-medium-file=\"https:\/\/i0.wp.com\/blogdalucianaoliveira.com.br\/blog\/wp-content\/uploads\/2019\/12\/image-34.jpeg?fit=300%2C200\" data-large-file=\"https:\/\/i0.wp.com\/blogdalucianaoliveira.com.br\/blog\/wp-content\/uploads\/2019\/12\/image-34.jpeg?fit=600%2C400\" src=\"https:\/\/i0.wp.com\/blogdalucianaoliveira.com.br\/blog\/wp-content\/uploads\/2019\/12\/image-34.jpeg?resize=600%2C400\" alt=\"\" class=\"wp-image-25746\" srcset=\"https:\/\/i0.wp.com\/blogdalucianaoliveira.com.br\/blog\/wp-content\/uploads\/2019\/12\/image-34.jpeg?w=678 678w, https:\/\/i0.wp.com\/blogdalucianaoliveira.com.br\/blog\/wp-content\/uploads\/2019\/12\/image-34.jpeg?resize=300%2C200 300w, https:\/\/i0.wp.com\/blogdalucianaoliveira.com.br\/blog\/wp-content\/uploads\/2019\/12\/image-34.jpeg?resize=450%2C300 450w\" sizes=\"auto, (max-width: 600px) 100vw, 600px\" \/><\/figure>\n\n\n\n<p>Pesquisa mostra ainda que 72% dos brasileiros t\u00eam medo de sair \u00e0 noite.<\/p>\n\n\n\n<!--more-->\n\n\n\n<p><strong><a href=\"https:\/\/www1.folha.uol.com.br\/autores\/thiago-amancio.shtml\">Thiago Am\u00e2ncio<\/a><\/strong><br>FSP<\/p>\n\n\n\n<p>A maioria dos brasileiros acredita que, para combater a viol\u00eancia, o governo deve priorizar investimentos na&nbsp;<a href=\"https:\/\/www1.folha.uol.com.br\/mercado\/2019\/12\/puxado-pelo-comercio-pais-gera-992-mil-vagas-com-carteira-assinada-em-novembro.shtml\">cria\u00e7\u00e3o de empregos<\/a>&nbsp;e na melhoria da&nbsp;<a href=\"https:\/\/www1.folha.uol.com.br\/educacao\/2019\/12\/governo-bolsonaro-reduz-oferta-do-fies-a-partir-de-2021-e-eleva-desempenho-minimo-no-enem.shtml\">educa\u00e7\u00e3o<\/a>, e n\u00e3o especificamente na \u00e1rea da seguran\u00e7a, como no treinamento e na compra de equipamentos de policiais.<\/p>\n\n\n\n<p>\u00c9 o que aponta pesquisa Datafolha feita em dezembro deste ano. Para 57% dos entrevistados, \u00e9 mais importante investir em \u00e1reas sociais do que na seguran\u00e7a. O investimento em pol\u00edcias \u00e9 mais importante para 41% . Outros 2% responderam que n\u00e3o sabem.<\/p>\n\n\n\n<p>Esse \u00edndice \u00e9 alto mesmo entre quem apoia o&nbsp;<a href=\"https:\/\/www1.folha.uol.com.br\/cotidiano\/2019\/12\/saiba-o-que-bolsonaro-cumpriu-ou-nao-cumpriu-na-seguranca-publica-ate-agora.shtml\">presidente Jair&nbsp;<\/a><a href=\"https:\/\/www1.folha.uol.com.br\/cotidiano\/2019\/12\/saiba-o-que-bolsonaro-cumpriu-ou-nao-cumpriu-na-seguranca-publica-ate-agora.shtml\">Bolsonaro<\/a>, que se&nbsp;<a href=\"https:\/\/www1.folha.uol.com.br\/cotidiano\/2019\/12\/bolsonaro-deixa-no-papel-maioria-de-promessas-para-seguranca-publica.shtml\">elegeu com um discurso de endurecimento da seguran\u00e7a p\u00fablica<\/a>.&nbsp;<\/p>\n\n\n\n<p>Entre os que avaliam o governo com \u00f3timo ou bom, 51% acreditam que se deve investir mais nas \u00e1reas sociais, e 47% acreditam que se deve investir mais em pol\u00edcias.<\/p>\n\n\n\n<figure><iframe loading=\"lazy\" src=\"https:\/\/arte.folha.uol.com.br\/cotidiano\/2019\/12\/30\/datafolha-seguranca\/infografico1.html?initialWidth=1&amp;childId=infographic-1&amp;parentTitle=Maioria%20prefere%20investimento%20em%20%C3%A1rea%20social%20a%20seguran%C3%A7a%20para%20combater%20viol%C3%AAncia%2C%20diz%20Datafolha%20-%2030%2F12%2F2019%20-%20Cotidiano%20-%20Folha&amp;parentUrl=https%3A%2F%2Fwww1.folha.uol.com.br%2Fcotidiano%2F2019%2F12%2Fmaioria-prefere-investimento-em-area-social-a-seguranca-para-combater-violencia-diz-datafolha.shtml\" width=\"100%\" height=\"2233px\"><\/iframe><\/figure>\n\n\n\n<p>Para o antrop\u00f3logo Luiz Eduardo Soares, ex-secret\u00e1rio Nacional de Seguran\u00e7a P\u00fablica, uma s\u00e9rie de fatores pode alterar essa percep\u00e7\u00e3o. Se houve um crime cruel e de grande repercuss\u00e3o, por exemplo, a tend\u00eancia da sociedade \u00e9 enfatizar aspectos repressivos, o que n\u00e3o acontece em outros momentos.<\/p>\n\n\n\n<p>\u201cMas \u00e9 uma constata\u00e7\u00e3o preciosa. A despeito de ret\u00f3ricas ideol\u00f3gicas e muito caricatas, que promovem identifica\u00e7\u00f5es superficiais, h\u00e1 sempre espa\u00e7o para argumenta\u00e7\u00e3o, reflex\u00e3o. Quando as quest\u00f5es sociais s\u00e3o t\u00e3o graves e dram\u00e1ticas, como s\u00e3o no Brasil, com desemprego t\u00e3o grande, h\u00e1 evid\u00eancia suficiente da origem dos problemas. As pessoas s\u00e3o capazes de tirar suas conclus\u00f5es, entendendo como a crise social afeta comportamentos\u201d, diz ele.<\/p>\n\n\n\n<p>A soci\u00f3loga Samira Bueno, diretora do F\u00f3rum Brasileiro de Seguran\u00e7a P\u00fablica, afirma que a pesquisa mostra que \u201ch\u00e1 uma consci\u00eancia de que a desigualdade est\u00e1 diretamente vinculada \u00e0 viol\u00eancia\u201d.&nbsp;<\/p>\n\n\n\n<p>\u201cN\u00e3o \u00e0 toa, os territ\u00f3rios que concentram os maiores \u00edndices de viol\u00eancia s\u00e3o os de maior vulnerabilidade social\u201d, diz.<\/p>\n\n\n\n<p>A avalia\u00e7\u00e3o de homens e mulheres sobre o tema n\u00e3o varia al\u00e9m da margem de erro. O que influencia mais essa percep\u00e7\u00e3o \u00e9 idade, escolaridade e renda dos entrevistados.<\/p>\n\n\n\n<p>Em geral, quanto menor a faixa et\u00e1ria dos entrevistados, mais a percep\u00e7\u00e3o pende para a \u00e1rea social.<\/p>\n\n\n\n<p>Renda e educa\u00e7\u00e3o formal tamb\u00e9m pesam a balan\u00e7a: entrevistados mais pobres e menos escolarizados tendem a defender mais investimentos na pol\u00edcia. Uma das poucas categorias em que h\u00e1 mais entrevistados que defendem que viol\u00eancia se resolve com policiamento \u00e9 entre os brasileiros que estudaram s\u00f3 at\u00e9 o ensino fundamental.<\/p>\n\n\n\n<p>Moradores de cidades do interior defendem mais investimento em pol\u00edcias do que quem vive em capitais e cidades em regi\u00f5es metropolitanas do pa\u00eds.<\/p>\n\n\n\n<p>O Sudeste \u00e9 a regi\u00e3o em que menos se acredita que a solu\u00e7\u00e3o da viol\u00eancia \u00e9 investir na pol\u00edcia: 35% dos entrevistados. Por outro lado, o Nordeste \u00e9 a regi\u00e3o com a maior taxa, 47%. Alguns dos estados brasileiros com as maiores \u00edndices de homic\u00eddio do pa\u00eds est\u00e3o nessa regi\u00e3o.<\/p>\n\n\n\n<p>Para Soares, uma das explica\u00e7\u00f5es poss\u00edveis \u00e9 que \u201cquem est\u00e1 mais diretamente exposto \u00e0 viol\u00eancia se sente desprotegido e tende a enfatizar medidas mais imediatistas, que possam de alguma maneira aliviar sua ang\u00fastia e medo.\u201d<\/p>\n\n\n\n<p>\u201cPara pessoas que veem a viol\u00eancia mais de longe, os problemas s\u00e3o importantes, mas n\u00e3o t\u00e3o urgentes. Elas podem contemplar um horizonte um pouco mais amplo e ponderar que, se n\u00e3o houver mudan\u00e7as mais consistentes e profundas a m\u00e9dio prazo, tudo acaba se perdendo\u201d, afirma.&nbsp;<\/p>\n\n\n\n<p>Bueno diz que a viol\u00eancia pode influenciar essa opini\u00e3o, mas os \u00edndices tamb\u00e9m podem mostrar que, em regi\u00f5es mais pobres e mais afastadas, a popula\u00e7\u00e3o tem uma demanda maior pelo Estado.<\/p>\n\n\n\n<p>\u201cIsso pode estar conectado ao padr\u00e3o de desenvolvimento do territ\u00f3rio. No Sudeste est\u00e3o algumas das pol\u00edcias mais antigas e estruturadas do pa\u00eds, com efetivos relativamente grandes, e que se mostram mais presentes para a popula\u00e7\u00e3o. Uma pessoa no interior de S\u00e3o Paulo tende a perceber mais a presen\u00e7a da pol\u00edcia que uma pessoa no interior do Piau\u00ed e de Alagoas, por exemplo\u201d, afirma.<\/p>\n\n\n\n<h3 class=\"wp-block-heading\">MAIORIA DOS BRASILEIROS TEME SAIR \u00c0 NOITE<\/h3>\n\n\n\n<p>A pesquisa Datafolha mostra ainda que 72% da popula\u00e7\u00e3o brasileira diz ter medo de sair \u00e0s ruas de suas cidades depois que anoitece.&nbsp;<\/p>\n\n\n\n<p>Do total, 50% afirmou ter muito medo, e 22% disse ter um pouco de medo. O \u00edndice \u00e9 bem maior entre mulheres \u2014grupo em que 79% dizem temer andar \u00e0 noite. Entre os homens, esse \u00edndice \u00e9 de 63%.<\/p>\n\n\n\n<figure><iframe loading=\"lazy\" src=\"https:\/\/arte.folha.uol.com.br\/cotidiano\/2019\/12\/30\/datafolha-seguranca\/infografico2.html?initialWidth=1&amp;childId=infographic-2&amp;parentTitle=Maioria%20prefere%20investimento%20em%20%C3%A1rea%20social%20a%20seguran%C3%A7a%20para%20combater%20viol%C3%AAncia%2C%20diz%20Datafolha%20-%2030%2F12%2F2019%20-%20Cotidiano%20-%20Folha&amp;parentUrl=https%3A%2F%2Fwww1.folha.uol.com.br%2Fcotidiano%2F2019%2F12%2Fmaioria-prefere-investimento-em-area-social-a-seguranca-para-combater-violencia-diz-datafolha.shtml\" width=\"100%\" height=\"1618px\"><\/iframe><\/figure>\n\n\n\n<p>Mais pobres e mais velhos tamb\u00e9m t\u00eam mais medo de andar nas ruas durante as noites : 75% dos que ganham at\u00e9 dois sal\u00e1rios m\u00ednimos e 78% dos que t\u00eam mais de 60 anos disseram temer andar \u00e0 noite.<\/p>\n\n\n\n<p>Esse temor, no entanto, \u00e9 menor em cidades pequenas. Enquanto 37% dos que vivem em lugares com at\u00e9 50 mil habitantes disseram n\u00e3o terem medo de sair \u00e0 noite, o \u00edndice cai para 21% nas cidades com mais de 500 mil habitantes.<\/p>\n","protected":false},"excerpt":{"rendered":"<p>Pesquisa mostra ainda que 72% dos brasileiros t\u00eam medo de sair \u00e0 noite.<\/p>\n","protected":false},"author":1,"featured_media":0,"comment_status":"closed","ping_status":"open","sticky":false,"template":"","format":"standard","meta":{"_exactmetrics_skip_tracking":false,"_exactmetrics_sitenote_active":false,"_exactmetrics_sitenote_note":"","_exactmetrics_sitenote_category":0,"jetpack_post_was_ever_published":false,"_jetpack_newsletter_access":"","_jetpack_dont_email_post_to_subs":false,"_jetpack_newsletter_tier_id":0,"_jetpack_memberships_contains_paywalled_content":false,"_jetpack_memberships_contains_paid_content":false,"footnotes":"","jetpack_publicize_message":"","jetpack_publicize_feature_enabled":true,"jetpack_social_post_already_shared":true,"jetpack_social_options":{"image_generator_settings":{"template":"highway","enabled":false},"version":2}},"categories":[1],"tags":[],"class_list":["post-25745","post","type-post","status-publish","format-standard","hentry","category-notas"],"jetpack_publicize_connections":[],"jetpack_sharing_enabled":true,"jetpack_featured_media_url":"","jetpack_shortlink":"https:\/\/wp.me\/p7wKYW-6Hf","jetpack-related-posts":[],"_links":{"self":[{"href":"http:\/\/blogdalucianaoliveira.com.br\/blog\/wp-json\/wp\/v2\/posts\/25745","targetHints":{"allow":["GET"]}}],"collection":[{"href":"http:\/\/blogdalucianaoliveira.com.br\/blog\/wp-json\/wp\/v2\/posts"}],"about":[{"href":"http:\/\/blogdalucianaoliveira.com.br\/blog\/wp-json\/wp\/v2\/types\/post"}],"author":[{"embeddable":true,"href":"http:\/\/blogdalucianaoliveira.com.br\/blog\/wp-json\/wp\/v2\/users\/1"}],"replies":[{"embeddable":true,"href":"http:\/\/blogdalucianaoliveira.com.br\/blog\/wp-json\/wp\/v2\/comments?post=25745"}],"version-history":[{"count":1,"href":"http:\/\/blogdalucianaoliveira.com.br\/blog\/wp-json\/wp\/v2\/posts\/25745\/revisions"}],"predecessor-version":[{"id":25747,"href":"http:\/\/blogdalucianaoliveira.com.br\/blog\/wp-json\/wp\/v2\/posts\/25745\/revisions\/25747"}],"wp:attachment":[{"href":"http:\/\/blogdalucianaoliveira.com.br\/blog\/wp-json\/wp\/v2\/media?parent=25745"}],"wp:term":[{"taxonomy":"category","embeddable":true,"href":"http:\/\/blogdalucianaoliveira.com.br\/blog\/wp-json\/wp\/v2\/categories?post=25745"},{"taxonomy":"post_tag","embeddable":true,"href":"http:\/\/blogdalucianaoliveira.com.br\/blog\/wp-json\/wp\/v2\/tags?post=25745"}],"curies":[{"name":"wp","href":"https:\/\/api.w.org\/{rel}","templated":true}]}}