{"id":25748,"date":"2019-12-30T07:30:00","date_gmt":"2019-12-30T11:30:00","guid":{"rendered":"http:\/\/blogdalucianaoliveira.com.br\/blog\/?p=25748"},"modified":"2019-12-30T07:30:11","modified_gmt":"2019-12-30T11:30:11","slug":"trabalho-intermitente-mais-precario-cresce-70-em-2019","status":"publish","type":"post","link":"http:\/\/blogdalucianaoliveira.com.br\/blog\/2019\/12\/30\/trabalho-intermitente-mais-precario-cresce-70-em-2019\/","title":{"rendered":"Trabalho intermitente, mais prec\u00e1rio, cresce 70% em 2019"},"content":{"rendered":"\n<figure class=\"wp-block-image size-large\"><img data-recalc-dims=\"1\" loading=\"lazy\" decoding=\"async\" width=\"500\" height=\"240\" data-attachment-id=\"25749\" data-permalink=\"http:\/\/blogdalucianaoliveira.com.br\/blog\/2019\/12\/30\/trabalho-intermitente-mais-precario-cresce-70-em-2019\/image-35-2\/\" data-orig-file=\"https:\/\/i0.wp.com\/blogdalucianaoliveira.com.br\/blog\/wp-content\/uploads\/2019\/12\/image-35.jpeg?fit=500%2C240\" data-orig-size=\"500,240\" data-comments-opened=\"0\" data-image-meta=\"{&quot;aperture&quot;:&quot;0&quot;,&quot;credit&quot;:&quot;&quot;,&quot;camera&quot;:&quot;&quot;,&quot;caption&quot;:&quot;&quot;,&quot;created_timestamp&quot;:&quot;0&quot;,&quot;copyright&quot;:&quot;&quot;,&quot;focal_length&quot;:&quot;0&quot;,&quot;iso&quot;:&quot;0&quot;,&quot;shutter_speed&quot;:&quot;0&quot;,&quot;title&quot;:&quot;&quot;,&quot;orientation&quot;:&quot;0&quot;}\" data-image-title=\"image-35\" data-image-description=\"\" data-image-caption=\"\" data-medium-file=\"https:\/\/i0.wp.com\/blogdalucianaoliveira.com.br\/blog\/wp-content\/uploads\/2019\/12\/image-35.jpeg?fit=300%2C144\" data-large-file=\"https:\/\/i0.wp.com\/blogdalucianaoliveira.com.br\/blog\/wp-content\/uploads\/2019\/12\/image-35.jpeg?fit=500%2C240\" src=\"https:\/\/i0.wp.com\/blogdalucianaoliveira.com.br\/blog\/wp-content\/uploads\/2019\/12\/image-35.jpeg?resize=500%2C240\" alt=\"\" class=\"wp-image-25749\" srcset=\"https:\/\/i0.wp.com\/blogdalucianaoliveira.com.br\/blog\/wp-content\/uploads\/2019\/12\/image-35.jpeg?w=500 500w, https:\/\/i0.wp.com\/blogdalucianaoliveira.com.br\/blog\/wp-content\/uploads\/2019\/12\/image-35.jpeg?resize=300%2C144 300w\" sizes=\"auto, (max-width: 500px) 100vw, 500px\" \/><\/figure>\n\n\n\n<p><strong>247 \u2013\u00a0<\/strong>&#8220;Dois anos ap\u00f3s a aprova\u00e7\u00e3o da reforma trabalhista, o trabalho intermitente \u2014 modalidade criada pelas novas regras e na qual o funcion\u00e1rio pode ser chamado ao servi\u00e7o apenas algumas vezes por semana \u2014 decolou. Em novembro, 12% das vagas criadas com carteira assinada no pa\u00eds foram de trabalho intermitente. <br><\/p>\n\n\n\n<!--more-->\n\n\n\n<p>Ao todo, 11.354 dos 99.232 postos abertos no m\u00eas passado foram deste tipo, um recorde. Empresas de diferentes portes j\u00e1 aderiram ao modelo, incluindo grandes redes como Lojas Renner, Magazine Luiza, Burger King e hot\u00e9is Hilton&#8221;, aponta\u00a0<a href=\"https:\/\/oglobo.globo.com\/economia\/trabalho-intermitente-cresce-70-em-um-ano-24164070\">reportagem<\/a>\u00a0de Karen Garcia, no jornal O Globo.<\/p>\n\n\n\n<p>&#8220;Se nos primeiros 12 meses ap\u00f3s a reforma (que foi aprovada em novembro de 2017) apenas 47.729 vagas foram criadas com trabalho intermitente, nos \u00faltimos 12 meses foram 82.536: um salto de 70%&#8221;, diz a jornalista.\u00a0<em>Jair Bolsonaro defende a gera\u00e7\u00e3o de vagas com menos direitos e mais precariadade para o trabalhador.<\/em><\/p>\n","protected":false},"excerpt":{"rendered":"<p>247 \u2013\u00a0&#8220;Dois anos ap\u00f3s a aprova\u00e7\u00e3o da reforma trabalhista, o trabalho intermitente \u2014 modalidade criada pelas novas regras e na qual o funcion\u00e1rio pode ser chamado ao servi\u00e7o apenas algumas vezes por semana \u2014 decolou. Em novembro, 12% das vagas criadas com carteira assinada no pa\u00eds foram de trabalho intermitente.<\/p>\n","protected":false},"author":1,"featured_media":0,"comment_status":"closed","ping_status":"open","sticky":false,"template":"","format":"standard","meta":{"_exactmetrics_skip_tracking":false,"_exactmetrics_sitenote_active":false,"_exactmetrics_sitenote_note":"","_exactmetrics_sitenote_category":0,"jetpack_post_was_ever_published":false,"_jetpack_newsletter_access":"","_jetpack_dont_email_post_to_subs":false,"_jetpack_newsletter_tier_id":0,"_jetpack_memberships_contains_paywalled_content":false,"_jetpack_memberships_contains_paid_content":false,"footnotes":"","jetpack_publicize_message":"","jetpack_publicize_feature_enabled":true,"jetpack_social_post_already_shared":true,"jetpack_social_options":{"image_generator_settings":{"template":"highway","enabled":false},"version":2}},"categories":[1],"tags":[],"class_list":["post-25748","post","type-post","status-publish","format-standard","hentry","category-notas"],"jetpack_publicize_connections":[],"jetpack_sharing_enabled":true,"jetpack_featured_media_url":"","jetpack_shortlink":"https:\/\/wp.me\/p7wKYW-6Hi","jetpack-related-posts":[],"_links":{"self":[{"href":"http:\/\/blogdalucianaoliveira.com.br\/blog\/wp-json\/wp\/v2\/posts\/25748","targetHints":{"allow":["GET"]}}],"collection":[{"href":"http:\/\/blogdalucianaoliveira.com.br\/blog\/wp-json\/wp\/v2\/posts"}],"about":[{"href":"http:\/\/blogdalucianaoliveira.com.br\/blog\/wp-json\/wp\/v2\/types\/post"}],"author":[{"embeddable":true,"href":"http:\/\/blogdalucianaoliveira.com.br\/blog\/wp-json\/wp\/v2\/users\/1"}],"replies":[{"embeddable":true,"href":"http:\/\/blogdalucianaoliveira.com.br\/blog\/wp-json\/wp\/v2\/comments?post=25748"}],"version-history":[{"count":1,"href":"http:\/\/blogdalucianaoliveira.com.br\/blog\/wp-json\/wp\/v2\/posts\/25748\/revisions"}],"predecessor-version":[{"id":25750,"href":"http:\/\/blogdalucianaoliveira.com.br\/blog\/wp-json\/wp\/v2\/posts\/25748\/revisions\/25750"}],"wp:attachment":[{"href":"http:\/\/blogdalucianaoliveira.com.br\/blog\/wp-json\/wp\/v2\/media?parent=25748"}],"wp:term":[{"taxonomy":"category","embeddable":true,"href":"http:\/\/blogdalucianaoliveira.com.br\/blog\/wp-json\/wp\/v2\/categories?post=25748"},{"taxonomy":"post_tag","embeddable":true,"href":"http:\/\/blogdalucianaoliveira.com.br\/blog\/wp-json\/wp\/v2\/tags?post=25748"}],"curies":[{"name":"wp","href":"https:\/\/api.w.org\/{rel}","templated":true}]}}