{"id":25755,"date":"2019-12-31T14:45:25","date_gmt":"2019-12-31T18:45:25","guid":{"rendered":"http:\/\/blogdalucianaoliveira.com.br\/blog\/?p=25755"},"modified":"2019-12-31T14:53:48","modified_gmt":"2019-12-31T18:53:48","slug":"que-em-2020-o-bolsonarismo-morra","status":"publish","type":"post","link":"http:\/\/blogdalucianaoliveira.com.br\/blog\/2019\/12\/31\/que-em-2020-o-bolsonarismo-morra\/","title":{"rendered":"QUE EM 2020 O BOLSONARISMO MORRA"},"content":{"rendered":"\n<figure class=\"wp-block-image\"><img data-recalc-dims=\"1\" decoding=\"async\" src=\"https:\/\/i0.wp.com\/www.locusonline.com.br\/wp-content\/uploads\/2018\/09\/1537287943_517482_1537296571_noticia_normal_recorte1.jpg?w=600\" alt=\"Resultado de imagem para bolsonaristas\"\/><\/figure>\n\n\n\n<p><\/p>\n\n\n\n<p>Um ano novo e sem Bolsonaro na presid\u00eancia seria a realiza\u00e7\u00e3o de muitos desejos brasileiros. <\/p>\n\n\n\n<p>Mais sa\u00fade, educa\u00e7\u00e3o, trabalho, dinheiro, amor e sobretudo, paz, s\u00f3 se este governo cair ou quando acabar.<\/p>\n\n\n\n<p>A vontade de que o governo da\nmentira, vergonha e destrui\u00e7\u00e3o chegue ao fim \u00e9 o assunto mais comentado no\ntwitter nesta ter\u00e7a-feira (31) com a #BolsonaroVaiCairEm2020.<\/p>\n\n\n\n<!--more-->\n\n\n\n<p>Na virada de 2018, 65% dos\nentrevistados pelo Datafolha acreditavam que Jair Bolsonaro faria um \u00f3timo ou\nbom governo. <\/p>\n\n\n\n<p>Parecia muito, mas era a menor\nexpectativa com um presidente eleito em primeiro mandato desde 1989.<\/p>\n\n\n\n<p>A confian\u00e7a se esfarelou. At\u00e9\nem quem votou nele e alegreMente.<\/p>\n\n\n\n<p>Como canta o Chico, \u201ctanta\nmentira, tanta for\u00e7a bruta\u201d e o terceiro militar eleito presidente encerra o\nprimeiro ano de governo com 29% de aprova\u00e7\u00e3o.<\/p>\n\n\n\n<p>Parece pouco, mas ainda \u00e9\nmuito.<\/p>\n\n\n\n<p>A desgra\u00e7a de Bolsonaro n\u00e3o \u00e9 o fim do bolsonarismo, a doen\u00e7a que causa sequelas por tempo indeterminado.<\/p>\n\n\n\n<p>Os piores tipos est\u00e3o entusiasmados com a pol\u00edtica movidos pelos ideais retr\u00f3grados e violentos de Bolsonaro.<\/p>\n\n\n\n<p>As not\u00edcias monstruosas da \u00faltima\nsemana revelam uma sociedade corrompida pelo \u00f3dio, que despreza as leis, a\nmoral e os bons costumes.<\/p>\n\n\n\n<p>Um idoso homof\u00f3bico registrou amea\u00e7a de morte na portaria do pr\u00e9dio e cumpriu, mas por sorte o vizinho homossexual sobreviveu.<\/p>\n\n\n\n<p>Uma mulher matou o companheiro com brutal atropelamento, mostrou o corpo e festejou em live no Facebook.<\/p>\n\n\n\n<p>Cantora e \u2018f\u00e3\u2019 agrediu e causou traumatismo craniano em produtora de Wagner Tiso para entrar no carro que levava o m\u00fasico.<\/p>\n\n\n\n<p>Foi tanta barbaridade que n\u00e3o\nfaz bem lembrar uma a uma. Nem d\u00e1 para resumir a viol\u00eancia potencializada com o\ntriunfo do bolsonarismo.<\/p>\n\n\n\n<p>Armar, matar e festejar. Foi essa a promessa que Bolsonaro fez e transferiu a muitos brasileiros.<\/p>\n\n\n\n<p>O bolsonarismo \u00e9 incompat\u00edvel com os desejos que renovamos a cada ano novo, porque se move com o \u00f3dio e a indiferen\u00e7a. O que estamos vivendo parece at\u00e9 castigo divino por tanta banaliza\u00e7\u00e3o do mal.<\/p>\n\n\n\n<p>N\u00e3o adianta desejar tirar Bolsonaro do poder. \u00c9 preciso desejar coragem, for\u00e7a e prometer muita luta para tir\u00e1-lo das pessoas.<\/p>\n\n\n\n<p><\/p>\n","protected":false},"excerpt":{"rendered":"<p>Um ano novo e sem Bolsonaro na presid\u00eancia seria a realiza\u00e7\u00e3o de muitos desejos brasileiros. Mais sa\u00fade, educa\u00e7\u00e3o, trabalho, dinheiro, amor e sobretudo, paz, s\u00f3 se este governo cair ou quando acabar. A vontade de que o governo da mentira, vergonha e destrui\u00e7\u00e3o chegue ao fim \u00e9 o assunto mais comentado no twitter nesta ter\u00e7a-feira&#8230;<a class=\"more-link\" href=\"http:\/\/blogdalucianaoliveira.com.br\/blog\/2019\/12\/31\/que-em-2020-o-bolsonarismo-morra\/\">Continue a leitura <span class=\"meta-nav\">&raquo;<\/span><\/a><\/p>\n","protected":false},"author":1,"featured_media":0,"comment_status":"closed","ping_status":"open","sticky":false,"template":"","format":"standard","meta":{"_exactmetrics_skip_tracking":false,"_exactmetrics_sitenote_active":false,"_exactmetrics_sitenote_note":"","_exactmetrics_sitenote_category":0,"jetpack_post_was_ever_published":false,"_jetpack_newsletter_access":"","_jetpack_dont_email_post_to_subs":false,"_jetpack_newsletter_tier_id":0,"_jetpack_memberships_contains_paywalled_content":false,"_jetpack_memberships_contains_paid_content":false,"footnotes":"","jetpack_publicize_message":"","jetpack_publicize_feature_enabled":true,"jetpack_social_post_already_shared":true,"jetpack_social_options":{"image_generator_settings":{"template":"highway","enabled":false},"version":2}},"categories":[1],"tags":[],"class_list":["post-25755","post","type-post","status-publish","format-standard","hentry","category-notas"],"jetpack_publicize_connections":[],"jetpack_sharing_enabled":true,"jetpack_featured_media_url":"","jetpack_shortlink":"https:\/\/wp.me\/p7wKYW-6Hp","jetpack-related-posts":[],"_links":{"self":[{"href":"http:\/\/blogdalucianaoliveira.com.br\/blog\/wp-json\/wp\/v2\/posts\/25755","targetHints":{"allow":["GET"]}}],"collection":[{"href":"http:\/\/blogdalucianaoliveira.com.br\/blog\/wp-json\/wp\/v2\/posts"}],"about":[{"href":"http:\/\/blogdalucianaoliveira.com.br\/blog\/wp-json\/wp\/v2\/types\/post"}],"author":[{"embeddable":true,"href":"http:\/\/blogdalucianaoliveira.com.br\/blog\/wp-json\/wp\/v2\/users\/1"}],"replies":[{"embeddable":true,"href":"http:\/\/blogdalucianaoliveira.com.br\/blog\/wp-json\/wp\/v2\/comments?post=25755"}],"version-history":[{"count":2,"href":"http:\/\/blogdalucianaoliveira.com.br\/blog\/wp-json\/wp\/v2\/posts\/25755\/revisions"}],"predecessor-version":[{"id":25757,"href":"http:\/\/blogdalucianaoliveira.com.br\/blog\/wp-json\/wp\/v2\/posts\/25755\/revisions\/25757"}],"wp:attachment":[{"href":"http:\/\/blogdalucianaoliveira.com.br\/blog\/wp-json\/wp\/v2\/media?parent=25755"}],"wp:term":[{"taxonomy":"category","embeddable":true,"href":"http:\/\/blogdalucianaoliveira.com.br\/blog\/wp-json\/wp\/v2\/categories?post=25755"},{"taxonomy":"post_tag","embeddable":true,"href":"http:\/\/blogdalucianaoliveira.com.br\/blog\/wp-json\/wp\/v2\/tags?post=25755"}],"curies":[{"name":"wp","href":"https:\/\/api.w.org\/{rel}","templated":true}]}}