{"id":25758,"date":"2020-01-02T23:52:08","date_gmt":"2020-01-03T03:52:08","guid":{"rendered":"http:\/\/blogdalucianaoliveira.com.br\/blog\/?p=25758"},"modified":"2020-01-02T23:52:17","modified_gmt":"2020-01-03T03:52:17","slug":"bombardeio-ordenado-por-trump-mata-principal-general-iraniano","status":"publish","type":"post","link":"http:\/\/blogdalucianaoliveira.com.br\/blog\/2020\/01\/02\/bombardeio-ordenado-por-trump-mata-principal-general-iraniano\/","title":{"rendered":"Bombardeio ordenado por Trump mata principal general iraniano"},"content":{"rendered":"\n<figure class=\"wp-block-image\"><img data-recalc-dims=\"1\" decoding=\"async\" src=\"https:\/\/i0.wp.com\/s2.glbimg.com\/sDF77U4UJKyr4boaTXxZPkO6fQM%3D\/0x0%3A4716x3144\/1008x0\/smart\/filters%3Astrip_icc%28%29\/i.s3.glbimg.com\/v1\/AUTH_59edd422c0c84a879bd37670ae4f538a\/internal_photos\/bs\/2020\/5\/6\/hUD8AQQ8W1W3ap092HPQ\/qassem-soleimani-3-.jpg?w=600&#038;ssl=1\" alt=\"Qassem Soleimani, chefe da Guarda Revolucion\u00e1ria Iraniana, em foto de 2016 \u2014 Foto: Office of the Iranian Supreme Leader via AP, Arquivo\"\/><\/figure>\n\n\n\n<h4 class=\"wp-block-heading\">Qassem Soleimani era um dos homens mais poderosos do Ir\u00e3. Ataque em Bagd\u00e1 matou tamb\u00e9m Abu Mahdi al-Muhandis, chefe de mil\u00edcia iraquiana apoiada pelos iranianos.<\/h4>\n\n\n\n<!--more-->\n\n\n\n<p>Por G1<\/p>\n\n\n\n<p>Qassem Soleimani, chefe da Guarda Revolucion\u00e1ria do Ir\u00e3 e um dos homens mais poderosos do pa\u00eds, morreu em um ataque a\u00e9reo dos Estados Unidos nesta quinta-feira (2) em Bagd\u00e1.&nbsp;<\/p>\n\n\n\n<p>O Pent\u00e1gono confirmou o bombardeio e disse que a ordem partiu do presidente Donald Trump. Em nota, o \u00f3rg\u00e3o culpou Soleimani por mortes de americanos e iraquianos e afirmou que o objetivo foi deter planos de futuros ataques iranianos&nbsp;<em>(leia a \u00edntegra mais abaixo)<\/em>.&nbsp;<\/p>\n\n\n\n<p>O bombardeio ocorreu no Aeroporto Internacional de Bagd\u00e1 e matou tamb\u00e9m Abu Mahdi al-Muhandis, chefe das For\u00e7as de Mobiliza\u00e7\u00e3o Popular do Iraque, mil\u00edcia apoiada pelo Ir\u00e3, e pelo menos mais 5 pessoas.&nbsp;<\/p>\n\n\n\n<p>O presidente dos Estados Unidos, Donald Trump, postou uma bandeira americana em uma rede social. Ele n\u00e3o falou sobre o epis\u00f3dio.<\/p>\n\n\n\n<p>Um porta-voz da mil\u00edcia iraquiana culpou tamb\u00e9m Israel pelas mortes. At\u00e9 agora, o governo de Israel n\u00e3o se pronunciou.&nbsp;<\/p>\n\n\n\n<h2 class=\"wp-block-heading\"><strong>Tens\u00e3o entre EUA e Ir\u00e3<\/strong><\/h2>\n\n\n\n<p>As mortes ocorrem em meio a uma&nbsp;<a href=\"https:\/\/g1.globo.com\/mundo\/noticia\/2019\/12\/27\/base-militar-iraquiana-que-abriga-forcas-dos-eua-e-atacada-com-foguetes.ghtml\">escalada de tens\u00e3o no Iraque<\/a>&nbsp;que amea\u00e7a transformar o pa\u00eds em um campo de batalha entre for\u00e7as apoiadas por Estados Unidos e Ir\u00e3 no Oriente M\u00e9dio.&nbsp;<\/p>\n\n\n\n<p>Desde o fim de outubro, militares e diplomatas americanos&nbsp;<a href=\"https:\/\/g1.globo.com\/mundo\/noticia\/2019\/12\/31\/manifestantes-tentam-invadir-embaixada-dos-eua-no-iraque.ghtml\">foram alvo de ataques<\/a>, e na semana passada um funcion\u00e1rio dos EUA morreu em um bombardeio com foguetes.&nbsp;<\/p>\n\n\n\n<p>A crise subiu de patamar na ter\u00e7a (31), quando milicianos iraquianos invadiram a embaixada americana em Bagd\u00e1. Trump acusou o Ir\u00e3 de estar por tr\u00e1s da a\u00e7\u00e3o e prometeu retalia\u00e7\u00e3o.&nbsp;<\/p>\n\n\n\n<p>A invas\u00e3o da embaixada foi uma resposta a um ataque americano na fronteira com a S\u00edria que matou 25 combatentes das For\u00e7as de Mobiliza\u00e7\u00e3o Popular do Iraque no domingo (29).&nbsp;<\/p>\n\n\n\n<p>Uma hora ap\u00f3s a divulga\u00e7\u00e3o da morte de Soleimani, os pre\u00e7os do petr\u00f3leo no mercado internacional j\u00e1 tinham aumentado 4%. O barril brent era vendido a US$ 68,90.&nbsp;<\/p>\n\n\n\n<h2 class=\"wp-block-heading\">A import\u00e2ncia de Qassem Soleimani&nbsp;<\/h2>\n\n\n\n<figure class=\"wp-block-image size-large\"><img data-recalc-dims=\"1\" loading=\"lazy\" decoding=\"async\" width=\"25\" height=\"17\" data-attachment-id=\"25760\" data-permalink=\"http:\/\/blogdalucianaoliveira.com.br\/blog\/2020\/01\/02\/bombardeio-ordenado-por-trump-mata-principal-general-iraniano\/image-1-2\/\" data-orig-file=\"https:\/\/i0.wp.com\/blogdalucianaoliveira.com.br\/blog\/wp-content\/uploads\/2020\/01\/image-1.jpeg?fit=25%2C17\" data-orig-size=\"25,17\" data-comments-opened=\"0\" data-image-meta=\"{&quot;aperture&quot;:&quot;0&quot;,&quot;credit&quot;:&quot;&quot;,&quot;camera&quot;:&quot;&quot;,&quot;caption&quot;:&quot;&quot;,&quot;created_timestamp&quot;:&quot;0&quot;,&quot;copyright&quot;:&quot;&quot;,&quot;focal_length&quot;:&quot;0&quot;,&quot;iso&quot;:&quot;0&quot;,&quot;shutter_speed&quot;:&quot;0&quot;,&quot;title&quot;:&quot;&quot;,&quot;orientation&quot;:&quot;0&quot;}\" data-image-title=\"image-1\" data-image-description=\"\" data-image-caption=\"\" data-medium-file=\"https:\/\/i0.wp.com\/blogdalucianaoliveira.com.br\/blog\/wp-content\/uploads\/2020\/01\/image-1.jpeg?fit=25%2C17\" data-large-file=\"https:\/\/i0.wp.com\/blogdalucianaoliveira.com.br\/blog\/wp-content\/uploads\/2020\/01\/image-1.jpeg?fit=25%2C17\" src=\"https:\/\/i0.wp.com\/blogdalucianaoliveira.com.br\/blog\/wp-content\/uploads\/2020\/01\/image-1.jpeg?resize=25%2C17\" alt=\"Em foto de 2016, Qassem Soleimani, chefe da Guarda Revolucion\u00e1ria Iraniana, participa de um com\u00edcio anual do anivers\u00e1rio da revolu\u00e7\u00e3o isl\u00e2mica de 1979, em Terr\u00e3, no Ir\u00e3  \u2014 Foto: AP Photo\/Ebrahim Noroozi, File\" class=\"wp-image-25760\"\/><\/figure>\n\n\n\n<figure class=\"wp-block-image\"><img data-recalc-dims=\"1\" decoding=\"async\" src=\"https:\/\/i0.wp.com\/s2.glbimg.com\/ta2M64oHOeRA-ouL6qyblEUELE8%3D\/0x0%3A3500x2334\/1008x0\/smart\/filters%3Astrip_icc%28%29\/i.s3.glbimg.com\/v1\/AUTH_59edd422c0c84a879bd37670ae4f538a\/internal_photos\/bs\/2020\/Z\/5\/u9xswHTGy0VQsdwCmtpg\/qassem-soleimani-2-.jpg?w=600&#038;ssl=1\" alt=\"Em foto de 2016, Qassem Soleimani, chefe da Guarda Revolucion\u00e1ria Iraniana, participa de um com\u00edcio anual do anivers\u00e1rio da revolu\u00e7\u00e3o isl\u00e2mica de 1979, em Terr\u00e3, no Ir\u00e3  \u2014 Foto: AP Photo\/Ebrahim Noroozi, File\"\/><\/figure>\n\n\n\n<p>Em foto de 2016, Qassem Soleimani, chefe da Guarda Revolucion\u00e1ria Iraniana, participa de um com\u00edcio anual do anivers\u00e1rio da revolu\u00e7\u00e3o isl\u00e2mica de 1979, em Terr\u00e3, no Ir\u00e3 \u2014 Foto: AP Photo\/Ebrahim Noroozi, File&nbsp;<\/p>\n\n\n\n<p>Qassem Soleimani era um alto l\u00edder das for\u00e7as militares iranianas e um her\u00f3i nacional. Ele chefiava a Guarda Revolucion\u00e1ria, uma for\u00e7a paramilitar de elite que responde diretamente ao aiatol\u00e1 Ali Khamenei, l\u00edder supremo do pa\u00eds h\u00e1 30 anos.&nbsp;<\/p>\n\n\n\n<p>A Guarda Revolucion\u00e1ria surgiu ap\u00f3s a Revolu\u00e7\u00e3o Isl\u00e2mica de 1979. Na ocasi\u00e3o, o governo passou a ser supervisionado pelo clero.&nbsp;<\/p>\n\n\n\n<p>Em abril de 2019, os Estados Unidos designaram a Guarda Revolucion\u00e1ria do Ir\u00e3&nbsp;<a href=\"https:\/\/g1.globo.com\/mundo\/noticia\/2019\/04\/08\/eua-declaram-terrorista-a-guarda-revolucionaria-do-ira.ghtml\">como uma organiza\u00e7\u00e3o terrorista.&nbsp;<\/a>Foi a primeira vez que Washington rotulou formalmente uma unidade militar de outro pa\u00eds como terrorista.&nbsp;<\/p>\n\n\n\n<p>O colunista Guga Chacra, da GloboNews, afirma que a morte de Soleimani dever\u00e1 ter consequ\u00eancias geopol\u00edticas grav\u00edssimas. Assista ao coment\u00e1rio abaixo:&nbsp;<\/p>\n\n\n\n<figure class=\"wp-block-image\"><img data-recalc-dims=\"1\" decoding=\"async\" src=\"https:\/\/i0.wp.com\/s02.video.glbimg.com\/x720\/8208805.jpg?w=600&#038;ssl=1\" alt=\"Guga Chacra comenta morte de Chefe da Guarda Revolucion\u00e1ria Iraniana\"\/><\/figure>\n\n\n\n<p>Guga Chacra comenta morte de Chefe da Guarda Revolucion\u00e1ria Iraniana&nbsp;<\/p>\n\n\n\n<h2 class=\"wp-block-heading\">Nota do Pent\u00e1gono<\/h2>\n\n\n\n<p><em>&#8220;Sob a dire\u00e7\u00e3o do presidente, os militares dos EUA tomaram medidas defensivas decisivas para proteger funcion\u00e1rios dos EUA no exterior, matando Qasem Soleimani, chefe da Guarda Revolucion\u00e1ria Isl\u00e2mica Corps-Quds Force, considerada pelos EUA uma organiza\u00e7\u00e3o terrorista estrangeira.&nbsp;<\/em><\/p>\n\n\n\n<p><em>O general Soleimani desenvolvia ativamente planos para atacar diplomatas americanos e membros do servi\u00e7o no Iraque e em toda a regi\u00e3o.&nbsp;<\/em><\/p>\n\n\n\n<p><em>O general Soleimani e sua for\u00e7a Quds foram respons\u00e1veis \u200b\u200bpela morte de centenas de americanos e membros do servi\u00e7o de coaliz\u00e3o e por ferir outros milhares.&nbsp;<\/em><\/p>\n\n\n\n<p><em>Ele orquestrou ataques a bases da coaliz\u00e3o no Iraque nos \u00faltimos meses &#8211; incluindo o ataque de 27 de dezembro &#8211; matando e ferindo funcion\u00e1rios americanos e iraquianos.&nbsp;<\/em><\/p>\n\n\n\n<p><em>O general Soleimani tamb\u00e9m aprovou os ataques \u00e0 embaixada dos EUA em Bagd\u00e1 que ocorreram nesta semana. Este ataque teve como objetivo impedir futuros planos de ataque iranianos. Os Estados Unidos continuar\u00e3o a tomar todas as medidas necess\u00e1rias para proteger nosso povo e nossos interesses onde quer que estejam ao redor do mundo.&#8221;<\/em><\/p>\n","protected":false},"excerpt":{"rendered":"<p>Qassem Soleimani era um dos homens mais poderosos do Ir\u00e3. Ataque em Bagd\u00e1 matou tamb\u00e9m Abu Mahdi al-Muhandis, chefe de mil\u00edcia iraquiana apoiada pelos iranianos.<\/p>\n","protected":false},"author":1,"featured_media":0,"comment_status":"closed","ping_status":"open","sticky":false,"template":"","format":"standard","meta":{"_exactmetrics_skip_tracking":false,"_exactmetrics_sitenote_active":false,"_exactmetrics_sitenote_note":"","_exactmetrics_sitenote_category":0,"jetpack_post_was_ever_published":false,"_jetpack_newsletter_access":"","_jetpack_dont_email_post_to_subs":false,"_jetpack_newsletter_tier_id":0,"_jetpack_memberships_contains_paywalled_content":false,"_jetpack_memberships_contains_paid_content":false,"footnotes":"","jetpack_publicize_message":"","jetpack_publicize_feature_enabled":true,"jetpack_social_post_already_shared":true,"jetpack_social_options":{"image_generator_settings":{"template":"highway","enabled":false},"version":2}},"categories":[1],"tags":[],"class_list":["post-25758","post","type-post","status-publish","format-standard","hentry","category-notas"],"jetpack_publicize_connections":[],"jetpack_sharing_enabled":true,"jetpack_featured_media_url":"","jetpack_shortlink":"https:\/\/wp.me\/p7wKYW-6Hs","jetpack-related-posts":[],"_links":{"self":[{"href":"http:\/\/blogdalucianaoliveira.com.br\/blog\/wp-json\/wp\/v2\/posts\/25758","targetHints":{"allow":["GET"]}}],"collection":[{"href":"http:\/\/blogdalucianaoliveira.com.br\/blog\/wp-json\/wp\/v2\/posts"}],"about":[{"href":"http:\/\/blogdalucianaoliveira.com.br\/blog\/wp-json\/wp\/v2\/types\/post"}],"author":[{"embeddable":true,"href":"http:\/\/blogdalucianaoliveira.com.br\/blog\/wp-json\/wp\/v2\/users\/1"}],"replies":[{"embeddable":true,"href":"http:\/\/blogdalucianaoliveira.com.br\/blog\/wp-json\/wp\/v2\/comments?post=25758"}],"version-history":[{"count":1,"href":"http:\/\/blogdalucianaoliveira.com.br\/blog\/wp-json\/wp\/v2\/posts\/25758\/revisions"}],"predecessor-version":[{"id":25761,"href":"http:\/\/blogdalucianaoliveira.com.br\/blog\/wp-json\/wp\/v2\/posts\/25758\/revisions\/25761"}],"wp:attachment":[{"href":"http:\/\/blogdalucianaoliveira.com.br\/blog\/wp-json\/wp\/v2\/media?parent=25758"}],"wp:term":[{"taxonomy":"category","embeddable":true,"href":"http:\/\/blogdalucianaoliveira.com.br\/blog\/wp-json\/wp\/v2\/categories?post=25758"},{"taxonomy":"post_tag","embeddable":true,"href":"http:\/\/blogdalucianaoliveira.com.br\/blog\/wp-json\/wp\/v2\/tags?post=25758"}],"curies":[{"name":"wp","href":"https:\/\/api.w.org\/{rel}","templated":true}]}}