{"id":25763,"date":"2020-01-03T00:03:17","date_gmt":"2020-01-03T04:03:17","guid":{"rendered":"http:\/\/blogdalucianaoliveira.com.br\/blog\/?p=25763"},"modified":"2020-01-03T00:05:53","modified_gmt":"2020-01-03T04:05:53","slug":"na-piaui-160","status":"publish","type":"post","link":"http:\/\/blogdalucianaoliveira.com.br\/blog\/2020\/01\/03\/na-piaui-160\/","title":{"rendered":"Na Piau\u00ed 160"},"content":{"rendered":"\n<figure class=\"wp-block-image size-large\"><img loading=\"lazy\" decoding=\"async\" width=\"1200\" height=\"1579\" data-attachment-id=\"25764\" data-permalink=\"http:\/\/blogdalucianaoliveira.com.br\/blog\/2020\/01\/03\/na-piaui-160\/image-2-3\/\" data-orig-file=\"https:\/\/i0.wp.com\/blogdalucianaoliveira.com.br\/blog\/wp-content\/uploads\/2020\/01\/image-2.jpeg?fit=1200%2C1579\" data-orig-size=\"1200,1579\" data-comments-opened=\"0\" data-image-meta=\"{&quot;aperture&quot;:&quot;0&quot;,&quot;credit&quot;:&quot;&quot;,&quot;camera&quot;:&quot;&quot;,&quot;caption&quot;:&quot;&quot;,&quot;created_timestamp&quot;:&quot;0&quot;,&quot;copyright&quot;:&quot;&quot;,&quot;focal_length&quot;:&quot;0&quot;,&quot;iso&quot;:&quot;0&quot;,&quot;shutter_speed&quot;:&quot;0&quot;,&quot;title&quot;:&quot;&quot;,&quot;orientation&quot;:&quot;0&quot;}\" data-image-title=\"image-2\" data-image-description=\"\" data-image-caption=\"\" data-medium-file=\"https:\/\/i0.wp.com\/blogdalucianaoliveira.com.br\/blog\/wp-content\/uploads\/2020\/01\/image-2.jpeg?fit=228%2C300\" data-large-file=\"https:\/\/i0.wp.com\/blogdalucianaoliveira.com.br\/blog\/wp-content\/uploads\/2020\/01\/image-2.jpeg?fit=600%2C790\" src=\"https:\/\/i1.wp.com\/blogdalucianaoliveira.com.br\/blog\/wp-content\/uploads\/2020\/01\/image-2.jpeg?fit=600%2C790\" alt=\"\" class=\"wp-image-25764\" srcset=\"https:\/\/i0.wp.com\/blogdalucianaoliveira.com.br\/blog\/wp-content\/uploads\/2020\/01\/image-2.jpeg?w=1200 1200w, https:\/\/i0.wp.com\/blogdalucianaoliveira.com.br\/blog\/wp-content\/uploads\/2020\/01\/image-2.jpeg?resize=228%2C300 228w, https:\/\/i0.wp.com\/blogdalucianaoliveira.com.br\/blog\/wp-content\/uploads\/2020\/01\/image-2.jpeg?resize=778%2C1024 778w, https:\/\/i0.wp.com\/blogdalucianaoliveira.com.br\/blog\/wp-content\/uploads\/2020\/01\/image-2.jpeg?resize=768%2C1011 768w, https:\/\/i0.wp.com\/blogdalucianaoliveira.com.br\/blog\/wp-content\/uploads\/2020\/01\/image-2.jpeg?resize=1167%2C1536 1167w\" sizes=\"auto, (max-width: 600px) 100vw, 600px\" \/><\/figure>\n\n\n\n<p><strong>E<\/strong> se um meteoro nos livrasse do laranjal que foi 2019? Com capa do cartunista Allan Sieber, a\u00a0<a href=\"http:\/\/piaui.folha.uol.com.br\/edicao\/160\"><strong>piau\u00ed_160\u00a0<\/strong><\/a>come\u00e7a a chegar \u00e0s bancas nesta sexta-feira, dia 3 de janeiro.<\/p>\n\n\n\n<!--more-->\n\n\n\n<p><a href=\"https:\/\/piaui.folha.uol.com.br\/materia\/historia-de-uma-amizade\/\">A reportagem de capa<\/a>&nbsp;narra como o ex-presidente Luiz In\u00e1cio Lula da Silva conheceu o empreiteiro Em\u00edlio Odebrecht. Desse encontro nasceu uma amizade investigada pela rep\u00f3rter Malu Gaspar.<\/p>\n\n\n\n<p>Em&nbsp;<a href=\"https:\/\/piaui.folha.uol.com.br\/materia\/o-algoritmo-da-agora\/\"><em>O algoritmo da \u00e1gora<\/em><\/a>, Bernardo Esteves esquadrinha a radicaliza\u00e7\u00e3o pol\u00edtica no YouTube.<\/p>\n\n\n\n<p>Thais Bilenky conta&nbsp;<a href=\"https:\/\/piaui.folha.uol.com.br\/materia\/o-herdeiro-2\/\">como um filho n\u00e3o reconhecido de Bruno Caloi herdou uma d\u00edvida de 350 milh\u00f5es de reais<\/a>&nbsp;da empresa de bicicletas.<\/p>\n\n\n\n<p>Os ass\u00e9dios em s\u00e9rie do produtor de cinema Harvey Weinstein, um dos homens mais poderosos de Hollywood, foram investigados por Ronan Farrow na revista&nbsp;<em>The New Yorker<\/em>. Nesta edi\u00e7\u00e3o, a&nbsp;<strong>piau\u00ed<\/strong>&nbsp;publica&nbsp;<a href=\"https:\/\/piaui.folha.uol.com.br\/materia\/o-predador\/\">os bastidores de sua apura\u00e7\u00e3o<\/a>.<\/p>\n\n\n\n<p>Andr\u00e9 Boucinhas se questiona: qual \u00e9 a gra\u00e7a? O historiador escreve sobre as voltas que o humor politicamente incorreto d\u00e1. Em resumo,&nbsp;<a href=\"https:\/\/piaui.folha.uol.com.br\/materia\/um-militante-e-um-humorista-entram-num-bar\/\">o que acontece quando um militante e um humorista entram num bar<\/a>.<\/p>\n\n\n\n<p><a href=\"https:\/\/piaui.folha.uol.com.br\/materia\/os-ponteiros-do-relogio\/\">De olho nos ponteiros do rel\u00f3gio<\/a>, um poeta russo est\u00e1 \u00e0 espera da pol\u00edcia na fic\u00e7\u00e3o de Noemi Jaffe.<\/p>\n\n\n\n<p>Greta Thunberg fumando droga na universidade p\u00fablica? A&nbsp;<strong>piau\u00ed<\/strong>&nbsp;revela as conversas ultrassecretas do presidente e sua patota no&nbsp;<a href=\"https:\/\/piaui.folha.uol.com.br\/materia\/the-bolsozapp-herald-12\/\">The BolsozApp Herald<\/a>, a rede social mais patri\u00f3tica do pa\u00eds.<\/p>\n\n\n\n<p>Mais vers\u00e1teis do que nunca,&nbsp;<a href=\"https:\/\/piaui.folha.uol.com.br\/materia\/versateis\/\">o vencedor e os finalistas do retumbante concurso liter\u00e1rio da&nbsp;<\/a><strong>piau\u00ed<\/strong>.<\/p>\n\n\n\n<p>E, pelas&nbsp;<em>Esquinas<\/em>,&nbsp;<a href=\"https:\/\/piaui.folha.uol.com.br\/materia\/na-praca-dignidade\/\">uma fam\u00edlia nos protestos do Chile<\/a>,&nbsp;<a href=\"https:\/\/piaui.folha.uol.com.br\/materia\/os-embalos-de-sartori\/\">um pol\u00edtico em ascens\u00e3o no Uruguai<\/a>,&nbsp;<a href=\"https:\/\/piaui.folha.uol.com.br\/materia\/samba-no-vagao\/\">a m\u00fasica como resist\u00eancia<\/a>&nbsp;e&nbsp;<a href=\"https:\/\/piaui.folha.uol.com.br\/materia\/nos-bastidores-da-ciencia\/\">um time de futebol na luta de classes<\/a>.<\/p>\n","protected":false},"excerpt":{"rendered":"<p>E se um meteoro nos livrasse do laranjal que foi 2019? Com capa do cartunista Allan Sieber, a\u00a0piau\u00ed_160\u00a0come\u00e7a a chegar \u00e0s bancas nesta sexta-feira, dia 3 de janeiro.<\/p>\n","protected":false},"author":1,"featured_media":0,"comment_status":"closed","ping_status":"open","sticky":false,"template":"","format":"standard","meta":{"_exactmetrics_skip_tracking":false,"_exactmetrics_sitenote_active":false,"_exactmetrics_sitenote_note":"","_exactmetrics_sitenote_category":0,"jetpack_post_was_ever_published":false,"_jetpack_newsletter_access":"","_jetpack_dont_email_post_to_subs":false,"_jetpack_newsletter_tier_id":0,"_jetpack_memberships_contains_paywalled_content":false,"_jetpack_memberships_contains_paid_content":false,"footnotes":"","jetpack_publicize_message":"","jetpack_publicize_feature_enabled":true,"jetpack_social_post_already_shared":true,"jetpack_social_options":{"image_generator_settings":{"template":"highway","enabled":false},"version":2}},"categories":[1],"tags":[],"class_list":["post-25763","post","type-post","status-publish","format-standard","hentry","category-notas"],"jetpack_publicize_connections":[],"jetpack_sharing_enabled":true,"jetpack_featured_media_url":"","jetpack_shortlink":"https:\/\/wp.me\/p7wKYW-6Hx","jetpack-related-posts":[],"_links":{"self":[{"href":"http:\/\/blogdalucianaoliveira.com.br\/blog\/wp-json\/wp\/v2\/posts\/25763","targetHints":{"allow":["GET"]}}],"collection":[{"href":"http:\/\/blogdalucianaoliveira.com.br\/blog\/wp-json\/wp\/v2\/posts"}],"about":[{"href":"http:\/\/blogdalucianaoliveira.com.br\/blog\/wp-json\/wp\/v2\/types\/post"}],"author":[{"embeddable":true,"href":"http:\/\/blogdalucianaoliveira.com.br\/blog\/wp-json\/wp\/v2\/users\/1"}],"replies":[{"embeddable":true,"href":"http:\/\/blogdalucianaoliveira.com.br\/blog\/wp-json\/wp\/v2\/comments?post=25763"}],"version-history":[{"count":2,"href":"http:\/\/blogdalucianaoliveira.com.br\/blog\/wp-json\/wp\/v2\/posts\/25763\/revisions"}],"predecessor-version":[{"id":25766,"href":"http:\/\/blogdalucianaoliveira.com.br\/blog\/wp-json\/wp\/v2\/posts\/25763\/revisions\/25766"}],"wp:attachment":[{"href":"http:\/\/blogdalucianaoliveira.com.br\/blog\/wp-json\/wp\/v2\/media?parent=25763"}],"wp:term":[{"taxonomy":"category","embeddable":true,"href":"http:\/\/blogdalucianaoliveira.com.br\/blog\/wp-json\/wp\/v2\/categories?post=25763"},{"taxonomy":"post_tag","embeddable":true,"href":"http:\/\/blogdalucianaoliveira.com.br\/blog\/wp-json\/wp\/v2\/tags?post=25763"}],"curies":[{"name":"wp","href":"https:\/\/api.w.org\/{rel}","templated":true}]}}