{"id":25767,"date":"2020-01-03T07:35:41","date_gmt":"2020-01-03T11:35:41","guid":{"rendered":"http:\/\/blogdalucianaoliveira.com.br\/blog\/?p=25767"},"modified":"2020-01-03T07:35:50","modified_gmt":"2020-01-03T11:35:50","slug":"quem-e-qasem-soleimani-o-general-iraniano-morto-em-ataque-aereo-dos-eua-em-bagda","status":"publish","type":"post","link":"http:\/\/blogdalucianaoliveira.com.br\/blog\/2020\/01\/03\/quem-e-qasem-soleimani-o-general-iraniano-morto-em-ataque-aereo-dos-eua-em-bagda\/","title":{"rendered":"Quem \u00e9 Qasem Soleimani, o general iraniano morto em ataque a\u00e9reo dos EUA em Bagd\u00e1"},"content":{"rendered":"\n<figure class=\"wp-block-image size-large\"><img data-recalc-dims=\"1\" loading=\"lazy\" decoding=\"async\" width=\"375\" height=\"210\" data-attachment-id=\"25768\" data-permalink=\"http:\/\/blogdalucianaoliveira.com.br\/blog\/2020\/01\/03\/quem-e-qasem-soleimani-o-general-iraniano-morto-em-ataque-aereo-dos-eua-em-bagda\/image-3-3\/\" data-orig-file=\"https:\/\/i0.wp.com\/blogdalucianaoliveira.com.br\/blog\/wp-content\/uploads\/2020\/01\/image-3.jpeg?fit=375%2C210\" data-orig-size=\"375,210\" data-comments-opened=\"0\" data-image-meta=\"{&quot;aperture&quot;:&quot;0&quot;,&quot;credit&quot;:&quot;&quot;,&quot;camera&quot;:&quot;&quot;,&quot;caption&quot;:&quot;&quot;,&quot;created_timestamp&quot;:&quot;0&quot;,&quot;copyright&quot;:&quot;&quot;,&quot;focal_length&quot;:&quot;0&quot;,&quot;iso&quot;:&quot;0&quot;,&quot;shutter_speed&quot;:&quot;0&quot;,&quot;title&quot;:&quot;&quot;,&quot;orientation&quot;:&quot;0&quot;}\" data-image-title=\"image-3\" data-image-description=\"\" data-image-caption=\"\" data-medium-file=\"https:\/\/i0.wp.com\/blogdalucianaoliveira.com.br\/blog\/wp-content\/uploads\/2020\/01\/image-3.jpeg?fit=300%2C168\" data-large-file=\"https:\/\/i0.wp.com\/blogdalucianaoliveira.com.br\/blog\/wp-content\/uploads\/2020\/01\/image-3.jpeg?fit=375%2C210\" src=\"https:\/\/i0.wp.com\/blogdalucianaoliveira.com.br\/blog\/wp-content\/uploads\/2020\/01\/image-3.jpeg?resize=375%2C210\" alt=\"\" class=\"wp-image-25768\" srcset=\"https:\/\/i0.wp.com\/blogdalucianaoliveira.com.br\/blog\/wp-content\/uploads\/2020\/01\/image-3.jpeg?w=375 375w, https:\/\/i0.wp.com\/blogdalucianaoliveira.com.br\/blog\/wp-content\/uploads\/2020\/01\/image-3.jpeg?resize=300%2C168 300w\" sizes=\"auto, (max-width: 375px) 100vw, 375px\" \/><\/figure>\n\n\n\n<p>Na BBC &#8211; Um ataque a\u00e9reo dos\u00a0<a href=\"https:\/\/www.bbc.com\/portuguese\/topics\/cdr56r2r88wt\">Estados Unidos<\/a>\u00a0ao aeroporto de Bagd\u00e1, no\u00a0<a href=\"https:\/\/www.bbc.com\/portuguese\/topicos\/iraq\">Iraque<\/a>, matou no in\u00edcio desta sexta-feira o general iraniano Qasem Soleimani, um dos homens mais poderosos do pa\u00eds persa.<\/p>\n\n\n\n<!--more-->\n\n\n\n<p>Soleimani, de 62 anos, liderou as opera\u00e7\u00f5es militares iranianas no Oriente M\u00e9dio como comandante da For\u00e7a Quds, unidade de elite da Guarda Revolucion\u00e1ria do&nbsp;<a href=\"https:\/\/www.bbc.com\/portuguese\/topicos\/ira\">Ir\u00e3<\/a>.<\/p>\n\n\n\n<p>Ele foi morto quando sua comitiva deixava o aeroporto de Bagd\u00e1, junto a integrantes de uma mil\u00edcia iraquiana aliada do Ir\u00e3, em um bombardeio ordenado pelo presidente dos EUA, Donald Trump.<\/p>\n\n\n\n<p>O ataque aconteceu poucos dias ap\u00f3s manifestantes invadirem a embaixada dos EUA em Bagd\u00e1, entrando em confronto com as for\u00e7as americanas no local. E, de acordo com o Pent\u00e1gono, Soleimani teria aprovado os ataques \u00e0 embaixada.<\/p>\n\n\n\n<p>Os manifestantes protestavam contra o bombardeio, no domingo passado, a bases do grupo Kataeb Hezbollah no Iraque e na S\u00edria, em que pelo menos 25 pessoas morreram.<\/p>\n\n\n\n<p>Os EUA afirmaram, por sua vez, que a ofensiva de domingo fora uma resposta a um ataque de m\u00edssil contra uma base militar no Iraque que matou um civil americano na sexta-feira passada.&nbsp;<\/p>\n\n\n\n<p>O fato \u00e9 que o assassinato do general representa uma escalada dr\u00e1stica nas tens\u00f5es entre Washington e Teer\u00e3.<\/p>\n\n\n\n<p>O l\u00edder supremo do Ir\u00e3, aiatol\u00e1 Ali Khamenei, j\u00e1 afirmou que &#8220;uma vingan\u00e7a severa aguarda os criminosos&#8221; por tr\u00e1s do ataque. Ele tamb\u00e9m anunciou tr\u00eas dias de luto nacional.<\/p>\n\n\n\n<h2 class=\"wp-block-heading\">Quem era Qasem Soleimani?<\/h2>\n\n\n\n<p>O major-general Qasem Soleimani era visto como a segunda pessoa mais poderosa do Ir\u00e3, depois do aiatol\u00e1 Khamenei.&nbsp;<\/p>\n\n\n\n<p>Carism\u00e1tico e muitas vezes evasivo, o comandante de cabelos grisalhos era reverenciado por alguns, odiado por outros, al\u00e9m de motivo de mitos e memes nas redes sociais.&nbsp;<\/p>\n\n\n\n<p>Ele ganhou os holofotes nos \u00faltimos anos ap\u00f3s uma vida inteira nas sombras, dirigindo opera\u00e7\u00f5es secretas para alcan\u00e7ar fama e popularidade no Ir\u00e3, se tornando objeto de document\u00e1rios, reportagens e at\u00e9 m\u00fasicas pop.<\/p>\n\n\n\n<figure class=\"wp-block-image\"><img data-recalc-dims=\"1\" decoding=\"async\" src=\"https:\/\/i0.wp.com\/ichef.bbci.co.uk\/news\/375\/cpsprodpb\/C54C\/production\/_110380505_mediaitem110380503.jpg?w=600&#038;ssl=1\" alt=\"Ali Khamenei (\u00e0 esquerda) e Qasem Soleimani (\u00e0 direita)\"\/><figcaption>Image captionSoleimani era considerado pr\u00f3ximo do l\u00edder supremo do Ir\u00e3, aiatol\u00e1 Ali Khamenei<\/figcaption><\/figure>\n\n\n\n<p>De acordo com a correspondente da BBC Lyse Doucet, ele era visto como o mentor dos planos mais ambiciosos do Ir\u00e3 no Oriente M\u00e9dio, e como o verdadeiro ministro das Rela\u00e7\u00f5es Exteriores do pa\u00eds em quest\u00f5es de guerra e paz.<\/p>\n\n\n\n<p>Desde 1998, Soleimani liderava a For\u00e7a Quds \u2014 unidade de elite da Guarda Revolucion\u00e1ria do Ir\u00e3, que administra opera\u00e7\u00f5es clandestinas no exterior.<\/p>\n\n\n\n<p>A influ\u00eancia da For\u00e7a Quds pode ser observada nos conflitos na S\u00edria, onde aconselhou as for\u00e7as leais ao presidente Bashar al-Assad e armou milhares de milicianos xiitas mu\u00e7ulmanos lutando ao lado deles, e no Iraque, onde apoiou um grupo xiita paramilitar que ajudou a combater o Estado Isl\u00e2mico.<\/p>\n\n\n\n<p>Esses conflitos transformaram o outrora recluso general Soleimani em uma esp\u00e9cie de celebridade no Ir\u00e3.<\/p>\n\n\n\n<p>&#8220;Ele \u00e9 considerado como principal arquiteto da guerra do presidente Bashar al-Assad na S\u00edria, do conflito em curso no Iraque, da luta contra o Estado Isl\u00e2mico e de muitas outras batalhas&#8221;, diz Doucet.<\/p>\n\n\n\n<figure class=\"wp-block-image\"><img data-recalc-dims=\"1\" decoding=\"async\" src=\"https:\/\/i0.wp.com\/ichef.bbci.co.uk\/news\/375\/cpsprodpb\/12EC4\/production\/_110380577_mediaitem110380576.jpg?w=600&#038;ssl=1\" alt=\"Qassem Soleimani\"\/><figcaption>Image captionSoleimani (\u00e0 esquerda) durante ofensiva contra militantes do Estado Isl\u00e2mico em 2015<\/figcaption><\/figure>\n\n\n\n<p>Para os EUA, no entanto, o comandante e demais integrantes da For\u00e7a Quds s\u00e3o terroristas, respons\u00e1veis pela morte de centenas de militares americanos.<\/p>\n\n\n\n<p>O presidente Trump, que estava na Fl\u00f3rida no momento do ataque, publicou a imagem da bandeira americana no Twitter logo ap\u00f3s que o bombardeio foi noticiado.<\/p>\n\n\n\n<p>Um comunicado divulgado pelo Pent\u00e1gono afirma que o general Soleimani &#8220;estava desenvolvendo ativamente planos para atacar diplomatas e militares americanos no Iraque e em toda a regi\u00e3o&#8221;.<\/p>\n\n\n\n<p>&#8220;Este ataque teve como objetivo impedir futuros planos de ataque iranianos&#8221;, acrescentou a nota.<\/p>\n\n\n\n<p>Neste contexto, a morte de Soleimani representa um momento decisivo no que j\u00e1 \u00e9 uma grave crise entre o Ir\u00e3 e os EUA e seus aliados.&nbsp;<\/p>\n\n\n\n<p>&#8220;\u00c9 esperada uma escalada (da tens\u00e3o) e a retalia\u00e7\u00e3o parece certa, colocando uma regi\u00e3o j\u00e1 vol\u00e1til em uma rota ainda mais perigosa&#8221;, avalia Doucet.<\/p>\n\n\n\n<h2 class=\"wp-block-heading\">Como foi o ataque<\/h2>\n\n\n\n<p>O general Soleimani e integrantes das For\u00e7as de Mobiliza\u00e7\u00e3o Popular do Iraque, mil\u00edcia apoiada pelo Ir\u00e3, estavam deixando o aeroporto de Bagd\u00e1 em dois carros quando foram atingidos por um ataque de drone dos EUA perto de uma \u00e1rea de cargas, segundo relatos da imprensa americana.<\/p>\n\n\n\n<figure class=\"wp-block-image\"><img data-recalc-dims=\"1\" decoding=\"async\" src=\"https:\/\/i0.wp.com\/ichef.bbci.co.uk\/news\/375\/cpsprodpb\/130D\/production\/_110377840_tv058907113.jpg?w=600&#038;ssl=1\" alt=\"Comboio do general Soleimani foi alvo de ataque de drone quando deixava o aeroporto\"\/><figcaption>Image captionComboio do general Soleimani foi alvo de ataque de drone quando deixava o aeroporto<\/figcaption><\/figure>\n\n\n\n<p>V\u00e1rios m\u00edsseis teriam atingido o comboio, e acredita-se que pelo menos cinco pessoas tenham morrido no ataque.<\/p>\n\n\n\n<p>A Guarda Revolucion\u00e1ria do Ir\u00e3 informou que o l\u00edder das For\u00e7as de Mobiliza\u00e7\u00e3o Popular do Iraque, Abu Mahdi al-Muhandis, est\u00e1 entre os mortos.<\/p>\n\n\n\n<p>O Pent\u00e1gono justificou, em comunicado, o ataque:<\/p>\n\n\n\n<p>&#8220;Sob a ordem do presidente, os militares dos EUA tomaram medidas defensivas decisivas para proteger os americanos no exterior, matando Qasem Soleimani&#8221;, diz trecho da nota.<\/p>\n\n\n\n<p>&#8220;Os Estados Unidos v\u00e3o continuar a tomar todas as medidas necess\u00e1rias para proteger nosso povo e nossos interesses onde quer que estejam ao redor do mundo&#8221;.<\/p>\n\n\n\n<h2 class=\"wp-block-heading\">Rea\u00e7\u00e3o do Ir\u00e3<\/h2>\n\n\n\n<p>O ministro das Rela\u00e7\u00f5es Exteriores do Ir\u00e3, Javad Zarif, classificou o ataque como &#8220;ato de terrorismo internacional&#8221;, tuitando que os EUA &#8220;s\u00e3o respons\u00e1veis \u200b\u200bpor todas as consequ\u00eancias de seu aventureirismo desonesto&#8221;.<\/p>\n\n\n\n<p>Mohsen Rezaei, ex-comandante da Guarda Revolucion\u00e1ria, afirmou que o Ir\u00e3 vai se &#8220;vingar vigorosamente dos EUA&#8221;.&nbsp;<\/p>\n\n\n\n<p>Um porta-voz do governo iraniano anunciou que o principal \u00f3rg\u00e3o de seguran\u00e7a do pa\u00eds se reuniria em poucas horas para discutir o &#8220;ato criminoso do ataque&#8221;.<\/p>\n\n\n\n<p>&#8220;O Ir\u00e3 e as outras na\u00e7\u00f5es livres da regi\u00e3o v\u00e3o se vingar desse crime horr\u00edvel cometido pela Am\u00e9rica criminosa&#8221;, disse o presidente do Ir\u00e3, Hasan Rouhani, em comunicado.<\/p>\n\n\n\n<p>A morte de Soleimani &#8220;redobrou a determina\u00e7\u00e3o da na\u00e7\u00e3o do Ir\u00e3 e de outros pa\u00edses livres de resistir ao bullying americano&#8221;, acrescentou.<\/p>\n\n\n\n<h2 class=\"wp-block-heading\">Rea\u00e7\u00e3o internacional<\/h2>\n\n\n\n<p>O primeiro-ministro do Iraque, Adel Abdul Mahdi, condenou o &#8220;assassinato&#8221; do general Soleimani como uma &#8220;escalada perigosa&#8221; das tens\u00f5es regionais, enquanto a R\u00fassia o considerou um &#8220;passo imprudente&#8221; dos EUA.<\/p>\n\n\n\n<p>O grupo Hezbollah, apoiado pelo Ir\u00e3, no L\u00edbano, pediu vingan\u00e7a, por sua vez, \u00e0 morte do general. E o primeiro-ministro de Israel, Benjamin Netanyahu, interrompeu uma viagem \u00e0 Gr\u00e9cia ap\u00f3s a not\u00edcia do bombardeio.<\/p>\n\n\n\n<p>J\u00e1 em Washington, altos membros do Partido Republicano, do presidente Trump, receberam bem a not\u00edcia. O parlamentar Kevin McCarthy disse, por exemplo, que o ataque foi uma &#8220;demonstra\u00e7\u00e3o de determina\u00e7\u00e3o e for\u00e7a&#8221;.<\/p>\n\n\n\n<p>Mas os democratas foram cr\u00edticos ao bombardeio. A presidente da C\u00e2mara dos Representantes, Nancy Pelosi, afirmou que a medida arriscou &#8220;uma escalada perigosa&#8221; da tens\u00e3o e sugeriu que o Congresso deveria ter sido consultado.<\/p>\n","protected":false},"excerpt":{"rendered":"<p>Na BBC &#8211; Um ataque a\u00e9reo dos\u00a0Estados Unidos\u00a0ao aeroporto de Bagd\u00e1, no\u00a0Iraque, matou no in\u00edcio desta sexta-feira o general iraniano Qasem Soleimani, um dos homens mais poderosos do pa\u00eds persa.<\/p>\n","protected":false},"author":1,"featured_media":0,"comment_status":"closed","ping_status":"open","sticky":false,"template":"","format":"standard","meta":{"_exactmetrics_skip_tracking":false,"_exactmetrics_sitenote_active":false,"_exactmetrics_sitenote_note":"","_exactmetrics_sitenote_category":0,"jetpack_post_was_ever_published":false,"_jetpack_newsletter_access":"","_jetpack_dont_email_post_to_subs":false,"_jetpack_newsletter_tier_id":0,"_jetpack_memberships_contains_paywalled_content":false,"_jetpack_memberships_contains_paid_content":false,"footnotes":"","jetpack_publicize_message":"","jetpack_publicize_feature_enabled":true,"jetpack_social_post_already_shared":true,"jetpack_social_options":{"image_generator_settings":{"template":"highway","enabled":false},"version":2}},"categories":[1],"tags":[],"class_list":["post-25767","post","type-post","status-publish","format-standard","hentry","category-notas"],"jetpack_publicize_connections":[],"jetpack_sharing_enabled":true,"jetpack_featured_media_url":"","jetpack_shortlink":"https:\/\/wp.me\/p7wKYW-6HB","jetpack-related-posts":[],"_links":{"self":[{"href":"http:\/\/blogdalucianaoliveira.com.br\/blog\/wp-json\/wp\/v2\/posts\/25767","targetHints":{"allow":["GET"]}}],"collection":[{"href":"http:\/\/blogdalucianaoliveira.com.br\/blog\/wp-json\/wp\/v2\/posts"}],"about":[{"href":"http:\/\/blogdalucianaoliveira.com.br\/blog\/wp-json\/wp\/v2\/types\/post"}],"author":[{"embeddable":true,"href":"http:\/\/blogdalucianaoliveira.com.br\/blog\/wp-json\/wp\/v2\/users\/1"}],"replies":[{"embeddable":true,"href":"http:\/\/blogdalucianaoliveira.com.br\/blog\/wp-json\/wp\/v2\/comments?post=25767"}],"version-history":[{"count":1,"href":"http:\/\/blogdalucianaoliveira.com.br\/blog\/wp-json\/wp\/v2\/posts\/25767\/revisions"}],"predecessor-version":[{"id":25769,"href":"http:\/\/blogdalucianaoliveira.com.br\/blog\/wp-json\/wp\/v2\/posts\/25767\/revisions\/25769"}],"wp:attachment":[{"href":"http:\/\/blogdalucianaoliveira.com.br\/blog\/wp-json\/wp\/v2\/media?parent=25767"}],"wp:term":[{"taxonomy":"category","embeddable":true,"href":"http:\/\/blogdalucianaoliveira.com.br\/blog\/wp-json\/wp\/v2\/categories?post=25767"},{"taxonomy":"post_tag","embeddable":true,"href":"http:\/\/blogdalucianaoliveira.com.br\/blog\/wp-json\/wp\/v2\/tags?post=25767"}],"curies":[{"name":"wp","href":"https:\/\/api.w.org\/{rel}","templated":true}]}}