{"id":25770,"date":"2020-01-03T07:49:20","date_gmt":"2020-01-03T11:49:20","guid":{"rendered":"http:\/\/blogdalucianaoliveira.com.br\/blog\/?p=25770"},"modified":"2020-01-03T07:49:29","modified_gmt":"2020-01-03T11:49:29","slug":"ao-longo-de-2019-bolsonaro-atacou-a-imprensa-pelo-menos-116-vezes","status":"publish","type":"post","link":"http:\/\/blogdalucianaoliveira.com.br\/blog\/2020\/01\/03\/ao-longo-de-2019-bolsonaro-atacou-a-imprensa-pelo-menos-116-vezes\/","title":{"rendered":"Ao longo de 2019, Bolsonaro atacou a imprensa pelo menos 116 vezes"},"content":{"rendered":"\n<figure class=\"wp-block-image size-large\"><img data-recalc-dims=\"1\" loading=\"lazy\" decoding=\"async\" width=\"600\" height=\"361\" data-attachment-id=\"25771\" data-permalink=\"http:\/\/blogdalucianaoliveira.com.br\/blog\/2020\/01\/03\/ao-longo-de-2019-bolsonaro-atacou-a-imprensa-pelo-menos-116-vezes\/image-4-3\/\" data-orig-file=\"https:\/\/i0.wp.com\/blogdalucianaoliveira.com.br\/blog\/wp-content\/uploads\/2020\/01\/image-4.jpeg?fit=639%2C384\" data-orig-size=\"639,384\" data-comments-opened=\"0\" data-image-meta=\"{&quot;aperture&quot;:&quot;0&quot;,&quot;credit&quot;:&quot;&quot;,&quot;camera&quot;:&quot;&quot;,&quot;caption&quot;:&quot;&quot;,&quot;created_timestamp&quot;:&quot;0&quot;,&quot;copyright&quot;:&quot;&quot;,&quot;focal_length&quot;:&quot;0&quot;,&quot;iso&quot;:&quot;0&quot;,&quot;shutter_speed&quot;:&quot;0&quot;,&quot;title&quot;:&quot;&quot;,&quot;orientation&quot;:&quot;0&quot;}\" data-image-title=\"image-4\" data-image-description=\"\" data-image-caption=\"\" data-medium-file=\"https:\/\/i0.wp.com\/blogdalucianaoliveira.com.br\/blog\/wp-content\/uploads\/2020\/01\/image-4.jpeg?fit=300%2C180\" data-large-file=\"https:\/\/i0.wp.com\/blogdalucianaoliveira.com.br\/blog\/wp-content\/uploads\/2020\/01\/image-4.jpeg?fit=600%2C361\" src=\"https:\/\/i0.wp.com\/blogdalucianaoliveira.com.br\/blog\/wp-content\/uploads\/2020\/01\/image-4.jpeg?resize=600%2C361\" alt=\"\" class=\"wp-image-25771\" srcset=\"https:\/\/i0.wp.com\/blogdalucianaoliveira.com.br\/blog\/wp-content\/uploads\/2020\/01\/image-4.jpeg?w=639 639w, https:\/\/i0.wp.com\/blogdalucianaoliveira.com.br\/blog\/wp-content\/uploads\/2020\/01\/image-4.jpeg?resize=300%2C180 300w, https:\/\/i0.wp.com\/blogdalucianaoliveira.com.br\/blog\/wp-content\/uploads\/2020\/01\/image-4.jpeg?resize=499%2C300 499w\" sizes=\"auto, (max-width: 600px) 100vw, 600px\" \/><\/figure>\n\n\n\n<h4 class=\"wp-block-heading\">Fenaj aponta tentativa de descredibiliza\u00e7\u00e3o do trabalho do setor; seguran\u00e7a da categoria \u00e9 a maior preocupa\u00e7\u00e3o em 2020<\/h4>\n\n\n\n<!--more-->\n\n\n\n<p>Cristiane Sampaio&nbsp;<\/p>\n\n\n\n<p>Brasil de Fato\u00a0<\/p>\n\n\n\n<p>O ano de 2019 se encerrou com um total de 116 ataques proferidos pelo presidente Jair Bolsonaro (sem partido) contra a imprensa. O n\u00famero equivale a uma m\u00e9dia de uma ocorr\u00eancia a cada tr\u00eas dias no per\u00edodo, ou 9,6 por m\u00eas. Organizado pela Federa\u00e7\u00e3o Nacional dos Jornalistas (Fenaj), o levantamento foi divulgado nessa quinta-feira (2) e considera tanto ofensas a ve\u00edculos de comunica\u00e7\u00e3o quanto \u00e0 imprensa em geral, do ponto de vista institucional.<\/p>\n\n\n\n<p>Entre as 116 declara\u00e7\u00f5es registradas, houve 105 tentativas de descredibiliza\u00e7\u00e3o da imprensa e 11 ataques a jornalistas.<\/p>\n\n\n\n<p>O monitoramento contabiliza exclusivamente pronunciamentos registrados por escrito em canais oficiais do presidente, que s\u00e3o suas contas no Twitter e&nbsp;no Facebook,&nbsp;al\u00e9m do site do Pal\u00e1cio do Planalto, no qual s\u00e3o transcritos entrevistas e discursos do presidente. &nbsp;&nbsp;<\/p>\n\n\n\n<p>\u201cA gente tem certeza de que o n\u00famero de ataques \u00e9 muito maior, mas, pra ter uma metodologia que o pr\u00f3prio Planalto n\u00e3o possa contestar, utilizamos as [vias] oficiais\u201d, explica M\u00e1rcio Garoni, da dire\u00e7\u00e3o da Fenaj. &nbsp;&nbsp;<\/p>\n\n\n\n<p>A federa\u00e7\u00e3o chama a aten\u00e7\u00e3o para o car\u00e1ter violento de determinados ataques e menciona como exemplo o dia 20 de setembro, quando o presidente fez ofensas de car\u00e1ter \u201chomof\u00f3bico e pessoal\u201d a um rep\u00f3rter depois de ter sido questionado sobre den\u00fancias envolvendo sua fam\u00edlia.<\/p>\n\n\n\n<p>\u201cComo o governo dele passou a ser observado e criticado por ve\u00edculos de imprensa, coisa que n\u00e3o se deu durante a campanha,<strong>&nbsp;<\/strong>a t\u00e1tica do presidente tem sido atacar os ve\u00edculos e tamb\u00e9m os jornalistas, quase sempre de forma aleat\u00f3ria e indiscriminada&nbsp;para desacreditar o trabalho jornal\u00edstico\u201d, aponta a presidenta da Fenaj, Maria Jos\u00e9 Braga, acrescentando que, nesse embalo,&nbsp;Bolsonaro estaria em busca tamb\u00e9m de potencializar a dissemina\u00e7\u00e3o dos conte\u00fados e do discurso produzidos pela sua pr\u00f3pria equipe. &nbsp;<\/p>\n\n\n\n<p><strong>Desabafo &nbsp;<\/strong><\/p>\n\n\n\n<p>Rep\u00f3rteres ouvidos pelo&nbsp;<strong>Brasil de Fato<\/strong>&nbsp;que cobrem o cotidiano do presidente disseram \u00e0 reportagem que as agress\u00f5es marcaram os bastidores do trabalho ao longo do ano.<\/p>\n\n\n\n<p>\u201cIsso vulnerabilizou nossa situa\u00e7\u00e3o porque esses ataques s\u00e3o proferidos frente a apoiadores e em ambientes p\u00fablicos. J\u00e1 presenciei isso e outros colegas relataram isso tamb\u00e9m, afirmando que se sentiram bastante intimidados com a postura dele e dos apoiadores, que endossam essas agress\u00f5es. Isso cria um ambiente de amea\u00e7a\u201d, desabafou um rep\u00f3rter que preferiu n\u00e3o se identificar. &nbsp;<\/p>\n\n\n\n<p>Ele acrescenta que o problema tem resson\u00e2ncia em outros aspectos do trabalho, comprometendo valores p\u00fablicos que norteiam a rela\u00e7\u00e3o entre o Estado e os ve\u00edculos de comunica\u00e7\u00e3o: \u201cIsso cria um problema para a democracia, porque essas pessoas n\u00e3o sabem lidar da maneira como deveriam com a necessidade de transpar\u00eancia p\u00fablica e com o entendimento sobre o que \u00e9 o trabalho da imprensa. \u00c9 algo muito diferente do que se espera de um ambiente institucional como o da Presid\u00eancia da Rep\u00fablica\u201d.<\/p>\n\n\n\n<p><strong>Nova fase<\/strong><\/p>\n\n\n\n<p>Para especialistas da \u00e1rea da comunica\u00e7\u00e3o, o ano de 2019 chegou ao fim demarcando uma nova fase da rela\u00e7\u00e3o entre o ocupante do cargo de chefe do Executivo federal e a imprensa no Brasil p\u00f3s-ditadura. Esta seria a primeira vez desde o fim do regime militar em que um presidente da Rep\u00fablica ataca jornalistas de forma sistem\u00e1tica e ultrajante, contribuindo, inclusive, para a criminaliza\u00e7\u00e3o do trabalho da categoria. &nbsp;&nbsp;<\/p>\n\n\n\n<p>Para Maria Jos\u00e9 Braga, o contexto atual pede uma postura mais contundente dos ve\u00edculos de imprensa, que, na avalia\u00e7\u00e3o da Fenaj, estariam manifestando uma conduta ainda t\u00edmida diante do problema. &nbsp;&nbsp;<\/p>\n\n\n\n<p>\u201cO que se v\u00ea \u00e9 que eles n\u00e3o se op\u00f5em e, ao n\u00e3o se oporem de forma contundente a essa t\u00e1tica que o Bolsonaro desenvolveu, contribuem pra que a f\u00f3rmula dele d\u00ea certo. Deveria haver um processo de esclarecimento da popula\u00e7\u00e3o sobre o que significam esses ataques, quais os seus objetivos e o que isso representa para a liberdade de imprensa e a vida democr\u00e1tica no Brasil\u201d, defende. &nbsp;<\/p>\n\n\n\n<p><strong>Seguran\u00e7a<\/strong><\/p>\n\n\n\n<p>Os ataques registrados pela Fenaj suscitaram, ao longo do ano, uma preocupa\u00e7\u00e3o ainda maior com a seguran\u00e7a dos jornalistas, tema em que o Brasil est\u00e1 entre os destaques mundiais. O pa\u00eds ocupa o sexto lugar no ranking das na\u00e7\u00f5es cujo ambiente \u00e9 mais perigoso para a atua\u00e7\u00e3o da categoria, segundo \u00edndice medido pela Organiza\u00e7\u00e3o das Na\u00e7\u00f5es Unidas para a Educa\u00e7\u00e3o, a Ci\u00eancia e a Cultura (Unesco). &nbsp;&nbsp;<\/p>\n\n\n\n<p>Sob o atual cen\u00e1rio de ataques proferidos pelo presidente da Rep\u00fablica, a proje\u00e7\u00e3o \u00e9 de que o ano de 2020 pode reservar aos jornalistas brasileiros cap\u00edtulos mais espinhosos, o que tende a comprometer ainda mais a seguran\u00e7a da categoria.<\/p>\n\n\n\n<p>A coordenadora do Comit\u00ea para a Prote\u00e7\u00e3o dos Jornalistas (CPJ) na Am\u00e9rica Latina, Natalie Southwick, ressalta que ao trauma de 2019 se somam as tradicionais proje\u00e7\u00f5es relacionadas a per\u00edodos eleitorais.<\/p>\n\n\n\n<p>\u201cConsiderando que as elei\u00e7\u00f5es costumam ser um per\u00edodo em que a viol\u00eancia e as amea\u00e7as contra a imprensa podem aumentar, nosso trabalho no Brasil em 2020 se concentrar\u00e1 muito nessa quest\u00e3o\u201d, antecipa Southwick, fazendo um apelo para que os meios de comunica\u00e7\u00e3o e os jornalistas brasileiros acessem informa\u00e7\u00f5es sobre a prote\u00e7\u00e3o dos profissionais e implementem protocolos de seguran\u00e7a. &nbsp;<\/p>\n\n\n\n<p>A orienta\u00e7\u00e3o tamb\u00e9m j\u00e1 foi feita anteriormente pela Fenaj e pelo Sindicato dos Jornalistas Profissionais do Distrito Federal (SJPDF), que soltaram nota a respeito do assunto no m\u00eas passado. &nbsp;<\/p>\n\n\n\n<p>As entidades pediram que as empresas reavaliassem a decis\u00e3o de colocar rep\u00f3rteres para cobrir as atividades do presidente na entrada e na sa\u00edda do Pal\u00e1cio da Alvorada, resid\u00eancia oficial do chefe do Executivo, onde jornalistas dividem o mesmo espa\u00e7o com apoiadores de Bolsonaro. Segundo as organiza\u00e7\u00f5es, esse p\u00fablico amea\u00e7a constantemente as equipes.<\/p>\n\n\n\n<p>Para o CPJ, o ano vai exigir uma vigil\u00e2ncia permanente sobre o tema.<\/p>\n\n\n\n<p>\u201cEsperamos que as autoridades e a sociedade brasileira reconhe\u00e7am o papel muito importante da imprensa no momento das elei\u00e7\u00f5es democr\u00e1ticas e procurem apoiar os jornalistas em vez de diminu\u00ed-los. J\u00e1 estamos em coordena\u00e7\u00e3o com v\u00e1rias organiza\u00e7\u00f5es no Brasil para desenvolver e compartilhar recursos para jornalistas que cobrem as elei\u00e7\u00f5es de 2020 e estar prontos para responder a qualquer necessidade ou emerg\u00eancia que surgir na \u00e9poca\u201d, disse Natalie Southwick ao&nbsp;<strong>Brasil de Fato<\/strong>.<\/p>\n\n\n\n<p>A Fenaj levanta a necessidade de uma maior populariza\u00e7\u00e3o do tema, a partir das den\u00fancias sobre ocorr\u00eancias de agress\u00e3o.<\/p>\n\n\n\n<p>\u201cPara este ano, o que a gente prop\u00f5e \u00e9 que esses casos sejam denunciados mais fortemente e que a sociedade civil cobre as autoridades publicas pra que essas amea\u00e7as cessem. A gente precisa de um ambiente em que o jornalista possa exercer o seu trabalho o mais livremente poss\u00edvel\u201d, argumenta M\u00e1rcio Garoni, da Fenaj.<\/p>\n\n\n\n<p>Edi\u00e7\u00e3o: Vivian Fernandes<\/p>\n\n\n\n<p><\/p>\n","protected":false},"excerpt":{"rendered":"<p>Fenaj aponta tentativa de descredibiliza\u00e7\u00e3o do trabalho do setor; seguran\u00e7a da categoria \u00e9 a maior preocupa\u00e7\u00e3o em 2020<\/p>\n","protected":false},"author":1,"featured_media":0,"comment_status":"closed","ping_status":"open","sticky":false,"template":"","format":"standard","meta":{"_exactmetrics_skip_tracking":false,"_exactmetrics_sitenote_active":false,"_exactmetrics_sitenote_note":"","_exactmetrics_sitenote_category":0,"jetpack_post_was_ever_published":false,"_jetpack_newsletter_access":"","_jetpack_dont_email_post_to_subs":false,"_jetpack_newsletter_tier_id":0,"_jetpack_memberships_contains_paywalled_content":false,"_jetpack_memberships_contains_paid_content":false,"footnotes":"","jetpack_publicize_message":"","jetpack_publicize_feature_enabled":true,"jetpack_social_post_already_shared":true,"jetpack_social_options":{"image_generator_settings":{"template":"highway","enabled":false},"version":2}},"categories":[1],"tags":[],"class_list":["post-25770","post","type-post","status-publish","format-standard","hentry","category-notas"],"jetpack_publicize_connections":[],"jetpack_sharing_enabled":true,"jetpack_featured_media_url":"","jetpack_shortlink":"https:\/\/wp.me\/p7wKYW-6HE","jetpack-related-posts":[],"_links":{"self":[{"href":"http:\/\/blogdalucianaoliveira.com.br\/blog\/wp-json\/wp\/v2\/posts\/25770","targetHints":{"allow":["GET"]}}],"collection":[{"href":"http:\/\/blogdalucianaoliveira.com.br\/blog\/wp-json\/wp\/v2\/posts"}],"about":[{"href":"http:\/\/blogdalucianaoliveira.com.br\/blog\/wp-json\/wp\/v2\/types\/post"}],"author":[{"embeddable":true,"href":"http:\/\/blogdalucianaoliveira.com.br\/blog\/wp-json\/wp\/v2\/users\/1"}],"replies":[{"embeddable":true,"href":"http:\/\/blogdalucianaoliveira.com.br\/blog\/wp-json\/wp\/v2\/comments?post=25770"}],"version-history":[{"count":1,"href":"http:\/\/blogdalucianaoliveira.com.br\/blog\/wp-json\/wp\/v2\/posts\/25770\/revisions"}],"predecessor-version":[{"id":25772,"href":"http:\/\/blogdalucianaoliveira.com.br\/blog\/wp-json\/wp\/v2\/posts\/25770\/revisions\/25772"}],"wp:attachment":[{"href":"http:\/\/blogdalucianaoliveira.com.br\/blog\/wp-json\/wp\/v2\/media?parent=25770"}],"wp:term":[{"taxonomy":"category","embeddable":true,"href":"http:\/\/blogdalucianaoliveira.com.br\/blog\/wp-json\/wp\/v2\/categories?post=25770"},{"taxonomy":"post_tag","embeddable":true,"href":"http:\/\/blogdalucianaoliveira.com.br\/blog\/wp-json\/wp\/v2\/tags?post=25770"}],"curies":[{"name":"wp","href":"https:\/\/api.w.org\/{rel}","templated":true}]}}