{"id":25773,"date":"2020-01-03T19:43:38","date_gmt":"2020-01-03T23:43:38","guid":{"rendered":"http:\/\/blogdalucianaoliveira.com.br\/blog\/?p=25773"},"modified":"2020-01-03T19:43:48","modified_gmt":"2020-01-03T23:43:48","slug":"policia-quer-suspeito-por-ataque-ao-porta-dos-fundos-na-lista-da-interpol","status":"publish","type":"post","link":"http:\/\/blogdalucianaoliveira.com.br\/blog\/2020\/01\/03\/policia-quer-suspeito-por-ataque-ao-porta-dos-fundos-na-lista-da-interpol\/","title":{"rendered":"Pol\u00edcia quer suspeito por ataque ao Porta dos Fundos na lista da Interpol"},"content":{"rendered":"\n<figure class=\"wp-block-image size-large\"><img data-recalc-dims=\"1\" loading=\"lazy\" decoding=\"async\" width=\"600\" height=\"445\" data-attachment-id=\"25774\" data-permalink=\"http:\/\/blogdalucianaoliveira.com.br\/blog\/2020\/01\/03\/policia-quer-suspeito-por-ataque-ao-porta-dos-fundos-na-lista-da-interpol\/image-5-3\/\" data-orig-file=\"https:\/\/i0.wp.com\/blogdalucianaoliveira.com.br\/blog\/wp-content\/uploads\/2020\/01\/image-5.jpeg?fit=868%2C644\" data-orig-size=\"868,644\" data-comments-opened=\"0\" data-image-meta=\"{&quot;aperture&quot;:&quot;0&quot;,&quot;credit&quot;:&quot;&quot;,&quot;camera&quot;:&quot;&quot;,&quot;caption&quot;:&quot;&quot;,&quot;created_timestamp&quot;:&quot;0&quot;,&quot;copyright&quot;:&quot;&quot;,&quot;focal_length&quot;:&quot;0&quot;,&quot;iso&quot;:&quot;0&quot;,&quot;shutter_speed&quot;:&quot;0&quot;,&quot;title&quot;:&quot;&quot;,&quot;orientation&quot;:&quot;0&quot;}\" data-image-title=\"image-5\" data-image-description=\"\" data-image-caption=\"\" data-medium-file=\"https:\/\/i0.wp.com\/blogdalucianaoliveira.com.br\/blog\/wp-content\/uploads\/2020\/01\/image-5.jpeg?fit=300%2C223\" data-large-file=\"https:\/\/i0.wp.com\/blogdalucianaoliveira.com.br\/blog\/wp-content\/uploads\/2020\/01\/image-5.jpeg?fit=600%2C445\" src=\"https:\/\/i0.wp.com\/blogdalucianaoliveira.com.br\/blog\/wp-content\/uploads\/2020\/01\/image-5.jpeg?resize=600%2C445\" alt=\"\" class=\"wp-image-25774\" srcset=\"https:\/\/i0.wp.com\/blogdalucianaoliveira.com.br\/blog\/wp-content\/uploads\/2020\/01\/image-5.jpeg?w=868 868w, https:\/\/i0.wp.com\/blogdalucianaoliveira.com.br\/blog\/wp-content\/uploads\/2020\/01\/image-5.jpeg?resize=300%2C223 300w, https:\/\/i0.wp.com\/blogdalucianaoliveira.com.br\/blog\/wp-content\/uploads\/2020\/01\/image-5.jpeg?resize=768%2C570 768w, https:\/\/i0.wp.com\/blogdalucianaoliveira.com.br\/blog\/wp-content\/uploads\/2020\/01\/image-5.jpeg?resize=404%2C300 404w\" sizes=\"auto, (max-width: 600px) 100vw, 600px\" \/><\/figure>\n\n\n\n<p>Enviou pedido nesta 6\u00aa feira<\/p>\n\n\n\n<p>Suspeito viajou \u00e0 R\u00fassia<\/p>\n\n\n\n<p>Poder 360<\/p>\n\n\n\n<!--more-->\n\n\n\n<p><\/p>\n\n\n\n<p><br>A 10\u00aa Delegacia de Pol\u00edcia de Botafogo, no Rio de Janeiro, pediu a inclus\u00e3o na lista da Interpol do nome do suspeito de participar do ataque \u00e0 produtora Porta dos Fundos, Eduardo Fauzi Richard Cerquise,\u00a0que\u00a0<a rel=\"noreferrer noopener\" href=\"https:\/\/www.poder360.com.br\/brasil\/suspeito-de-atacar-sede-do-porta-dos-fundos-esta-na-russia-diz-tv\/\" target=\"_blank\">viajou para a R\u00fassia<\/a>. Segundo a Secretaria de Pol\u00edcia Civil do Rio de Janeiro, ainda n\u00e3o est\u00e1 confirmado se o pedido foi aceito.<\/p>\n\n\n\n<p>De acordo com o delegado titular da 10\u00aa DP, Marco Aur\u00e9lio de Paula Ribeiro, que est\u00e1 \u00e0 frente das investiga\u00e7\u00f5es, o Fauzi \u00e9 considerado foragido. Ele n\u00e3o foi localizado nas dilig\u00eancias de 3\u00aa feira (31.dez.2019), quando foram&nbsp;<a href=\"https:\/\/www.poder360.com.br\/brasil\/policia-do-rio-identifica-suspeito-de-atacar-sede-do-porta-dos-fundos\/\" target=\"_blank\" rel=\"noreferrer noopener\">cumpridos mandados de pris\u00e3o e de busca e apreens\u00e3o<\/a>&nbsp;em 4 endere\u00e7os referentes ao suspeito.<\/p>\n\n\n\n<h2 class=\"wp-block-heading\">EXTRADI\u00c7\u00c3O<\/h2>\n\n\n\n<p>O empres\u00e1rio suspeito pelo crime pode ter a extradi\u00e7\u00e3o solicitada, uma vez que Brasil e R\u00fassia t\u00eam acordo de coopera\u00e7\u00e3o na \u00e1rea. Conforme o processo de extradi\u00e7\u00e3o, o Minist\u00e9rio da Justi\u00e7a pode encaminhar, em conjunto com o Minist\u00e9rio das Rela\u00e7\u00f5es Exteriores, o pedido ao governo russo. No entanto, \u00e9 preciso que receba antes a solicita\u00e7\u00e3o do juiz respons\u00e1vel pelo caso.<\/p>\n\n\n\n<p>A extradi\u00e7\u00e3o pode ocorrer em 2 casos: a extradi\u00e7\u00e3o ativa \u00e9 quando o governo brasileiro requer a outro pa\u00eds o retorno de 1 foragido da Justi\u00e7a brasileira e, a passiva, quando 1 determinado pa\u00eds solicita a extradi\u00e7\u00e3o de 1 indiv\u00edduo foragido que se encontra em territ\u00f3rio brasileiro.<\/p>\n\n\n\n<p>Apesar de Brasil e R\u00fassia terem acordo na \u00e1rea, o pedido de extradi\u00e7\u00e3o n\u00e3o se limita a pa\u00edses com os quais o Brasil possui tratado. No caso de n\u00e3o haver acordo, o pedido ser\u00e1 formulado com documentos previstos no Estatuto do Estrangeiro, devendo solicitado com base na promessa de reciprocidade de tratamento para casos an\u00e1logos.<\/p>\n\n\n\n<p>O Minist\u00e9rio da Justi\u00e7a afirmou que n\u00e3o pode dar informa\u00e7\u00f5es sobre a aplica\u00e7\u00e3o sobre a medida. \u201c<em>O Departamento de Recupera\u00e7\u00e3o de Ativos e Coopera\u00e7\u00e3o Jur\u00eddica Internacional (DRCI), da Secretaria Nacional de Justi\u00e7a (Senajus), n\u00e3o pode se manifestar sobre casos concretos, inclusive quanto \u00e0 exist\u00eancia ou n\u00e3o de pedido de coopera\u00e7\u00e3o internacional a eles relacionados<\/em>\u201d, informou \u00e0&nbsp;<em>Ag\u00eancia Brasil<\/em>.<\/p>\n\n\n\n<figure class=\"wp-block-image\"><img data-recalc-dims=\"1\" decoding=\"async\" src=\"https:\/\/i0.wp.com\/imagens.ebc.com.br\/zIVlxl1UzfnXikfqxVMYw7kRqic%3D\/754x0\/smart\/http%3A\/\/agenciabrasil.ebc.com.br\/sites\/default\/files\/thumbnails\/image\/20191231_113220.jpg?w=600\" alt=\"\"\/><\/figure>\n\n\n\n<p>Armas, dinheiro e livros apreendidos em opera\u00e7\u00e3o da pol\u00edcia contra suspeito de ataque contra a produtora Porta dos Fundos&nbsp;Cristina \u00cdndio do Brasil\/Ag\u00eancia Brasil<\/p>\n\n\n\n<h2 class=\"wp-block-heading\">OPERA\u00c7\u00c3O<\/h2>\n\n\n\n<p>Em a\u00e7\u00e3o realizada na 3\u00aa feira (31.dez), segundo a pol\u00edcia, os agentes estiveram em endere\u00e7o residencial na Barra da Tijuca, na zona oeste do Rio; em 2 pontos comerciais na Pra\u00e7a Mau\u00e1, no centro, sendo 1 deles identificado como residencial; e no Engenho Novo, na zona norte. No \u00faltimo endere\u00e7o, funciona 1 posto de combust\u00edveis, que j\u00e1 n\u00e3o pertence mais ao suspeito. Na Barra, os agentes encontraram R$ 119.000, 2 simulacros de armas de fogo, fac\u00f5es, muni\u00e7\u00e3o, camisa de entidade filos\u00f3fico e pol\u00edtica e computadores.<\/p>\n\n\n\n<hr class=\"wp-block-separator\"\/>\n\n\n\n<p><em>Com reportagem da Ag\u00eancia Brasil<\/em><\/p>\n\n\n\n<p><\/p>\n","protected":false},"excerpt":{"rendered":"<p>Enviou pedido nesta 6\u00aa feira Suspeito viajou \u00e0 R\u00fassia Poder 360<\/p>\n","protected":false},"author":1,"featured_media":0,"comment_status":"closed","ping_status":"open","sticky":false,"template":"","format":"standard","meta":{"_exactmetrics_skip_tracking":false,"_exactmetrics_sitenote_active":false,"_exactmetrics_sitenote_note":"","_exactmetrics_sitenote_category":0,"jetpack_post_was_ever_published":false,"_jetpack_newsletter_access":"","_jetpack_dont_email_post_to_subs":false,"_jetpack_newsletter_tier_id":0,"_jetpack_memberships_contains_paywalled_content":false,"_jetpack_memberships_contains_paid_content":false,"footnotes":"","jetpack_publicize_message":"","jetpack_publicize_feature_enabled":true,"jetpack_social_post_already_shared":true,"jetpack_social_options":{"image_generator_settings":{"template":"highway","enabled":false},"version":2}},"categories":[1],"tags":[],"class_list":["post-25773","post","type-post","status-publish","format-standard","hentry","category-notas"],"jetpack_publicize_connections":[],"jetpack_sharing_enabled":true,"jetpack_featured_media_url":"","jetpack_shortlink":"https:\/\/wp.me\/p7wKYW-6HH","jetpack-related-posts":[],"_links":{"self":[{"href":"http:\/\/blogdalucianaoliveira.com.br\/blog\/wp-json\/wp\/v2\/posts\/25773","targetHints":{"allow":["GET"]}}],"collection":[{"href":"http:\/\/blogdalucianaoliveira.com.br\/blog\/wp-json\/wp\/v2\/posts"}],"about":[{"href":"http:\/\/blogdalucianaoliveira.com.br\/blog\/wp-json\/wp\/v2\/types\/post"}],"author":[{"embeddable":true,"href":"http:\/\/blogdalucianaoliveira.com.br\/blog\/wp-json\/wp\/v2\/users\/1"}],"replies":[{"embeddable":true,"href":"http:\/\/blogdalucianaoliveira.com.br\/blog\/wp-json\/wp\/v2\/comments?post=25773"}],"version-history":[{"count":1,"href":"http:\/\/blogdalucianaoliveira.com.br\/blog\/wp-json\/wp\/v2\/posts\/25773\/revisions"}],"predecessor-version":[{"id":25775,"href":"http:\/\/blogdalucianaoliveira.com.br\/blog\/wp-json\/wp\/v2\/posts\/25773\/revisions\/25775"}],"wp:attachment":[{"href":"http:\/\/blogdalucianaoliveira.com.br\/blog\/wp-json\/wp\/v2\/media?parent=25773"}],"wp:term":[{"taxonomy":"category","embeddable":true,"href":"http:\/\/blogdalucianaoliveira.com.br\/blog\/wp-json\/wp\/v2\/categories?post=25773"},{"taxonomy":"post_tag","embeddable":true,"href":"http:\/\/blogdalucianaoliveira.com.br\/blog\/wp-json\/wp\/v2\/tags?post=25773"}],"curies":[{"name":"wp","href":"https:\/\/api.w.org\/{rel}","templated":true}]}}