{"id":25776,"date":"2020-01-03T19:46:15","date_gmt":"2020-01-03T23:46:15","guid":{"rendered":"http:\/\/blogdalucianaoliveira.com.br\/blog\/?p=25776"},"modified":"2020-01-03T19:46:26","modified_gmt":"2020-01-03T23:46:26","slug":"povo-iraniano-se-revolta-e-se-divide-entre-o-desejo-de-vinganca-e-o-medo-de-uma-guerra-sangrenta","status":"publish","type":"post","link":"http:\/\/blogdalucianaoliveira.com.br\/blog\/2020\/01\/03\/povo-iraniano-se-revolta-e-se-divide-entre-o-desejo-de-vinganca-e-o-medo-de-uma-guerra-sangrenta\/","title":{"rendered":"Povo iraniano se revolta e se divide entre o desejo de vingan\u00e7a e o medo de uma guerra sangrenta"},"content":{"rendered":"\n<figure class=\"wp-block-image size-large\"><img data-recalc-dims=\"1\" loading=\"lazy\" decoding=\"async\" width=\"500\" height=\"240\" data-attachment-id=\"25777\" data-permalink=\"http:\/\/blogdalucianaoliveira.com.br\/blog\/2020\/01\/03\/povo-iraniano-se-revolta-e-se-divide-entre-o-desejo-de-vinganca-e-o-medo-de-uma-guerra-sangrenta\/image-6-3\/\" data-orig-file=\"https:\/\/i0.wp.com\/blogdalucianaoliveira.com.br\/blog\/wp-content\/uploads\/2020\/01\/image-6.jpeg?fit=500%2C240\" data-orig-size=\"500,240\" data-comments-opened=\"0\" data-image-meta=\"{&quot;aperture&quot;:&quot;0&quot;,&quot;credit&quot;:&quot;&quot;,&quot;camera&quot;:&quot;&quot;,&quot;caption&quot;:&quot;&quot;,&quot;created_timestamp&quot;:&quot;0&quot;,&quot;copyright&quot;:&quot;&quot;,&quot;focal_length&quot;:&quot;0&quot;,&quot;iso&quot;:&quot;0&quot;,&quot;shutter_speed&quot;:&quot;0&quot;,&quot;title&quot;:&quot;&quot;,&quot;orientation&quot;:&quot;0&quot;}\" data-image-title=\"image-6\" data-image-description=\"\" data-image-caption=\"\" data-medium-file=\"https:\/\/i0.wp.com\/blogdalucianaoliveira.com.br\/blog\/wp-content\/uploads\/2020\/01\/image-6.jpeg?fit=300%2C144\" data-large-file=\"https:\/\/i0.wp.com\/blogdalucianaoliveira.com.br\/blog\/wp-content\/uploads\/2020\/01\/image-6.jpeg?fit=500%2C240\" src=\"https:\/\/i0.wp.com\/blogdalucianaoliveira.com.br\/blog\/wp-content\/uploads\/2020\/01\/image-6.jpeg?resize=500%2C240\" alt=\"\" class=\"wp-image-25777\" srcset=\"https:\/\/i0.wp.com\/blogdalucianaoliveira.com.br\/blog\/wp-content\/uploads\/2020\/01\/image-6.jpeg?w=500 500w, https:\/\/i0.wp.com\/blogdalucianaoliveira.com.br\/blog\/wp-content\/uploads\/2020\/01\/image-6.jpeg?resize=300%2C144 300w\" sizes=\"auto, (max-width: 500px) 100vw, 500px\" \/><\/figure>\n\n\n\n<p><strong>247\u00a0<\/strong>&#8211; Depois do ataque covarde dos EUA, o povo iraniano reagiu de duas maneiras distintas e complementares. Uma parte da popula\u00e7\u00e3o manifestou sua ira contra Donald Trump nas redes sociais ou protestos de rua. Outro parte apresentava medo de o Ir\u00e3 ser jogado em umaguerra violenta contra o imp\u00e9rio americano.<\/p>\n\n\n\n<!--more-->\n\n\n\n<p><a href=\"https:\/\/oglobo.globo.com\/mundo\/nas-ruas-de-teera-iranianos-se-dividem-entre-odio-aos-eua-medo-da-guerra-apos-assassinato-de-general-24170833\">A reportagem do jornal O Globo<\/a>&nbsp;destaca que &#8220;os iranianos buscaram desde a manh\u00e3 informa\u00e7\u00f5es sobre a morte de Soleimani, mas pouco encontraram na m\u00eddia local. As emissoras de televis\u00e3o apenas veiculavam homenagens ao comandante. Um canal, por exemplo, mostrou um document\u00e1rio que mostrava a carreira do militar, com depoimentos do pr\u00f3prio sobre sua participa\u00e7\u00e3o na Guerra Ir\u00e3-Iraque, entre outros epis\u00f3dios. Em outro, durante horas, imagens de Soleimani se alternavam, enquanto ao fundo tocava uma melodia triste. Apenas atrav\u00e9s de sites noticiosos estrangeiros \u2014 &nbsp;bloqueados no Ir\u00e3 e apenas acess\u00edveis com o uso de VPN \u2014 &nbsp;obtinham informa\u00e7\u00f5es, embora baseadas em fontes de intelig\u00eancia dos Estados Unidos.&#8221;<\/p>\n\n\n\n<p>A mat\u00e9ria ainda acrescenta que &#8220;o clima mudou na parte da tarde, no entanto, quando autoridades pol\u00edticas, religiosas e militares come\u00e7aram a se manifestar publicamente, confirmando do lado iraniano a morte do comandante das For\u00e7as Quds. E ent\u00e3o come\u00e7aram as manifesta\u00e7\u00f5es de solidariedade e homenagens ao comandante morto, partindo de celebridades, cantores, jogadores de futebol e atores e diretores de cinema.&#8221;<\/p>\n","protected":false},"excerpt":{"rendered":"<p>247\u00a0&#8211; Depois do ataque covarde dos EUA, o povo iraniano reagiu de duas maneiras distintas e complementares. Uma parte da popula\u00e7\u00e3o manifestou sua ira contra Donald Trump nas redes sociais ou protestos de rua. Outro parte apresentava medo de o Ir\u00e3 ser jogado em umaguerra violenta contra o imp\u00e9rio americano.<\/p>\n","protected":false},"author":1,"featured_media":0,"comment_status":"closed","ping_status":"open","sticky":false,"template":"","format":"standard","meta":{"_exactmetrics_skip_tracking":false,"_exactmetrics_sitenote_active":false,"_exactmetrics_sitenote_note":"","_exactmetrics_sitenote_category":0,"jetpack_post_was_ever_published":false,"_jetpack_newsletter_access":"","_jetpack_dont_email_post_to_subs":false,"_jetpack_newsletter_tier_id":0,"_jetpack_memberships_contains_paywalled_content":false,"_jetpack_memberships_contains_paid_content":false,"footnotes":"","jetpack_publicize_message":"","jetpack_publicize_feature_enabled":true,"jetpack_social_post_already_shared":true,"jetpack_social_options":{"image_generator_settings":{"template":"highway","enabled":false},"version":2}},"categories":[1],"tags":[],"class_list":["post-25776","post","type-post","status-publish","format-standard","hentry","category-notas"],"jetpack_publicize_connections":[],"jetpack_sharing_enabled":true,"jetpack_featured_media_url":"","jetpack_shortlink":"https:\/\/wp.me\/p7wKYW-6HK","jetpack-related-posts":[],"_links":{"self":[{"href":"http:\/\/blogdalucianaoliveira.com.br\/blog\/wp-json\/wp\/v2\/posts\/25776","targetHints":{"allow":["GET"]}}],"collection":[{"href":"http:\/\/blogdalucianaoliveira.com.br\/blog\/wp-json\/wp\/v2\/posts"}],"about":[{"href":"http:\/\/blogdalucianaoliveira.com.br\/blog\/wp-json\/wp\/v2\/types\/post"}],"author":[{"embeddable":true,"href":"http:\/\/blogdalucianaoliveira.com.br\/blog\/wp-json\/wp\/v2\/users\/1"}],"replies":[{"embeddable":true,"href":"http:\/\/blogdalucianaoliveira.com.br\/blog\/wp-json\/wp\/v2\/comments?post=25776"}],"version-history":[{"count":1,"href":"http:\/\/blogdalucianaoliveira.com.br\/blog\/wp-json\/wp\/v2\/posts\/25776\/revisions"}],"predecessor-version":[{"id":25778,"href":"http:\/\/blogdalucianaoliveira.com.br\/blog\/wp-json\/wp\/v2\/posts\/25776\/revisions\/25778"}],"wp:attachment":[{"href":"http:\/\/blogdalucianaoliveira.com.br\/blog\/wp-json\/wp\/v2\/media?parent=25776"}],"wp:term":[{"taxonomy":"category","embeddable":true,"href":"http:\/\/blogdalucianaoliveira.com.br\/blog\/wp-json\/wp\/v2\/categories?post=25776"},{"taxonomy":"post_tag","embeddable":true,"href":"http:\/\/blogdalucianaoliveira.com.br\/blog\/wp-json\/wp\/v2\/tags?post=25776"}],"curies":[{"name":"wp","href":"https:\/\/api.w.org\/{rel}","templated":true}]}}