{"id":25779,"date":"2020-01-04T12:46:03","date_gmt":"2020-01-04T16:46:03","guid":{"rendered":"http:\/\/blogdalucianaoliveira.com.br\/blog\/?p=25779"},"modified":"2020-01-04T12:46:13","modified_gmt":"2020-01-04T16:46:13","slug":"brian-mier-trump-mandou-matar-o-general-iraniano-que-mais-combateu-o-estado-islamico","status":"publish","type":"post","link":"http:\/\/blogdalucianaoliveira.com.br\/blog\/2020\/01\/04\/brian-mier-trump-mandou-matar-o-general-iraniano-que-mais-combateu-o-estado-islamico\/","title":{"rendered":"Brian Mier: Trump mandou matar o general iraniano que mais combateu o Estado Isl\u00e2mico"},"content":{"rendered":"\n<figure class=\"wp-block-image size-large\"><img data-recalc-dims=\"1\" loading=\"lazy\" decoding=\"async\" width=\"500\" height=\"240\" data-attachment-id=\"25780\" data-permalink=\"http:\/\/blogdalucianaoliveira.com.br\/blog\/2020\/01\/04\/brian-mier-trump-mandou-matar-o-general-iraniano-que-mais-combateu-o-estado-islamico\/image-7-3\/\" data-orig-file=\"https:\/\/i0.wp.com\/blogdalucianaoliveira.com.br\/blog\/wp-content\/uploads\/2020\/01\/image-7.jpeg?fit=500%2C240\" data-orig-size=\"500,240\" data-comments-opened=\"0\" data-image-meta=\"{&quot;aperture&quot;:&quot;0&quot;,&quot;credit&quot;:&quot;&quot;,&quot;camera&quot;:&quot;&quot;,&quot;caption&quot;:&quot;&quot;,&quot;created_timestamp&quot;:&quot;0&quot;,&quot;copyright&quot;:&quot;&quot;,&quot;focal_length&quot;:&quot;0&quot;,&quot;iso&quot;:&quot;0&quot;,&quot;shutter_speed&quot;:&quot;0&quot;,&quot;title&quot;:&quot;&quot;,&quot;orientation&quot;:&quot;0&quot;}\" data-image-title=\"image-7\" data-image-description=\"\" data-image-caption=\"\" data-medium-file=\"https:\/\/i0.wp.com\/blogdalucianaoliveira.com.br\/blog\/wp-content\/uploads\/2020\/01\/image-7.jpeg?fit=300%2C144\" data-large-file=\"https:\/\/i0.wp.com\/blogdalucianaoliveira.com.br\/blog\/wp-content\/uploads\/2020\/01\/image-7.jpeg?fit=500%2C240\" src=\"https:\/\/i0.wp.com\/blogdalucianaoliveira.com.br\/blog\/wp-content\/uploads\/2020\/01\/image-7.jpeg?resize=500%2C240\" alt=\"\" class=\"wp-image-25780\" srcset=\"https:\/\/i0.wp.com\/blogdalucianaoliveira.com.br\/blog\/wp-content\/uploads\/2020\/01\/image-7.jpeg?w=500 500w, https:\/\/i0.wp.com\/blogdalucianaoliveira.com.br\/blog\/wp-content\/uploads\/2020\/01\/image-7.jpeg?resize=300%2C144 300w\" sizes=\"auto, (max-width: 500px) 100vw, 500px\" \/><\/figure>\n\n\n\n<p><strong>247 &#8211;&nbsp;<\/strong>Em entrevista \u00e0 TV 247, o jornalista norte-americano Brian Mier comentou o assassinato do general iraniano Qassem Soleimani em um bombardeio norte-americano ordenado pelo presidente dos Estados Unidos, Donald Trump.&nbsp;<\/p>\n\n\n\n<!--more-->\n\n\n\n<p>Brian explicou que Soleimani era o principal nome que lutou contra o avan\u00e7o do grupo extremista e terrorista Estado Isl\u00e2mico (EI), principalmente na S\u00edria. O jornalista ressaltou a contradi\u00e7\u00e3o estadunidense que, sob o argumento de conter o avan\u00e7o do EI na S\u00edria, atacou e destruiu o pa\u00eds. Agora, os EUA assassinam o principal respons\u00e1vel pela conten\u00e7\u00e3o do grupo terrorista.<\/p>\n\n\n\n<p>\u201cO assassinato dele mostra o n\u00edvel de mentira que o governo estadunidense, come\u00e7ando por Hillary Clinton, usa para justificar a invas\u00e3o sangrenta da S\u00edria e sua destrui\u00e7\u00e3o, que foi para \u2018combater a inclus\u00e3o do Estado Isl\u00e2mico na S\u00edria\u2019. Mas o cara que acabou com o Estado Isl\u00e2mico na S\u00edria foi Soleimani, foram os iranianos que fizeram isso e ele os chefiou&#8221;, disse Brian Mier.<\/p>\n\n\n\n<p>Ele ainda afirmou que a atitude de Trump favorece o Estado Isl\u00e2mico. &#8220;\u00c9 um homem que lutou na guerra entre Ir\u00e3 e Iraque a partir de seus 22 anos, virou um her\u00f3i da guerra e tamb\u00e9m liderou essas a\u00e7\u00f5es contra o Estado Isl\u00e2mico na S\u00edria. Era o maior inimigo do Estado Isl\u00e2mico. Se os Estados Unidos o assassinaram, ajudaram o Estado Isl\u00e2mico\u201d.<\/p>\n\n\n\n<p>Para o jornalista, o bombardeio dos EUA n\u00e3o acabar\u00e1 bem para Trump. Ele prev\u00ea que Soleimani se torne um m\u00e1rtir do povo iraniano e, assim, provoque mais e mais rea\u00e7\u00f5es contra os norte-americanos. \u201cA Al-Qaeda foi criada pelos Estados Unidos da d\u00e9cada de 1980. Toda a ruindade no Oriente M\u00e9dio, as piores coisas s\u00e3o todas financiadas pelos Estados Unidos. Acho que isso n\u00e3o vai acabar bem para Trump, pode ser que Soleimani vire um m\u00e1rtir. Ele fez muito para o Ir\u00e3\u201d.<\/p>\n","protected":false},"excerpt":{"rendered":"<p>247 &#8211;&nbsp;Em entrevista \u00e0 TV 247, o jornalista norte-americano Brian Mier comentou o assassinato do general iraniano Qassem Soleimani em um bombardeio norte-americano ordenado pelo presidente dos Estados Unidos, Donald Trump.&nbsp;<\/p>\n","protected":false},"author":1,"featured_media":0,"comment_status":"closed","ping_status":"open","sticky":false,"template":"","format":"standard","meta":{"_exactmetrics_skip_tracking":false,"_exactmetrics_sitenote_active":false,"_exactmetrics_sitenote_note":"","_exactmetrics_sitenote_category":0,"jetpack_post_was_ever_published":false,"_jetpack_newsletter_access":"","_jetpack_dont_email_post_to_subs":false,"_jetpack_newsletter_tier_id":0,"_jetpack_memberships_contains_paywalled_content":false,"_jetpack_memberships_contains_paid_content":false,"footnotes":"","jetpack_publicize_message":"","jetpack_publicize_feature_enabled":true,"jetpack_social_post_already_shared":true,"jetpack_social_options":{"image_generator_settings":{"template":"highway","enabled":false},"version":2}},"categories":[1],"tags":[],"class_list":["post-25779","post","type-post","status-publish","format-standard","hentry","category-notas"],"jetpack_publicize_connections":[],"jetpack_sharing_enabled":true,"jetpack_featured_media_url":"","jetpack_shortlink":"https:\/\/wp.me\/p7wKYW-6HN","jetpack-related-posts":[],"_links":{"self":[{"href":"http:\/\/blogdalucianaoliveira.com.br\/blog\/wp-json\/wp\/v2\/posts\/25779","targetHints":{"allow":["GET"]}}],"collection":[{"href":"http:\/\/blogdalucianaoliveira.com.br\/blog\/wp-json\/wp\/v2\/posts"}],"about":[{"href":"http:\/\/blogdalucianaoliveira.com.br\/blog\/wp-json\/wp\/v2\/types\/post"}],"author":[{"embeddable":true,"href":"http:\/\/blogdalucianaoliveira.com.br\/blog\/wp-json\/wp\/v2\/users\/1"}],"replies":[{"embeddable":true,"href":"http:\/\/blogdalucianaoliveira.com.br\/blog\/wp-json\/wp\/v2\/comments?post=25779"}],"version-history":[{"count":1,"href":"http:\/\/blogdalucianaoliveira.com.br\/blog\/wp-json\/wp\/v2\/posts\/25779\/revisions"}],"predecessor-version":[{"id":25781,"href":"http:\/\/blogdalucianaoliveira.com.br\/blog\/wp-json\/wp\/v2\/posts\/25779\/revisions\/25781"}],"wp:attachment":[{"href":"http:\/\/blogdalucianaoliveira.com.br\/blog\/wp-json\/wp\/v2\/media?parent=25779"}],"wp:term":[{"taxonomy":"category","embeddable":true,"href":"http:\/\/blogdalucianaoliveira.com.br\/blog\/wp-json\/wp\/v2\/categories?post=25779"},{"taxonomy":"post_tag","embeddable":true,"href":"http:\/\/blogdalucianaoliveira.com.br\/blog\/wp-json\/wp\/v2\/tags?post=25779"}],"curies":[{"name":"wp","href":"https:\/\/api.w.org\/{rel}","templated":true}]}}