{"id":25794,"date":"2020-01-05T22:05:39","date_gmt":"2020-01-06T02:05:39","guid":{"rendered":"http:\/\/blogdalucianaoliveira.com.br\/blog\/?p=25794"},"modified":"2020-01-05T22:05:50","modified_gmt":"2020-01-06T02:05:50","slug":"ato-em-sao-paulo-presta-solidariedade-ao-povo-iraniano-apos-ataque-dos-eua","status":"publish","type":"post","link":"http:\/\/blogdalucianaoliveira.com.br\/blog\/2020\/01\/05\/ato-em-sao-paulo-presta-solidariedade-ao-povo-iraniano-apos-ataque-dos-eua\/","title":{"rendered":"Ato em S\u00e3o Paulo presta solidariedade ao povo iraniano ap\u00f3s ataque dos EUA"},"content":{"rendered":"\n<figure class=\"wp-block-image size-large\"><img data-recalc-dims=\"1\" loading=\"lazy\" decoding=\"async\" width=\"600\" height=\"450\" data-attachment-id=\"25795\" data-permalink=\"http:\/\/blogdalucianaoliveira.com.br\/blog\/2020\/01\/05\/ato-em-sao-paulo-presta-solidariedade-ao-povo-iraniano-apos-ataque-dos-eua\/image-10-3\/\" data-orig-file=\"https:\/\/i0.wp.com\/blogdalucianaoliveira.com.br\/blog\/wp-content\/uploads\/2020\/01\/image-10.jpeg?fit=640%2C480\" data-orig-size=\"640,480\" data-comments-opened=\"0\" data-image-meta=\"{&quot;aperture&quot;:&quot;0&quot;,&quot;credit&quot;:&quot;&quot;,&quot;camera&quot;:&quot;&quot;,&quot;caption&quot;:&quot;&quot;,&quot;created_timestamp&quot;:&quot;0&quot;,&quot;copyright&quot;:&quot;&quot;,&quot;focal_length&quot;:&quot;0&quot;,&quot;iso&quot;:&quot;0&quot;,&quot;shutter_speed&quot;:&quot;0&quot;,&quot;title&quot;:&quot;&quot;,&quot;orientation&quot;:&quot;0&quot;}\" data-image-title=\"image-10\" data-image-description=\"\" data-image-caption=\"\" data-medium-file=\"https:\/\/i0.wp.com\/blogdalucianaoliveira.com.br\/blog\/wp-content\/uploads\/2020\/01\/image-10.jpeg?fit=300%2C225\" data-large-file=\"https:\/\/i0.wp.com\/blogdalucianaoliveira.com.br\/blog\/wp-content\/uploads\/2020\/01\/image-10.jpeg?fit=600%2C450\" src=\"https:\/\/i0.wp.com\/blogdalucianaoliveira.com.br\/blog\/wp-content\/uploads\/2020\/01\/image-10.jpeg?resize=600%2C450\" alt=\"\" class=\"wp-image-25795\" srcset=\"https:\/\/i0.wp.com\/blogdalucianaoliveira.com.br\/blog\/wp-content\/uploads\/2020\/01\/image-10.jpeg?w=640 640w, https:\/\/i0.wp.com\/blogdalucianaoliveira.com.br\/blog\/wp-content\/uploads\/2020\/01\/image-10.jpeg?resize=300%2C225 300w, https:\/\/i0.wp.com\/blogdalucianaoliveira.com.br\/blog\/wp-content\/uploads\/2020\/01\/image-10.jpeg?resize=400%2C300 400w\" sizes=\"auto, (max-width: 600px) 100vw, 600px\" \/><\/figure>\n\n\n\n<h2 class=\"wp-block-heading\">O evento, que contou com lideran\u00e7as mu\u00e7ulmanas e pol\u00edticas, condenou a a\u00e7\u00e3o comandada por Donald Trump&nbsp;<\/h2>\n\n\n\n<!--more-->\n\n\n\n<p>Julia Chequer<\/p>\n\n\n\n<p>Brasil de Fato\u00a0<\/p>\n\n\n\n<p>\u201cQuem \u00e9 o terrorista?\u201d, questionou o Sheik Hossein Khaliloo, residente no Brasil, ao abrir o ato de solidariedade ao povo iraniano na tarde deste domingo (5), na capital paulista. Na sexta-feira (3), os Estados Unidos&nbsp;<a href=\"https:\/\/www.brasildefato.com.br\/2020\/01\/03\/o-que-esta-por-tras-do-ataque-dos-eua-contra-o-ira\/\">bombardearam um comboio militar do Ir\u00e3<\/a>&nbsp;no aeroporto de Bagd\u00e1, matando sete pessoas, entre elas um dos principais integrantes do governo iraniano, o general Qassem Soleimani.<\/p>\n\n\n\n<p>O evento em S\u00e3o Paulo ocorre no mesmo dia em o&nbsp;<a href=\"https:\/\/www.brasildefato.com.br\/2020\/01\/05\/corpo-de-soleimani-chega-ao-ira-e-e-acompanhado-por-milhares-de-pessoas-em-cortejo\/\">corpo de Soleimani<\/a>&nbsp;chegou ao Ir\u00e3 e foi acompanhado em um cortejo f\u00fanebre por milhares de pessoas nas ruas da cidade de Ahvaz. Participaram do ato lideran\u00e7as&nbsp;mu\u00e7ulmanas e pol\u00edticas que vivem no Brasil, como o c\u00f4nsul da S\u00edria, Elias Bara, e o bispo da Igreja Maronita, Edgard Madi, al\u00e9m de representantes de organiza\u00e7\u00f5es da sociedade civil.<\/p>\n\n\n\n<p>Khaliloo disse que espera que os revolucion\u00e1rios do mundo se unam contra os terroristas. \u201cApesar da dist\u00e2ncia do Oriente M\u00e9dio, nosso cora\u00e7\u00e3o est\u00e1 com eles\u201d, declarou. Ele&nbsp;<a href=\"https:\/\/www.brasildefato.com.br\/2020\/01\/05\/iraque-pede-retirada-de-tropas-norte-americanas-do-pais-e-denuncia-eua-a-onu\/\">comemorou a decis\u00e3o do Iraque<\/a>&nbsp;de retirar as tropas norte-americanas do pa\u00eds.&nbsp;<\/p>\n\n\n\n<p>O Parlamento iraquiano aprovou neste domingo (5) uma resolu\u00e7\u00e3o pedindo ao governo que cancele a assist\u00eancia militar dada pelos Estados Unidos ao pa\u00eds, o que poder\u00e1 significar a retirada das tropas. Al\u00e9m disso, o governo ainda apresentou uma den\u00fancia \u00e0 Organiza\u00e7\u00e3o das Na\u00e7\u00f5es Unidas (ONU) contra ataque ordenado pelo presidente estadunidense, Donald Trump.<\/p>\n\n\n\n<p>O Sheik Rodrigo Jalloul, que coordenou a atividade, relembrou outros ataques de persegui\u00e7\u00e3o a mu\u00e7ulmanos. \u201cMas essas mortes tamb\u00e9m nos uniram aqui neste domingo para falar sobre a verdade, mesmo com nossas diferen\u00e7as. O que nos faz permanecer erguidos, \u00e9 honrar o sangue derramado\u201d, defendeu.<\/p>\n\n\n\n<p>Sobre a resist\u00eancia do povo iraniano e o temor de uma guerra, Jalloul explicou que&nbsp;<a href=\"http:\/\/\u201cO Ir\u00e3 n\u00e3o vai deixar barato, a vingan\u00e7a \u00e9 quest\u00e3o de honra&quot;, diz especialista\" target=\"_blank\" rel=\"noreferrer noopener\">o sacrif\u00edcio \u00e9 entendido como um presente<\/a>para os mu\u00e7ulmanos. \u201cQuem sofre com a perda do general, somos n\u00f3s que perdemos uma mente brilhante no Oriente M\u00e9dio, mas, em verdade, ele tem um mart\u00edrio para ele garantido. Ele dedicou a vida no caminho de Deus, em uma causa no caminho da justi\u00e7a. N\u00f3s n\u00e3o temos medo da guerra e de enfrentar os Estados Unidos, mas tamb\u00e9m n\u00e3o buscamos a guerra. O dever de todo mu\u00e7ulmano n\u00e3o \u00e9 atacar, mas, sim, defender\u201d, apontou.<\/p>\n\n\n\n<p>Solidariedade<\/p>\n\n\n\n<p>Representando o Movimento dos Trabalhadores Rurais Sem Terra (MST), o professor de Rela\u00e7\u00f5es Internacionais Marcelo Buzetto criticou \u201ca a\u00e7\u00e3o imperialista\u201d. \u201cN\u00e3o \u00e9 poss\u00edvel existir paz onde houver um soldado imperialista. A morte de algu\u00e9m s\u00f3 tem significado quando a sua vida tem um significado especial\u201d, apontou. Buzetto compara Soleimani ao revolucion\u00e1rio argentino Ernesto \u201cChe\u201d Guevara, ao falar sobre o papel do m\u00e1rtir para a inspira\u00e7\u00e3o e para a organiza\u00e7\u00e3o popular.<\/p>\n\n\n\n<p>Jamil Murad, presidente do Centro Brasileiro de Solidariedade aos Povos e Luta pela Paz (Cebrapaz), condenou o que classificou como \u201cbrutal assassinato\u201d, o qual aumentou a instabilidade na regi\u00e3o. Ele criticou a posi\u00e7\u00e3o do Brasil alinhada aos Estados Unidos. \u201cA diplomacia brasileira sempre defendeu a paz. Essa decis\u00e3o viola a Constitui\u00e7\u00e3o Federal, que prev\u00ea a autodetermina\u00e7\u00e3o dos povos\u201d, avaliou.<\/p>\n\n\n\n<p>Edi\u00e7\u00e3o: Camila Maciel<\/p>\n\n\n\n<p><\/p>\n","protected":false},"excerpt":{"rendered":"<p>O evento, que contou com lideran\u00e7as mu\u00e7ulmanas e pol\u00edticas, condenou a a\u00e7\u00e3o comandada por Donald Trump&nbsp;<\/p>\n","protected":false},"author":1,"featured_media":0,"comment_status":"closed","ping_status":"open","sticky":false,"template":"","format":"standard","meta":{"_exactmetrics_skip_tracking":false,"_exactmetrics_sitenote_active":false,"_exactmetrics_sitenote_note":"","_exactmetrics_sitenote_category":0,"jetpack_post_was_ever_published":false,"_jetpack_newsletter_access":"","_jetpack_dont_email_post_to_subs":false,"_jetpack_newsletter_tier_id":0,"_jetpack_memberships_contains_paywalled_content":false,"_jetpack_memberships_contains_paid_content":false,"footnotes":"","jetpack_publicize_message":"","jetpack_publicize_feature_enabled":true,"jetpack_social_post_already_shared":true,"jetpack_social_options":{"image_generator_settings":{"template":"highway","enabled":false},"version":2}},"categories":[1],"tags":[],"class_list":["post-25794","post","type-post","status-publish","format-standard","hentry","category-notas"],"jetpack_publicize_connections":[],"jetpack_sharing_enabled":true,"jetpack_featured_media_url":"","jetpack_shortlink":"https:\/\/wp.me\/p7wKYW-6I2","jetpack-related-posts":[],"_links":{"self":[{"href":"http:\/\/blogdalucianaoliveira.com.br\/blog\/wp-json\/wp\/v2\/posts\/25794","targetHints":{"allow":["GET"]}}],"collection":[{"href":"http:\/\/blogdalucianaoliveira.com.br\/blog\/wp-json\/wp\/v2\/posts"}],"about":[{"href":"http:\/\/blogdalucianaoliveira.com.br\/blog\/wp-json\/wp\/v2\/types\/post"}],"author":[{"embeddable":true,"href":"http:\/\/blogdalucianaoliveira.com.br\/blog\/wp-json\/wp\/v2\/users\/1"}],"replies":[{"embeddable":true,"href":"http:\/\/blogdalucianaoliveira.com.br\/blog\/wp-json\/wp\/v2\/comments?post=25794"}],"version-history":[{"count":1,"href":"http:\/\/blogdalucianaoliveira.com.br\/blog\/wp-json\/wp\/v2\/posts\/25794\/revisions"}],"predecessor-version":[{"id":25796,"href":"http:\/\/blogdalucianaoliveira.com.br\/blog\/wp-json\/wp\/v2\/posts\/25794\/revisions\/25796"}],"wp:attachment":[{"href":"http:\/\/blogdalucianaoliveira.com.br\/blog\/wp-json\/wp\/v2\/media?parent=25794"}],"wp:term":[{"taxonomy":"category","embeddable":true,"href":"http:\/\/blogdalucianaoliveira.com.br\/blog\/wp-json\/wp\/v2\/categories?post=25794"},{"taxonomy":"post_tag","embeddable":true,"href":"http:\/\/blogdalucianaoliveira.com.br\/blog\/wp-json\/wp\/v2\/tags?post=25794"}],"curies":[{"name":"wp","href":"https:\/\/api.w.org\/{rel}","templated":true}]}}