{"id":25797,"date":"2020-01-05T22:08:29","date_gmt":"2020-01-06T02:08:29","guid":{"rendered":"http:\/\/blogdalucianaoliveira.com.br\/blog\/?p=25797"},"modified":"2020-01-05T22:08:41","modified_gmt":"2020-01-06T02:08:41","slug":"ira-oferece-us-80-milhoes-pela-cabeca-de-trump","status":"publish","type":"post","link":"http:\/\/blogdalucianaoliveira.com.br\/blog\/2020\/01\/05\/ira-oferece-us-80-milhoes-pela-cabeca-de-trump\/","title":{"rendered":"Ir\u00e3 oferece US$ 80 milh\u00f5es pela cabe\u00e7a de Trump"},"content":{"rendered":"\n<figure class=\"wp-block-image size-large\"><img data-recalc-dims=\"1\" loading=\"lazy\" decoding=\"async\" width=\"500\" height=\"240\" data-attachment-id=\"25798\" data-permalink=\"http:\/\/blogdalucianaoliveira.com.br\/blog\/2020\/01\/05\/ira-oferece-us-80-milhoes-pela-cabeca-de-trump\/image-11-3\/\" data-orig-file=\"https:\/\/i0.wp.com\/blogdalucianaoliveira.com.br\/blog\/wp-content\/uploads\/2020\/01\/image-11.jpeg?fit=500%2C240\" data-orig-size=\"500,240\" data-comments-opened=\"0\" data-image-meta=\"{&quot;aperture&quot;:&quot;0&quot;,&quot;credit&quot;:&quot;&quot;,&quot;camera&quot;:&quot;&quot;,&quot;caption&quot;:&quot;&quot;,&quot;created_timestamp&quot;:&quot;0&quot;,&quot;copyright&quot;:&quot;&quot;,&quot;focal_length&quot;:&quot;0&quot;,&quot;iso&quot;:&quot;0&quot;,&quot;shutter_speed&quot;:&quot;0&quot;,&quot;title&quot;:&quot;&quot;,&quot;orientation&quot;:&quot;0&quot;}\" data-image-title=\"image-11\" data-image-description=\"\" data-image-caption=\"\" data-medium-file=\"https:\/\/i0.wp.com\/blogdalucianaoliveira.com.br\/blog\/wp-content\/uploads\/2020\/01\/image-11.jpeg?fit=300%2C144\" data-large-file=\"https:\/\/i0.wp.com\/blogdalucianaoliveira.com.br\/blog\/wp-content\/uploads\/2020\/01\/image-11.jpeg?fit=500%2C240\" src=\"https:\/\/i0.wp.com\/blogdalucianaoliveira.com.br\/blog\/wp-content\/uploads\/2020\/01\/image-11.jpeg?resize=500%2C240\" alt=\"\" class=\"wp-image-25798\" srcset=\"https:\/\/i0.wp.com\/blogdalucianaoliveira.com.br\/blog\/wp-content\/uploads\/2020\/01\/image-11.jpeg?w=500 500w, https:\/\/i0.wp.com\/blogdalucianaoliveira.com.br\/blog\/wp-content\/uploads\/2020\/01\/image-11.jpeg?resize=300%2C144 300w\" sizes=\"auto, (max-width: 500px) 100vw, 500px\" \/><\/figure>\n\n\n\n<p><strong>247<\/strong>&nbsp;&#8211; Em meio ao canto de &#8220;morte para a Am\u00e9rica&#8221;&nbsp;<a href=\"https:\/\/www.brasil247.com\/mundo\/milhoes-de-iranianos-se-despedem-do-general-soleimani\">entoado pelo povo iraniano nas ruas<\/a>&nbsp;e pelos&nbsp;<a href=\"https:\/\/www.brasil247.com\/mundo\/video-parlamentares-iranianos-cantam-morte-para-a-america\">parlamentares dentro do pr\u00e9dio do Congresso<\/a>&nbsp;do Ir\u00e3 neste domingo 5, nasceu na TV iraniana uma campanha que oferece 80 milh\u00f5es de d\u00f3lares a quem &#8216;conseguir a cabe\u00e7a&#8217; do presidente dos Estados Unidos, Donald Trump.<\/p>\n\n\n\n<!--more-->\n\n\n\n<p>O \u00f3dio tem crescido depois da ordem do assassinato, por parte de Trump, do general iraniano Qassem Soleimani, um her\u00f3i local. O governo do Ir\u00e3 &nbsp;prometeu revidar e, pelo Twitter, o presidente dos EUA anunciou que, caso o os americanos sejam atacados, poder\u00e3o reagir &#8220;de maneira desproporcional&#8221;.<\/p>\n\n\n\n<p>Diz o narrador da TV no Ir\u00e3, mostrando imagens dos milh\u00f5es de iranianos que homenagearam Soleimani nas ruas: &#8220;N\u00f3s queremos fazer algo. E se cada pessoa em todo o mundo que apoiar nossa iniciativa em Mashhad &#8211; em nome dos cerca de 80 milh\u00f5es de iranianos &#8211; doar US$ 1 cada, isso daria US$ 80 milh\u00f5es&#8221;.<\/p>\n\n\n\n<p>&#8220;E n\u00f3s dar\u00edamos esses US$ 80 milh\u00f5es, em nosso pr\u00f3prio nome, como um presente para quem trouxesse a cabe\u00e7a da pessoa que ordenou a morte da grande figura da nossa revolu\u00e7\u00e3o&#8221;, prossegue.<\/p>\n\n\n\n<p>&#8220;Cante, se voc\u00ea concorda&#8221;, finaliza o narrador, incentivando o grito de &#8220;Death to America&#8221;, &#8211; ou &#8220;morte para a America&#8221; &#8211; que tem sido entoado pelos iranianos.<\/p>\n\n\n\n<figure class=\"wp-block-image\"><a href=\"https:\/\/twitter.com\/HanifJazayeri\"><img data-recalc-dims=\"1\" decoding=\"async\" src=\"https:\/\/i0.wp.com\/pbs.twimg.com\/profile_images\/884009069090148352\/x2Yt9ATw_bigger.jpg?w=600&#038;ssl=1\" alt=\"\"\/><\/a><\/figure>\n\n\n\n<p><a href=\"https:\/\/twitter.com\/HanifJazayeri\"><strong>M. Hanif Jazayeri<\/strong>@HanifJazayeri<\/a>&nbsp;\u00b7&nbsp;<a href=\"https:\/\/twitter.com\/HanifJazayeri\/status\/1213207515724439554\">3 de jan de 2020<\/a><a href=\"https:\/\/twitter.com\/HanifJazayeri\/status\/1213207515724439554\"><\/a><a href=\"https:\/\/twitter.com\/_\/status\/1213149689132015617\">Respondendo a @HanifJazayeri e 14 outros&nbsp;<\/a><\/p>\n\n\n\n<p>So, Iranians in London are today celebrating the elimination of the world&#8217;s number 1 terrorist Qasem Soleimani.<br><br>Soleimani was a vicious criminal who massacred hundreds of thousands in the region &amp; assisted the crackdown on the <a href=\"https:\/\/twitter.com\/hashtag\/IranProtests?src=hash\">#IranProtests<\/a>. The people of Iran are glad he&#8217;s gone<a href=\"https:\/\/twitter.com\/HanifJazayeri\/status\/1213207515724439554\"><\/a><\/p>\n\n\n\n<figure class=\"wp-block-image\"><a href=\"https:\/\/twitter.com\/HanifJazayeri\"><img data-recalc-dims=\"1\" decoding=\"async\" src=\"https:\/\/i0.wp.com\/pbs.twimg.com\/profile_images\/884009069090148352\/x2Yt9ATw_bigger.jpg?w=600&#038;ssl=1\" alt=\"\"\/><\/a><\/figure>\n\n\n\n<p><a href=\"https:\/\/twitter.com\/HanifJazayeri\"><strong>M. Hanif Jazayeri<\/strong>@HanifJazayeri<\/a><\/p>\n\n\n\n<p>OMG! Iran&#8217;s regime just announced an $80 million bounty for anyone who brings the head of <a href=\"https:\/\/twitter.com\/realDonaldTrump\">@realDonaldTrump<\/a> for killing Soleimani.<br>PS: Iran&#8217;s ppl however are overjoyed at Soleimani&#8217;s death. As the <a href=\"https:\/\/twitter.com\/hashtag\/IranProtests?src=hash\">#IranProtests<\/a> have shown, they long for an end to the mullahs&#8217; tyranny <a href=\"https:\/\/twitter.com\/hashtag\/FreeIran2020?src=hash\">#FreeIran2020<\/a><a href=\"https:\/\/twitter.com\/HanifJazayeri\/status\/1213828450194198528\"><\/a><\/p>\n\n\n\n<p><\/p>\n","protected":false},"excerpt":{"rendered":"<p>247&nbsp;&#8211; Em meio ao canto de &#8220;morte para a Am\u00e9rica&#8221;&nbsp;entoado pelo povo iraniano nas ruas&nbsp;e pelos&nbsp;parlamentares dentro do pr\u00e9dio do Congresso&nbsp;do Ir\u00e3 neste domingo 5, nasceu na TV iraniana uma campanha que oferece 80 milh\u00f5es de d\u00f3lares a quem &#8216;conseguir a cabe\u00e7a&#8217; do presidente dos Estados Unidos, Donald Trump.<\/p>\n","protected":false},"author":1,"featured_media":0,"comment_status":"closed","ping_status":"open","sticky":false,"template":"","format":"standard","meta":{"_exactmetrics_skip_tracking":false,"_exactmetrics_sitenote_active":false,"_exactmetrics_sitenote_note":"","_exactmetrics_sitenote_category":0,"jetpack_post_was_ever_published":false,"_jetpack_newsletter_access":"","_jetpack_dont_email_post_to_subs":false,"_jetpack_newsletter_tier_id":0,"_jetpack_memberships_contains_paywalled_content":false,"_jetpack_memberships_contains_paid_content":false,"footnotes":"","jetpack_publicize_message":"","jetpack_publicize_feature_enabled":true,"jetpack_social_post_already_shared":true,"jetpack_social_options":{"image_generator_settings":{"template":"highway","enabled":false},"version":2}},"categories":[1],"tags":[],"class_list":["post-25797","post","type-post","status-publish","format-standard","hentry","category-notas"],"jetpack_publicize_connections":[],"jetpack_sharing_enabled":true,"jetpack_featured_media_url":"","jetpack_shortlink":"https:\/\/wp.me\/p7wKYW-6I5","jetpack-related-posts":[],"_links":{"self":[{"href":"http:\/\/blogdalucianaoliveira.com.br\/blog\/wp-json\/wp\/v2\/posts\/25797","targetHints":{"allow":["GET"]}}],"collection":[{"href":"http:\/\/blogdalucianaoliveira.com.br\/blog\/wp-json\/wp\/v2\/posts"}],"about":[{"href":"http:\/\/blogdalucianaoliveira.com.br\/blog\/wp-json\/wp\/v2\/types\/post"}],"author":[{"embeddable":true,"href":"http:\/\/blogdalucianaoliveira.com.br\/blog\/wp-json\/wp\/v2\/users\/1"}],"replies":[{"embeddable":true,"href":"http:\/\/blogdalucianaoliveira.com.br\/blog\/wp-json\/wp\/v2\/comments?post=25797"}],"version-history":[{"count":1,"href":"http:\/\/blogdalucianaoliveira.com.br\/blog\/wp-json\/wp\/v2\/posts\/25797\/revisions"}],"predecessor-version":[{"id":25799,"href":"http:\/\/blogdalucianaoliveira.com.br\/blog\/wp-json\/wp\/v2\/posts\/25797\/revisions\/25799"}],"wp:attachment":[{"href":"http:\/\/blogdalucianaoliveira.com.br\/blog\/wp-json\/wp\/v2\/media?parent=25797"}],"wp:term":[{"taxonomy":"category","embeddable":true,"href":"http:\/\/blogdalucianaoliveira.com.br\/blog\/wp-json\/wp\/v2\/categories?post=25797"},{"taxonomy":"post_tag","embeddable":true,"href":"http:\/\/blogdalucianaoliveira.com.br\/blog\/wp-json\/wp\/v2\/tags?post=25797"}],"curies":[{"name":"wp","href":"https:\/\/api.w.org\/{rel}","templated":true}]}}