{"id":25803,"date":"2020-01-06T08:40:43","date_gmt":"2020-01-06T12:40:43","guid":{"rendered":"http:\/\/blogdalucianaoliveira.com.br\/blog\/?p=25803"},"modified":"2020-01-06T08:40:43","modified_gmt":"2020-01-06T12:40:43","slug":"o-analista-de-bage-receberia-bolsonaro-com-um-joelhaco-diz-luis-fernando-verissimo","status":"publish","type":"post","link":"http:\/\/blogdalucianaoliveira.com.br\/blog\/2020\/01\/06\/o-analista-de-bage-receberia-bolsonaro-com-um-joelhaco-diz-luis-fernando-verissimo\/","title":{"rendered":"O Analista de Bag\u00e9 receberia Bolsonaro com um joelha\u00e7o, diz Luis Fernando Verissimo"},"content":{"rendered":"\n<figure class=\"wp-block-image size-large\"><img data-recalc-dims=\"1\" loading=\"lazy\" decoding=\"async\" width=\"600\" height=\"400\" data-attachment-id=\"25804\" data-permalink=\"http:\/\/blogdalucianaoliveira.com.br\/blog\/2020\/01\/06\/o-analista-de-bage-receberia-bolsonaro-com-um-joelhaco-diz-luis-fernando-verissimo\/image-13-3\/\" data-orig-file=\"https:\/\/i0.wp.com\/blogdalucianaoliveira.com.br\/blog\/wp-content\/uploads\/2020\/01\/image-13.jpeg?fit=768%2C512\" data-orig-size=\"768,512\" data-comments-opened=\"0\" data-image-meta=\"{&quot;aperture&quot;:&quot;0&quot;,&quot;credit&quot;:&quot;&quot;,&quot;camera&quot;:&quot;&quot;,&quot;caption&quot;:&quot;&quot;,&quot;created_timestamp&quot;:&quot;0&quot;,&quot;copyright&quot;:&quot;&quot;,&quot;focal_length&quot;:&quot;0&quot;,&quot;iso&quot;:&quot;0&quot;,&quot;shutter_speed&quot;:&quot;0&quot;,&quot;title&quot;:&quot;&quot;,&quot;orientation&quot;:&quot;0&quot;}\" data-image-title=\"image-13\" data-image-description=\"\" data-image-caption=\"\" data-medium-file=\"https:\/\/i0.wp.com\/blogdalucianaoliveira.com.br\/blog\/wp-content\/uploads\/2020\/01\/image-13.jpeg?fit=300%2C200\" data-large-file=\"https:\/\/i0.wp.com\/blogdalucianaoliveira.com.br\/blog\/wp-content\/uploads\/2020\/01\/image-13.jpeg?fit=600%2C400\" src=\"https:\/\/i0.wp.com\/blogdalucianaoliveira.com.br\/blog\/wp-content\/uploads\/2020\/01\/image-13.jpeg?resize=600%2C400\" alt=\"\" class=\"wp-image-25804\" srcset=\"https:\/\/i0.wp.com\/blogdalucianaoliveira.com.br\/blog\/wp-content\/uploads\/2020\/01\/image-13.jpeg?w=768 768w, https:\/\/i0.wp.com\/blogdalucianaoliveira.com.br\/blog\/wp-content\/uploads\/2020\/01\/image-13.jpeg?resize=300%2C200 300w, https:\/\/i0.wp.com\/blogdalucianaoliveira.com.br\/blog\/wp-content\/uploads\/2020\/01\/image-13.jpeg?resize=450%2C300 450w\" sizes=\"auto, (max-width: 600px) 100vw, 600px\" \/><\/figure>\n\n\n\n<p>Escritor diz n\u00e3o entender &#8216;como uma pessoa que enxerga o pa\u00eds \u00e0 sua volta, vive suas desigualdades e sabe a causa das suas mis\u00e9rias pode n\u00e3o ser de esquerda&#8217;<\/p>\n\n\n\n<!--more-->\n\n\n\n<p><strong><a href=\"https:\/\/www1.folha.uol.com.br\/autores\/roberto-dias.shtml\">Roberto Dias<\/a><\/strong><strong>S\u00c3O PAULO<\/strong><\/p>\n\n\n\n<p>A convite da&nbsp;<strong>Folha<\/strong>, Luis Fernando Verissimo imaginou como atuaria o Analista de Bag\u00e9 diante de alguns temas contempor\u00e2neos.<\/p>\n\n\n\n<p>Por exemplo: Jair Bolsonaro. O presidente seria recebido no consult\u00f3rio com uma das cl\u00e1ssicas joelhadas de um dos mais famosos personagens criados pelo escritor ga\u00facho.<\/p>\n\n\n\n<p>Lan\u00e7ado em 1981, o &#8220;Analista&#8221; foi um sucesso instant\u00e2neo. Psicanalista heterodoxo, de tra\u00e7os ga\u00fachos marcantes, o personagem ganhou um monumento em Bag\u00e9. Al\u00e9m de uma do pr\u00f3prio Verissimo, h\u00e1 est\u00e1tuas do Analista e de sua secret\u00e1ria, Lindaura, fundamental para ajud\u00e1-lo a resolver os casos mais complicados.<\/p>\n\n\n\n<p>Aos 83 anos, Verissimo reclama dos males do corpo, mas n\u00e3o deveria ter nenhum motivo para se queixar da mente. Est\u00e1 intacto o pensamento agu\u00e7ado e bem-humorado que fez dele um dos mais populares escritores brasileiros.<\/p>\n\n\n\n<p>Sua fama o transformou numa v\u00edtima frequente de fake news nas redes sociais.&nbsp;<a href=\"https:\/\/www1.folha.uol.com.br\/ilustrada\/2018\/11\/ja-fui-muito-elogiado-pelo-que-nunca-escrevi-diz-luis-fernando-verissimo.shtml\">&#8220;J\u00e1 fui muito elogiado pelo que nunca escrevi&#8221;<\/a>, afirmou ele \u00e0&nbsp;<strong>Folha<\/strong>&nbsp;h\u00e1 dois anos.<\/p>\n\n\n\n<p>Nesta conversa, Verissimo escreveu. Optou por fazer a entrevista por email, ap\u00f3s um encontro em S\u00e3o Paulo \u2013onde ele participaria de uma homenagem ao pai, o tamb\u00e9m escritor Erico Verissimo (1905-1975).<\/p>\n\n\n\n<p>\u00c0 sa\u00edda, diante do elevador, o rep\u00f3rter disse \u00e0 mulher de Verissimo, L\u00facia Helena, e \u00e0s filhas Mariana e Fernanda que compreendia a op\u00e7\u00e3o pelo formato da entrevista: &#8220;Se eu escrevesse como ele, tamb\u00e9m preferiria responder por escrito&#8221;.<\/p>\n\n\n\n<p>*<\/p>\n\n\n\n<p><strong>Como seria uma consulta de Jair Bolsonaro com o Analista de Bag\u00e9?&nbsp;<\/strong>O Analista receberia o Bolsonaro com um joelha\u00e7o, para inveja de muita gente.<\/p>\n\n\n\n<p><strong>E se Olavo de Carvalho estivesse na antessala com Lindaura, que indica\u00e7\u00e3o ela daria ao Analista?&nbsp;<\/strong>Ela avisaria: &#8220;esse veio pelo SUS, doutor, que no caso dele quer dizer Sou Uber Sim&#8221;.<\/p>\n\n\n\n<p><strong>O Analista de Bag\u00e9 teria um tratamento para os aspectos que o escritor Luis Fernando Verissimo critica no governo Bolsonaro?&nbsp;<\/strong>Teria, mas envolveria tratamento com \u00e1guas, lobotomias e talvez uma nova elei\u00e7\u00e3o. S\u00e9ria, desta vez.<\/p>\n\n\n\n<p><strong>Para encerrar essa jornada do Analista de Bag\u00e9: como o inventor do personagem narraria, em 2019, uma consulta de um transexual no consult\u00f3rio do Analista? O sr. se sente como o roteirista de &#8216;De Volta para o Futuro&#8217; ao pensar nisso?&nbsp;<\/strong>O transexual procuraria o Analista por estar em revolta contra a sua por\u00e7\u00e3o mulher, o que poderia ser interpretado como homofobia.<\/p>\n\n\n\n<p>Quando as fake news ganharam a visibilidade atual, imagino que o sr. tenha pensado algo como &#8220;bem-vindos ao meu mundo&#8221;. As fake news chegaram a ser engra\u00e7adas para o sr.? Se sim, deixaram de s\u00ea-lo? Quando? Na medida em que s\u00e3o formas de fic\u00e7\u00e3o, as fake news requerem alta dose de criatividade para competir com as news de verdade, estas sim, frequentemente incr\u00edveis.<\/p>\n\n\n\n<p>O Bolsonaro e alguns dos seus ministros s\u00e3o claramente figuras do realismo m\u00e1gico, mas reais.<\/p>\n\n\n\n<figure class=\"wp-block-image\"><img data-recalc-dims=\"1\" decoding=\"async\" src=\"https:\/\/i0.wp.com\/f.i.uol.com.br\/fotografia\/2020\/01\/05\/15782781335e129cf5ab0ad_1578278133_3x2_md.jpg?w=600&#038;ssl=1\" alt=\"\"\/><figcaption>Luis Fernando Verissimo discursa durante a abertura oficial da Flip 2012 &#8211;&nbsp;Adriano Vizoni &#8211; 4.jul.2012\/Folhapress<\/figcaption><\/figure>\n\n\n\n<p>\u200b<strong>Uma hip\u00f3tese: o sr. recebe muito mais coment\u00e1rios de leitores quando escreve sobre temas pol\u00edticos do que sobre outro assunto. Se certa a hip\u00f3tese, isso faz sentido? Por que tamanho fasc\u00ednio das pessoas em discutir pol\u00edtica?&nbsp;<\/strong>A elei\u00e7\u00e3o de um candidato improv\u00e1vel como o Bolsonaro energizou o meio pol\u00edtico. Parafraseando o que disse aquele irm\u00e3o Karam\u00e1zov do Dostoi\u00e9vski sobre a aus\u00eancia de Deus, se um Bolsonaro chegou \u00e0 Presid\u00eancia do Brasil, tudo \u00e9 permitido.<\/p>\n\n\n\n<p><strong>As pessoas mundo afora se cansaram de fazer pol\u00edtica no sentido de ganhar cora\u00e7\u00f5es e mentes?&nbsp;<\/strong>Eu acho que \u00e9 o contr\u00e1rio, grupos que n\u00e3o sonhavam com o sucesso pol\u00edtico, quase sempre de extrema direita, est\u00e3o chegando ao poder pela via eleitoral em v\u00e1rias partes do mundo.<\/p>\n\n\n\n<p><strong>Quando o sr. navega em redes sociais, o que mais chama sua aten\u00e7\u00e3o?&nbsp;<\/strong>O \u00f3dio das pessoas. Prova do que eu sempre digo: o mundo n\u00e3o \u00e9 mau, \u00e9 s\u00f3 muito mal frequentado.<\/p>\n\n\n\n<p><strong>\u00c9 cansativo ser de esquerda? Ou seria mais cansativo n\u00e3o ser de esquerda?&nbsp;<\/strong>Talvez ingenuamente, eu n\u00e3o entendo como uma pessoa que enxerga o pa\u00eds \u00e0 sua volta, vive suas desigualdades e sabe a causa das suas mis\u00e9rias pode n\u00e3o ser de esquerda. Ser de esquerda n\u00e3o \u00e9 uma op\u00e7\u00e3o, \u00e9 uma decorr\u00eancia. Mas que \u00e0s vezes desanima, desanima.<\/p>\n\n\n\n<p><strong>Como o sr. escolhe um tema para escrever uma coluna no jornal?&nbsp;<\/strong>A cr\u00f4nica, ou a coluna, nos permite variar de assuntos e chamar o que sair de cr\u00f4nica. N\u00e3o nos obriga nem a ser coerentes na escolha do tom, do &#8220;approach&#8221; como dizem na Mooca, ou do estilo. Pelo menos eu n\u00e3o me sinto obrigado.<\/p>\n\n\n\n<p><strong>Como \u00e9 ser convidado a opinar sobre tudo? O sr. se imp\u00f5e limites? (Por favor, n\u00e3o os estabele\u00e7a nesta entrevista).<\/strong>&nbsp;\u00c9 bom ter a liberdade de opinar sobre tudo, dentro dos limites da clareza e do bom senso que voc\u00ea mesmo se imp\u00f5e. Eu comecei a ter um espa\u00e7o assinado em jornal em 1969. \u00c9poca do M\u00e9dici, da censura \u00e0 imprensa, dos assuntos proibidos. Sei bem como era.<\/p>\n\n\n\n<p>\u00c9 triste constatar que voltam a falar em controle da m\u00eddia e amea\u00e7ar com uma nova edi\u00e7\u00e3o do AI-5. No Brasil a nostalgia \u00e9 uma for\u00e7a politica ainda a ser estudada.<\/p>\n\n\n\n<p><strong>A possibilidade de o leitor reagir a qualquer mensagem hoje \u00e9 muito maior. Em que medida isso altera a mensagem original? Quem escreve pode ficar com medo da pol\u00eamica? Ou, ao rev\u00e9s, escreve t\u00e3o somente para procur\u00e1-la?<\/strong>\u00a0N\u00e3o se deve escrever com medo da rea\u00e7\u00e3o e da pol\u00eamica, ou atr\u00e1s da rea\u00e7\u00e3o e da pol\u00eamica. Deve-se aproveitar a liberdade que existe hoje, com todas as restri\u00e7\u00f5es econ\u00f4micas combinadas com a revolu\u00e7\u00e3o tecnol\u00f3gica que afetam os jornais e os jornalistas, antes que os censores e os nost\u00e1lgicos voltem.<\/p>\n\n\n\n<p><strong>O sr. l\u00ea as mensagens que recebe?&nbsp;<\/strong>S\u00f3 os elogios.<\/p>\n\n\n\n<p><strong>O sr. gosta de lembrar que a medicina melhorou. E a literatura: melhorou?&nbsp;<\/strong>N\u00e3o estou capacitado para responder. Leio sempre com prazer o Milton Hatoum e o S\u00e9rgio Rodrigues, estou lendo o \u00faltimo Le Carr\u00e9 e o&nbsp;<a href=\"https:\/\/www1.folha.uol.com.br\/ilustrada\/2019\/11\/tensoes-do-brasil-sob-bolsonaro-temperam-novo-livro-de-chico-buarque.shtml\">\u00faltimo Chico Buarque<\/a>&nbsp;est\u00e1 na fila, mas n\u00e3o sou mais o leitor voraz e omn\u00edvoro que fui um dia.<\/p>\n\n\n\n<p><strong>A despeito de ela ter ou n\u00e3o melhorado, os escritores, como conjunto, t\u00eam menos impacto na sociedade do que j\u00e1 tiveram antes. Isso \u00e9 irrevers\u00edvel?<\/strong>&nbsp;Os escritores n\u00e3o t\u00eam mais o impacto que j\u00e1 tiveram na sociedade? N\u00e3o sei. Talvez os atuais cronistas, como o time de humoristas da Folha, estejam recuperando o impacto que tiveram Rubem Braga, Paulo Mendes Campos, Fernando Sabino e Ant\u00f4nio Maria, na \u00e9poca cl\u00e1ssica da nossa cr\u00f4nica.<\/p>\n\n\n\n<p><strong>Voltando \u00e0s fake news: elas s\u00e3o literatura? O que as aproxima ou as distancia disso?&nbsp;<\/strong>As fake news que funcionam como fatos falsos e mentiras convincentes obviamente fracassam como literatura.<\/p>\n\n\n\n<p><strong>O sr. costuma ouvir poesia em podcast? O que lhe parece?<\/strong>&nbsp;Ou\u00e7o e leio pouca poesia. Culpa minha, n\u00e3o da poesia.<\/p>\n\n\n\n<p><strong>Quantos livros uma crian\u00e7a deveria ler? Quais? Que roteiro b\u00e1sico o sr. indicaria a um pai de uma crian\u00e7a de, digamos, dez anos, que lhe perguntasse isso de bate-pronto?&nbsp;<\/strong>Os livros infantis ficaram muito bonitos, acho que a fun\u00e7\u00e3o do pai ou do av\u00f4 deve ser a de fornecer beleza, torn\u00e1-la dispon\u00edvel e deixar o ato da descoberta para a crian\u00e7a.<\/p>\n\n\n\n<p><strong>O sr. acredita que os v\u00eddeos assumiram ou assumir\u00e3o o lugar dos livros na transmiss\u00e3o do conhecimento?<\/strong>&nbsp;\u00c9 a velha quest\u00e3o do ve\u00edculo e do conte\u00fado, que existe desde os tabletes de barro da Mesopot\u00e2mia. O que \u00e9 mais importante, ve\u00edculo ou conte\u00fado?<\/p>\n\n\n\n<p>Um texto numa tela de computador ou num v\u00eddeo ainda \u00e9 um texto, no caso o conte\u00fado \u00e9 que vale. Ou o texto em qualquer outro ve\u00edculo que n\u00e3o seja papiro, papel ou Kindle \u00e9 inadmiss\u00edvel? Se o livro como n\u00f3s o conhecemos e amamos vai desaparecer \u00e9 outra quest\u00e3o. J\u00e1 anunciaram a morte do livro v\u00e1rias vezes, mas era sempre boato.<\/p>\n\n\n\n<p><strong>\u00c9 poss\u00edvel manter a profundidade de um livro num v\u00eddeo?<\/strong>&nbsp;\u00c9. Depende do valor do conte\u00fado, n\u00e3o da natureza do ve\u00edculo.<\/p>\n\n\n\n<p><strong>Como isso pode impactar a maneira como as pessoas raciocinam?&nbsp;<\/strong>Est\u00e3o dizendo que num futuro pr\u00f3ximo os rob\u00f4s raciocinar\u00e3o por n\u00f3s, portanto essa quest\u00e3o estar\u00e1 resolvida.<\/p>\n\n\n\n<p><strong>Escrever no celular algo para publica\u00e7\u00e3o: n\u00e3o vou perguntar ao sr. se esse outro mundo \u00e9 poss\u00edvel porque eu mesmo o fa\u00e7o. Mas pergunto o seguinte: que consequ\u00eancias isso tem no que escrevemos?&nbsp;<\/strong>O principal \u00e9 n\u00e3o nos deixarmos intimidar pela t\u00e9cnica, esquecermos o ve\u00edculo e nos concentrarmos no texto.<\/p>\n\n\n\n<p><strong>Como o sr. consome informa\u00e7\u00e3o jornal\u00edstica?&nbsp;<\/strong>Zero Hora, Estad\u00e3o,&nbsp;<strong>Folha<\/strong>&nbsp;e Globo pela ordem de entrega em casa, The New York Times, The Guardian, a revista The New Yorker, TV.<\/p>\n\n\n\n<p><strong>E n\u00e3o jornal\u00edstica: como o o sr. consome fic\u00e7\u00e3o? Em que plataformas?<\/strong>&nbsp;Confesso, envergonhado, que tenho lido pouca fic\u00e7\u00e3o, al\u00e9m da j\u00e1 citada. Plataforma zero.<\/p>\n\n\n\n<p><strong>A fotografia mais e mais trocou um papel de registro por um de comunica\u00e7\u00e3o \u2013informar instantaneamente algo a outras pessoas. O texto sofreu transforma\u00e7\u00e3o parecida? Ou, pelo contr\u00e1rio, as redes fizeram um desservi\u00e7o \u00e0 escrita?<\/strong>&nbsp;Na medida em que voltamos ao texto telegr\u00e1fico e a signos em vez de palavras acho que houve, sim, um desservi\u00e7o \u00e0 escrita tradicional, que depende de tempo e espa\u00e7o para se desenvolver e se explicar.<\/p>\n\n\n\n<p><strong>E os desenhos, como quadrinhos e charges? Eles ter\u00e3o espa\u00e7o razo\u00e1vel no mundo digital?<\/strong>&nbsp;A charge \u00e9 uma das tradi\u00e7\u00f5es mais antigas e perenes do jornalismo internacional e continua forte na sua capacidade de resumir uma opini\u00e3o ou um &#8220;insight&#8221; como faz desde o s\u00e9culo 18.<\/p>\n\n\n\n<p><strong>O que ser\u00e1 a tradu\u00e7\u00e3o do papel das cartas nas artes em, digamos, 50 anos. A troca de tu\u00edtes? No que o ato de escrever uma carta \u00e9 diferente disso?&nbsp;<\/strong>Os rob\u00f4s saber\u00e3o o que fazer.<\/p>\n\n\n\n<p><strong>O futebol brasileiro ainda existe?&nbsp;<\/strong>O futebol brasileiro hoje parece ser o Flamengo com um deserto em volta.<\/p>\n\n\n\n<p><strong>O que o sr. faz para tentar chegar bem at\u00e9 os cem anos?&nbsp;<\/strong>Vamos com calma. Quando chegar aos 99, eu revelo como foi.<\/p>\n","protected":false},"excerpt":{"rendered":"<p>Escritor diz n\u00e3o entender &#8216;como uma pessoa que enxerga o pa\u00eds \u00e0 sua volta, vive suas desigualdades e sabe a causa das suas mis\u00e9rias pode n\u00e3o ser de esquerda&#8217;<\/p>\n","protected":false},"author":1,"featured_media":0,"comment_status":"closed","ping_status":"open","sticky":false,"template":"","format":"standard","meta":{"_exactmetrics_skip_tracking":false,"_exactmetrics_sitenote_active":false,"_exactmetrics_sitenote_note":"","_exactmetrics_sitenote_category":0,"jetpack_post_was_ever_published":false,"_jetpack_newsletter_access":"","_jetpack_dont_email_post_to_subs":false,"_jetpack_newsletter_tier_id":0,"_jetpack_memberships_contains_paywalled_content":false,"_jetpack_memberships_contains_paid_content":false,"footnotes":"","jetpack_publicize_message":"","jetpack_publicize_feature_enabled":true,"jetpack_social_post_already_shared":true,"jetpack_social_options":{"image_generator_settings":{"template":"highway","enabled":false},"version":2}},"categories":[1],"tags":[],"class_list":["post-25803","post","type-post","status-publish","format-standard","hentry","category-notas"],"jetpack_publicize_connections":[],"jetpack_sharing_enabled":true,"jetpack_featured_media_url":"","jetpack_shortlink":"https:\/\/wp.me\/p7wKYW-6Ib","jetpack-related-posts":[],"_links":{"self":[{"href":"http:\/\/blogdalucianaoliveira.com.br\/blog\/wp-json\/wp\/v2\/posts\/25803","targetHints":{"allow":["GET"]}}],"collection":[{"href":"http:\/\/blogdalucianaoliveira.com.br\/blog\/wp-json\/wp\/v2\/posts"}],"about":[{"href":"http:\/\/blogdalucianaoliveira.com.br\/blog\/wp-json\/wp\/v2\/types\/post"}],"author":[{"embeddable":true,"href":"http:\/\/blogdalucianaoliveira.com.br\/blog\/wp-json\/wp\/v2\/users\/1"}],"replies":[{"embeddable":true,"href":"http:\/\/blogdalucianaoliveira.com.br\/blog\/wp-json\/wp\/v2\/comments?post=25803"}],"version-history":[{"count":1,"href":"http:\/\/blogdalucianaoliveira.com.br\/blog\/wp-json\/wp\/v2\/posts\/25803\/revisions"}],"predecessor-version":[{"id":25805,"href":"http:\/\/blogdalucianaoliveira.com.br\/blog\/wp-json\/wp\/v2\/posts\/25803\/revisions\/25805"}],"wp:attachment":[{"href":"http:\/\/blogdalucianaoliveira.com.br\/blog\/wp-json\/wp\/v2\/media?parent=25803"}],"wp:term":[{"taxonomy":"category","embeddable":true,"href":"http:\/\/blogdalucianaoliveira.com.br\/blog\/wp-json\/wp\/v2\/categories?post=25803"},{"taxonomy":"post_tag","embeddable":true,"href":"http:\/\/blogdalucianaoliveira.com.br\/blog\/wp-json\/wp\/v2\/tags?post=25803"}],"curies":[{"name":"wp","href":"https:\/\/api.w.org\/{rel}","templated":true}]}}