{"id":25806,"date":"2020-01-06T11:50:22","date_gmt":"2020-01-06T15:50:22","guid":{"rendered":"http:\/\/blogdalucianaoliveira.com.br\/blog\/?p=25806"},"modified":"2020-01-06T11:50:22","modified_gmt":"2020-01-06T15:50:22","slug":"skaf-recebe-durissima-critica-por-associar-a-fiesp-ao-neofascismo-de-bolsonaro","status":"publish","type":"post","link":"http:\/\/blogdalucianaoliveira.com.br\/blog\/2020\/01\/06\/skaf-recebe-durissima-critica-por-associar-a-fiesp-ao-neofascismo-de-bolsonaro\/","title":{"rendered":"Skaf recebe dur\u00edssima cr\u00edtica por associar a Fiesp ao neofascismo de Bolsonaro"},"content":{"rendered":"\n<p><\/p>\n\n\n\n<figure class=\"wp-block-image size-large\"><img data-recalc-dims=\"1\" loading=\"lazy\" decoding=\"async\" width=\"500\" height=\"240\" data-attachment-id=\"25807\" data-permalink=\"http:\/\/blogdalucianaoliveira.com.br\/blog\/2020\/01\/06\/skaf-recebe-durissima-critica-por-associar-a-fiesp-ao-neofascismo-de-bolsonaro\/image-14-3\/\" data-orig-file=\"https:\/\/i0.wp.com\/blogdalucianaoliveira.com.br\/blog\/wp-content\/uploads\/2020\/01\/image-14.jpeg?fit=500%2C240\" data-orig-size=\"500,240\" data-comments-opened=\"0\" data-image-meta=\"{&quot;aperture&quot;:&quot;0&quot;,&quot;credit&quot;:&quot;&quot;,&quot;camera&quot;:&quot;&quot;,&quot;caption&quot;:&quot;&quot;,&quot;created_timestamp&quot;:&quot;0&quot;,&quot;copyright&quot;:&quot;&quot;,&quot;focal_length&quot;:&quot;0&quot;,&quot;iso&quot;:&quot;0&quot;,&quot;shutter_speed&quot;:&quot;0&quot;,&quot;title&quot;:&quot;&quot;,&quot;orientation&quot;:&quot;0&quot;}\" data-image-title=\"image-14\" data-image-description=\"\" data-image-caption=\"\" data-medium-file=\"https:\/\/i0.wp.com\/blogdalucianaoliveira.com.br\/blog\/wp-content\/uploads\/2020\/01\/image-14.jpeg?fit=300%2C144\" data-large-file=\"https:\/\/i0.wp.com\/blogdalucianaoliveira.com.br\/blog\/wp-content\/uploads\/2020\/01\/image-14.jpeg?fit=500%2C240\" src=\"https:\/\/i0.wp.com\/blogdalucianaoliveira.com.br\/blog\/wp-content\/uploads\/2020\/01\/image-14.jpeg?resize=500%2C240\" alt=\"\" class=\"wp-image-25807\" srcset=\"https:\/\/i0.wp.com\/blogdalucianaoliveira.com.br\/blog\/wp-content\/uploads\/2020\/01\/image-14.jpeg?w=500 500w, https:\/\/i0.wp.com\/blogdalucianaoliveira.com.br\/blog\/wp-content\/uploads\/2020\/01\/image-14.jpeg?resize=300%2C144 300w\" sizes=\"auto, (max-width: 500px) 100vw, 500px\" \/><\/figure>\n\n\n\n<p><strong>247 \u2013\u00a0<\/strong>A ades\u00e3o da Federa\u00e7\u00e3o das Ind\u00fastrias do Estado de S\u00e3o Paulo ao neofascismo representado por Jair Bolsonaro, no momento em que milhares de ind\u00fastrias fecham em S\u00e3o Paulo e no Brasil, mereceu dur\u00edssima cr\u00edtica na Folha de S. Paulo.<\/p>\n\n\n\n<!--more-->\n\n\n\n<p>&#8220;Associando-se ao bolsonarismo, Skaf est\u00e1 amarrando a elite do estado mais din\u00e2mico do Brasil ao que h\u00e1 de mais imundo e atrasado na tradi\u00e7\u00e3o pol\u00edtica brasileira&#8221;, escreveu o colunista Celso Rocha de Barros. &#8220;A vanguarda de nosso empresariado defende o torturador Brilhante Ustra, que introduzia ratos nas vaginas das presas? A locomotiva da na\u00e7\u00e3o d\u00e1 gra\u00e7as a Deus porque Pinochet matou o pai de Michelle Bachelet? H\u00e1 planos para projetar uma placa rasgada com o nome de Marielle Franco na fachada da sede na Paulista? As mil\u00edcias de Rio das Pedras poder\u00e3o se filiar \u00e0 Fiesp? A elite paulista, que j\u00e1 financiou a Semana de Arte Moderna de 1922, a USP e o Masp, agora patrocinar\u00e1 a doen\u00e7a mental de Olavo de Carvalho? Os empreendedores bandeirantes defendem o negacionismo clim\u00e1tico? Ali\u00e1s, que modelo de empreendedorismo os federados de Skaf pretendem oferecer aos jovens paulistas, a startup &#8216;Escrit\u00f3rio do Crime&#8217;?&#8221;, questionou o&nbsp;<a href=\"https:\/\/www1.folha.uol.com.br\/colunas\/celso-rocha-de-barros\/2020\/01\/a-fiesp-e-fascista.shtml\">colunista Celso Rocha de Barros<\/a>.<\/p>\n\n\n\n<p>Skaf tamb\u00e9m tem sido r<em>epudiado por empres\u00e1rios por abandonar a agenda industrial e pensar apenas em seus projetos pol\u00edticos.<\/em><\/p>\n","protected":false},"excerpt":{"rendered":"<p>247 \u2013\u00a0A ades\u00e3o da Federa\u00e7\u00e3o das Ind\u00fastrias do Estado de S\u00e3o Paulo ao neofascismo representado por Jair Bolsonaro, no momento em que milhares de ind\u00fastrias fecham em S\u00e3o Paulo e no Brasil, mereceu dur\u00edssima cr\u00edtica na Folha de S. Paulo.<\/p>\n","protected":false},"author":1,"featured_media":0,"comment_status":"closed","ping_status":"open","sticky":false,"template":"","format":"standard","meta":{"_exactmetrics_skip_tracking":false,"_exactmetrics_sitenote_active":false,"_exactmetrics_sitenote_note":"","_exactmetrics_sitenote_category":0,"jetpack_post_was_ever_published":false,"_jetpack_newsletter_access":"","_jetpack_dont_email_post_to_subs":false,"_jetpack_newsletter_tier_id":0,"_jetpack_memberships_contains_paywalled_content":false,"_jetpack_memberships_contains_paid_content":false,"footnotes":"","jetpack_publicize_message":"","jetpack_publicize_feature_enabled":true,"jetpack_social_post_already_shared":true,"jetpack_social_options":{"image_generator_settings":{"template":"highway","enabled":false},"version":2}},"categories":[1],"tags":[],"class_list":["post-25806","post","type-post","status-publish","format-standard","hentry","category-notas"],"jetpack_publicize_connections":[],"jetpack_sharing_enabled":true,"jetpack_featured_media_url":"","jetpack_shortlink":"https:\/\/wp.me\/p7wKYW-6Ie","jetpack-related-posts":[],"_links":{"self":[{"href":"http:\/\/blogdalucianaoliveira.com.br\/blog\/wp-json\/wp\/v2\/posts\/25806","targetHints":{"allow":["GET"]}}],"collection":[{"href":"http:\/\/blogdalucianaoliveira.com.br\/blog\/wp-json\/wp\/v2\/posts"}],"about":[{"href":"http:\/\/blogdalucianaoliveira.com.br\/blog\/wp-json\/wp\/v2\/types\/post"}],"author":[{"embeddable":true,"href":"http:\/\/blogdalucianaoliveira.com.br\/blog\/wp-json\/wp\/v2\/users\/1"}],"replies":[{"embeddable":true,"href":"http:\/\/blogdalucianaoliveira.com.br\/blog\/wp-json\/wp\/v2\/comments?post=25806"}],"version-history":[{"count":1,"href":"http:\/\/blogdalucianaoliveira.com.br\/blog\/wp-json\/wp\/v2\/posts\/25806\/revisions"}],"predecessor-version":[{"id":25808,"href":"http:\/\/blogdalucianaoliveira.com.br\/blog\/wp-json\/wp\/v2\/posts\/25806\/revisions\/25808"}],"wp:attachment":[{"href":"http:\/\/blogdalucianaoliveira.com.br\/blog\/wp-json\/wp\/v2\/media?parent=25806"}],"wp:term":[{"taxonomy":"category","embeddable":true,"href":"http:\/\/blogdalucianaoliveira.com.br\/blog\/wp-json\/wp\/v2\/categories?post=25806"},{"taxonomy":"post_tag","embeddable":true,"href":"http:\/\/blogdalucianaoliveira.com.br\/blog\/wp-json\/wp\/v2\/tags?post=25806"}],"curies":[{"name":"wp","href":"https:\/\/api.w.org\/{rel}","templated":true}]}}