{"id":25814,"date":"2020-01-07T07:53:21","date_gmt":"2020-01-07T11:53:21","guid":{"rendered":"http:\/\/blogdalucianaoliveira.com.br\/blog\/?p=25814"},"modified":"2020-01-07T07:53:32","modified_gmt":"2020-01-07T11:53:32","slug":"parlamento-do-ira-declara-forcas-armadas-dos-eua-como-terroristas","status":"publish","type":"post","link":"http:\/\/blogdalucianaoliveira.com.br\/blog\/2020\/01\/07\/parlamento-do-ira-declara-forcas-armadas-dos-eua-como-terroristas\/","title":{"rendered":"Parlamento do Ir\u00e3 declara For\u00e7as Armadas dos EUA como &#8216;terroristas&#8217;"},"content":{"rendered":"\n<figure class=\"wp-block-image size-large\"><img data-recalc-dims=\"1\" loading=\"lazy\" decoding=\"async\" width=\"600\" height=\"400\" data-attachment-id=\"25815\" data-permalink=\"http:\/\/blogdalucianaoliveira.com.br\/blog\/2020\/01\/07\/parlamento-do-ira-declara-forcas-armadas-dos-eua-como-terroristas\/image-16-3\/\" data-orig-file=\"https:\/\/i0.wp.com\/blogdalucianaoliveira.com.br\/blog\/wp-content\/uploads\/2020\/01\/image-16.jpeg?fit=768%2C512\" data-orig-size=\"768,512\" data-comments-opened=\"0\" data-image-meta=\"{&quot;aperture&quot;:&quot;0&quot;,&quot;credit&quot;:&quot;&quot;,&quot;camera&quot;:&quot;&quot;,&quot;caption&quot;:&quot;&quot;,&quot;created_timestamp&quot;:&quot;0&quot;,&quot;copyright&quot;:&quot;&quot;,&quot;focal_length&quot;:&quot;0&quot;,&quot;iso&quot;:&quot;0&quot;,&quot;shutter_speed&quot;:&quot;0&quot;,&quot;title&quot;:&quot;&quot;,&quot;orientation&quot;:&quot;0&quot;}\" data-image-title=\"image-16\" data-image-description=\"\" data-image-caption=\"\" data-medium-file=\"https:\/\/i0.wp.com\/blogdalucianaoliveira.com.br\/blog\/wp-content\/uploads\/2020\/01\/image-16.jpeg?fit=300%2C200\" data-large-file=\"https:\/\/i0.wp.com\/blogdalucianaoliveira.com.br\/blog\/wp-content\/uploads\/2020\/01\/image-16.jpeg?fit=600%2C400\" src=\"https:\/\/i0.wp.com\/blogdalucianaoliveira.com.br\/blog\/wp-content\/uploads\/2020\/01\/image-16.jpeg?resize=600%2C400\" alt=\"\" class=\"wp-image-25815\" srcset=\"https:\/\/i0.wp.com\/blogdalucianaoliveira.com.br\/blog\/wp-content\/uploads\/2020\/01\/image-16.jpeg?w=768 768w, https:\/\/i0.wp.com\/blogdalucianaoliveira.com.br\/blog\/wp-content\/uploads\/2020\/01\/image-16.jpeg?resize=300%2C200 300w, https:\/\/i0.wp.com\/blogdalucianaoliveira.com.br\/blog\/wp-content\/uploads\/2020\/01\/image-16.jpeg?resize=450%2C300 450w\" sizes=\"auto, (max-width: 600px) 100vw, 600px\" \/><\/figure>\n\n\n\n<p>Decis\u00e3o ocorre em meio \u00e0 expectativa de retalia\u00e7\u00e3o militar ap\u00f3s o assassinato do general Suleimani<\/p>\n\n\n\n<!--more-->\n\n\n\n<p><strong>TEER\u00c3, KERMAN&nbsp;e&nbsp;DUBAI | AFP&nbsp;e&nbsp;REUTERS<\/strong><\/p>\n\n\n\n<p><\/p>\n\n\n\n<p><br>Parlamento do Ir\u00e3 aprovou nesta ter\u00e7a-feira (7) uma lei que designa as For\u00e7as Armadas dos Estados Unidos como \u201cterroristas\u201d, sinalizando uma\u00a0<a href=\"https:\/\/www1.folha.uol.com.br\/mundo\/2020\/01\/alta-tensao-abre-uma-janela-para-teera-que-tem-forcas-inferiores.shtml\">escalada da tens\u00e3o no Oriente M\u00e9dio<\/a>.<\/p>\n\n\n\n<p>A decis\u00e3o do regime de Teer\u00e3 ocorre em meio \u00e0 expectativa de retalia\u00e7\u00e3o militar contra alvos dos EUA ap\u00f3s o\u00a0<a href=\"https:\/\/www1.folha.uol.com.br\/mundo\/2020\/01\/ataque-contra-aeroporto-de-bagda-mata-general-do-ira-e-lider-de-milicia-iraquiana.shtml\">assassinato do general Qassim Suleimani<\/a>, uma das principais autoridades do pa\u00eds persa, em um bombardeio americano no Iraque na semana passada.<\/p>\n\n\n\n<p>A medida aprovada pelos parlamentares iranianos diz que qualquer ajuda ao Ex\u00e9rcito americano \u201cser\u00e1 considerada\u00a0coopera\u00e7\u00e3o com um ato terrorista\u201d. O texto \u00e9 uma emenda a uma lei votada em abril que descreve os EUA como um pa\u00eds \u201cpatrocinador do terrorismo\u201d.<\/p>\n\n\n\n<p>O Parlamento tamb\u00e9m autorizou um aporte de \u20ac 200 milh\u00f5es (aproximadamente R$ 910 milh\u00f5es) destinado \u00e0s for\u00e7as Quds, grupo de elite da Guarda Revolucion\u00e1ria que opera no exterior e que era comandado por Suleimani at\u00e9 a sua morte.<\/p>\n\n\n\n<p>Tamb\u00e9m nesta ter\u00e7a-feira, o Conselho Supremo de Seguran\u00e7a Nacional do Ir\u00e3 disse avaliar diversos \u201ccen\u00e1rios de vingan\u00e7a\u201d contra os EUA.<\/p>\n\n\n\n<p>\u201cAt\u00e9 agora n\u00f3s discutimos no conselho 13 cen\u00e1rios de vingan\u00e7a, e que mesmo que haja consenso em torno do cen\u00e1rio mais moderado sua realiza\u00e7\u00e3o poder\u00e1 ser um pesadelo para os americanos\u201d, declarou o secret\u00e1rio do organismo, Ali Shamkhani, de acordo com a ag\u00eancia de not\u00edcias semioficial Fars.<\/p>\n\n\n\n<p><strong>FUNERAL<\/strong><\/p>\n\n\n\n<p>O corpo do general Suleimani chegou nesta ter\u00e7a a Kerman, sua cidade natal, onde ser\u00e1 enterrado. O evento foi acompanhado por uma multid\u00e3o, repetindo as cenas registradas nos \u00faltimos dias em&nbsp;<a href=\"https:\/\/www1.folha.uol.com.br\/mundo\/2020\/01\/funeral-de-soleimani-leva-milhares-as-ruas-de-teera-filha-diz-que-eua-terao-dias-escuros.shtml\">cortejo f\u00fanebre<\/a>&nbsp;em outras partes do Ir\u00e3. Houve um tumulto e&nbsp;<a href=\"https:\/\/www1.folha.uol.com.br\/mundo\/2020\/01\/tumulto-em-funeral-de-general-iraniano-deixa-ao-menos-35-mortos-em-sua-cidade-natal.shtml\">ao menos 35 pessoas morreram<\/a>.&nbsp;<\/p>\n\n\n\n<p>\u201cNossa vontade \u00e9 firme. Dizemos aos nossos inimigos que nos vingaremos e que se [atacarem novamente] incendiaremos aquilo que eles amam\u201d, disse na cerim\u00f4nia em Kerman o comandante interino da Guarda Revolucion\u00e1ria, Hosein Salami.<\/p>\n\n\n\n<p>Suleimani foi morto na sexta-feira (3), quando seu comboio foi atingido por um m\u00edssil disparado por um drone americano pr\u00f3ximo ao aeroporto de Bagd\u00e1, no Iraque. Arquiteto da estrat\u00e9gia militar iraniana para o Oriente M\u00e9dio, o general \u00e9 considerado um her\u00f3i nacional.<\/p>\n\n\n\n<p>Suleimani&nbsp;<a href=\"https:\/\/www1.folha.uol.com.br\/mundo\/2020\/01\/quem-foi-qassem-soleimani-general-iraniano-morto-pelos-eua.shtml\">liderava havia mais de 20 anos a for\u00e7a Quds, bra\u00e7o de elite da Guarda Revolucion\u00e1ria do Ir\u00e3<\/a>&nbsp;respons\u00e1vel pelo servi\u00e7o de intelig\u00eancia e por conduzir opera\u00e7\u00f5es militares secretas no exterior.<\/p>\n\n\n\n<p>Pr\u00f3ximo do aiatol\u00e1 Khamenei, Suleimani era um dos nomes mais cotados para suced\u00ea-lo no comando do pa\u00eds, segundo o jornal The New York Times \u2014o l\u00edder supremo iraniano tem 80 anos.&nbsp;<\/p>\n\n\n\n<p>Para Washington, Suleimani era o idealizador da estrat\u00e9gia de apoiar mil\u00edcias no Iraque e na S\u00edria contra as tropas americanas. Por isso, o governo dos EUA culpava o general pela morte de at\u00e9 700 militares do pa\u00eds nos \u00faltimos anos.<\/p>\n\n\n\n<p>A a\u00e7\u00e3o dos EUA aumentou a tens\u00e3o no Oriente M\u00e9dio. O Ir\u00e3 prometeu se vingar e&nbsp;<a href=\"https:\/\/www1.folha.uol.com.br\/mundo\/2020\/01\/ira-anuncia-que-nao-vai-mais-cumprir-acordo-nuclear.shtml\">disse que n\u00e3o respeitar\u00e1 mais os limites&nbsp;<\/a>do acordo internacional pelo qual se comprometia a conter sua capacidade de enriquecimento de ur\u00e2nio. O presidente dos EUA, Donald&nbsp;Trump,&nbsp;<a href=\"https:\/\/www1.folha.uol.com.br\/mundo\/2020\/01\/trump-pode-violar-leis-internacionais-se-atacar-sitios-culturais-iranianos.shtml\">amea\u00e7ou fazer novos ataques<\/a>&nbsp;caso haja&nbsp;<a href=\"https:\/\/www1.folha.uol.com.br\/mundo\/2020\/01\/alta-tensao-abre-uma-janela-para-teera-que-tem-forcas-inferiores.shtml\">retalia\u00e7\u00f5es por parte do pa\u00eds persa<\/a>.&nbsp;<\/p>\n\n\n\n<figure><iframe loading=\"lazy\" src=\"https:\/\/arte.folha.uol.com.br\/mundo\/2020\/01\/03\/escalada-da-tensao-iraque\/?initialWidth=1&amp;childId=infographic-1&amp;parentTitle=Parlamento%20do%20Ir%C3%A3%20declara%20For%C3%A7as%20Armadas%20dos%20EUA%20como%20%27terroristas%27%20-%2007%2F01%2F2020%20-%20Mundo%20-%20Folha&amp;parentUrl=https%3A%2F%2Fwww1.folha.uol.com.br%2Fmundo%2F2020%2F01%2Fparlamento-do-ira-declara-forcas-armadas-dos-eua-como-terroristas.shtml\" width=\"100%\" height=\"3600px\"><\/iframe><\/figure>\n\n\n\n<p><\/p>\n","protected":false},"excerpt":{"rendered":"<p>Decis\u00e3o ocorre em meio \u00e0 expectativa de retalia\u00e7\u00e3o militar ap\u00f3s o assassinato do general Suleimani<\/p>\n","protected":false},"author":1,"featured_media":0,"comment_status":"closed","ping_status":"open","sticky":false,"template":"","format":"standard","meta":{"_exactmetrics_skip_tracking":false,"_exactmetrics_sitenote_active":false,"_exactmetrics_sitenote_note":"","_exactmetrics_sitenote_category":0,"jetpack_post_was_ever_published":false,"_jetpack_newsletter_access":"","_jetpack_dont_email_post_to_subs":false,"_jetpack_newsletter_tier_id":0,"_jetpack_memberships_contains_paywalled_content":false,"_jetpack_memberships_contains_paid_content":false,"footnotes":"","jetpack_publicize_message":"","jetpack_publicize_feature_enabled":true,"jetpack_social_post_already_shared":true,"jetpack_social_options":{"image_generator_settings":{"template":"highway","enabled":false},"version":2}},"categories":[1],"tags":[],"class_list":["post-25814","post","type-post","status-publish","format-standard","hentry","category-notas"],"jetpack_publicize_connections":[],"jetpack_sharing_enabled":true,"jetpack_featured_media_url":"","jetpack_shortlink":"https:\/\/wp.me\/p7wKYW-6Im","jetpack-related-posts":[],"_links":{"self":[{"href":"http:\/\/blogdalucianaoliveira.com.br\/blog\/wp-json\/wp\/v2\/posts\/25814","targetHints":{"allow":["GET"]}}],"collection":[{"href":"http:\/\/blogdalucianaoliveira.com.br\/blog\/wp-json\/wp\/v2\/posts"}],"about":[{"href":"http:\/\/blogdalucianaoliveira.com.br\/blog\/wp-json\/wp\/v2\/types\/post"}],"author":[{"embeddable":true,"href":"http:\/\/blogdalucianaoliveira.com.br\/blog\/wp-json\/wp\/v2\/users\/1"}],"replies":[{"embeddable":true,"href":"http:\/\/blogdalucianaoliveira.com.br\/blog\/wp-json\/wp\/v2\/comments?post=25814"}],"version-history":[{"count":1,"href":"http:\/\/blogdalucianaoliveira.com.br\/blog\/wp-json\/wp\/v2\/posts\/25814\/revisions"}],"predecessor-version":[{"id":25816,"href":"http:\/\/blogdalucianaoliveira.com.br\/blog\/wp-json\/wp\/v2\/posts\/25814\/revisions\/25816"}],"wp:attachment":[{"href":"http:\/\/blogdalucianaoliveira.com.br\/blog\/wp-json\/wp\/v2\/media?parent=25814"}],"wp:term":[{"taxonomy":"category","embeddable":true,"href":"http:\/\/blogdalucianaoliveira.com.br\/blog\/wp-json\/wp\/v2\/categories?post=25814"},{"taxonomy":"post_tag","embeddable":true,"href":"http:\/\/blogdalucianaoliveira.com.br\/blog\/wp-json\/wp\/v2\/tags?post=25814"}],"curies":[{"name":"wp","href":"https:\/\/api.w.org\/{rel}","templated":true}]}}