{"id":25817,"date":"2020-01-07T08:01:12","date_gmt":"2020-01-07T12:01:12","guid":{"rendered":"http:\/\/blogdalucianaoliveira.com.br\/blog\/?p=25817"},"modified":"2020-01-07T08:01:19","modified_gmt":"2020-01-07T12:01:19","slug":"bolsonaro-faz-pedalada-e-usa-verba-de-aposentadoria-e-pensoes-para-pagar-13o-do-bolsa-familia","status":"publish","type":"post","link":"http:\/\/blogdalucianaoliveira.com.br\/blog\/2020\/01\/07\/bolsonaro-faz-pedalada-e-usa-verba-de-aposentadoria-e-pensoes-para-pagar-13o-do-bolsa-familia\/","title":{"rendered":"Bolsonaro faz pedalada e usa verba de aposentadoria e pens\u00f5es para pagar 13\u00ba do Bolsa Fam\u00edlia"},"content":{"rendered":"\n<figure class=\"wp-block-image size-large\"><img data-recalc-dims=\"1\" loading=\"lazy\" decoding=\"async\" width=\"500\" height=\"240\" data-attachment-id=\"25818\" data-permalink=\"http:\/\/blogdalucianaoliveira.com.br\/blog\/2020\/01\/07\/bolsonaro-faz-pedalada-e-usa-verba-de-aposentadoria-e-pensoes-para-pagar-13o-do-bolsa-familia\/image-17-3\/\" data-orig-file=\"https:\/\/i0.wp.com\/blogdalucianaoliveira.com.br\/blog\/wp-content\/uploads\/2020\/01\/image-17.jpeg?fit=500%2C240\" data-orig-size=\"500,240\" data-comments-opened=\"0\" data-image-meta=\"{&quot;aperture&quot;:&quot;0&quot;,&quot;credit&quot;:&quot;&quot;,&quot;camera&quot;:&quot;&quot;,&quot;caption&quot;:&quot;&quot;,&quot;created_timestamp&quot;:&quot;0&quot;,&quot;copyright&quot;:&quot;&quot;,&quot;focal_length&quot;:&quot;0&quot;,&quot;iso&quot;:&quot;0&quot;,&quot;shutter_speed&quot;:&quot;0&quot;,&quot;title&quot;:&quot;&quot;,&quot;orientation&quot;:&quot;0&quot;}\" data-image-title=\"image-17\" data-image-description=\"\" data-image-caption=\"\" data-medium-file=\"https:\/\/i0.wp.com\/blogdalucianaoliveira.com.br\/blog\/wp-content\/uploads\/2020\/01\/image-17.jpeg?fit=300%2C144\" data-large-file=\"https:\/\/i0.wp.com\/blogdalucianaoliveira.com.br\/blog\/wp-content\/uploads\/2020\/01\/image-17.jpeg?fit=500%2C240\" src=\"https:\/\/i0.wp.com\/blogdalucianaoliveira.com.br\/blog\/wp-content\/uploads\/2020\/01\/image-17.jpeg?resize=500%2C240\" alt=\"\" class=\"wp-image-25818\" srcset=\"https:\/\/i0.wp.com\/blogdalucianaoliveira.com.br\/blog\/wp-content\/uploads\/2020\/01\/image-17.jpeg?w=500 500w, https:\/\/i0.wp.com\/blogdalucianaoliveira.com.br\/blog\/wp-content\/uploads\/2020\/01\/image-17.jpeg?resize=300%2C144 300w\" sizes=\"auto, (max-width: 500px) 100vw, 500px\" \/><\/figure>\n\n\n\n<p><strong>247 &#8211;&nbsp;<\/strong>Para conseguir pagar a 13\u00aa parcela aos benefici\u00e1rios do Bolsa Fam\u00edlia, Bolsonaro fez uma pedalada. Usou parte da verba que estava prevista para aposentadorias e pens\u00f5es.<\/p>\n\n\n\n<!--more-->\n\n\n\n<p>O governo remanejou o Or\u00e7amento no final do ano passado e retirou recursos de outras \u00e1reas para pagar a 13\u00aa parcela. \u00c9 mais um epis\u00f3dio dos problemas enfrentados sob comando de Jair Bolsonaro, pelo programa social que o governo na verdade pretende destruir.&nbsp;<\/p>\n\n\n\n<p>Sem o aumento dos repasses ao Bolsa Fam\u00edlia, cerca de 1 milh\u00e3o de fam\u00edlias poderiam ficar fora da cobertura em dezembro, que incluiu tamb\u00e9m a 13\u00aa parcela, aponta reportagem do jornalista&nbsp;<a href=\"https:\/\/www1.folha.uol.com.br\/mercado\/2020\/01\/governo-usa-verba-de-aposentadoria-e-pensoes-para-pagar-13o-do-bolsa-familia.shtml\"><strong>Thiago Resende&nbsp;<\/strong><\/a>da Folha de S.Paulo.&nbsp;<\/p>\n\n\n\n<p>A reportagem informa que a cobertura do Bolsa Fam\u00edlia est\u00e1 em queda no governo Bolsonaro. Em dezembro, foi a menor do ano passado: 13,1 milh\u00f5es de fam\u00edlias atendidas.<\/p>\n\n\n\n<p>O Bolsa Fam\u00edlia atende pessoas que vivem em situa\u00e7\u00e3o de extrema pobreza, com renda per capita de at\u00e9 R$ 89 mensais, e pobreza, com renda entre R$ 89,01 e R$ 178 por m\u00eas. O benef\u00edcio m\u00e9dio \u00e9 de R$ 191,08.&nbsp;<\/p>\n\n\n\n<p>Para 2020, a verba \u00e9 ainda menor (R$ 29,5 bilh\u00f5es)ainda n\u00e3o est\u00e1 previsto.<\/p>\n\n\n\n<p>Est\u00e1 em discuss\u00e3o no Congresso Nacional uma extens\u00e3o de benef\u00edcios aos mais pobres. Relator da medida provis\u00f3ria que criou o 13\u00ba do Bolsa Fam\u00edlia para 2019, o senador Randolfe Rodrigues (Rede-AP) quer tornar o benef\u00edcio permanente.&nbsp;<\/p>\n\n\n\n<p>Rodrigues tamb\u00e9m defende a cria\u00e7\u00e3o de uma 13\u00aa parcela para quem recebe o BPC (Benef\u00edcio de Presta\u00e7\u00e3o Continuada), pago a idosos carentes e pessoas com defici\u00eancia. O valor do BPC \u00e9 um sal\u00e1rio m\u00ednimo (R$ 1.039).<\/p>\n\n\n\n<p>O Congresso tem at\u00e9 o fim de mar\u00e7o para aprovar a MP sobre o 13\u00ba do Bolsa Fam\u00edlia.\u200b<\/p>\n","protected":false},"excerpt":{"rendered":"<p>247 &#8211;&nbsp;Para conseguir pagar a 13\u00aa parcela aos benefici\u00e1rios do Bolsa Fam\u00edlia, Bolsonaro fez uma pedalada. Usou parte da verba que estava prevista para aposentadorias e pens\u00f5es.<\/p>\n","protected":false},"author":1,"featured_media":0,"comment_status":"closed","ping_status":"open","sticky":false,"template":"","format":"standard","meta":{"_exactmetrics_skip_tracking":false,"_exactmetrics_sitenote_active":false,"_exactmetrics_sitenote_note":"","_exactmetrics_sitenote_category":0,"jetpack_post_was_ever_published":false,"_jetpack_newsletter_access":"","_jetpack_dont_email_post_to_subs":false,"_jetpack_newsletter_tier_id":0,"_jetpack_memberships_contains_paywalled_content":false,"_jetpack_memberships_contains_paid_content":false,"footnotes":"","jetpack_publicize_message":"","jetpack_publicize_feature_enabled":true,"jetpack_social_post_already_shared":true,"jetpack_social_options":{"image_generator_settings":{"template":"highway","enabled":false},"version":2}},"categories":[1],"tags":[],"class_list":["post-25817","post","type-post","status-publish","format-standard","hentry","category-notas"],"jetpack_publicize_connections":[],"jetpack_sharing_enabled":true,"jetpack_featured_media_url":"","jetpack_shortlink":"https:\/\/wp.me\/p7wKYW-6Ip","jetpack-related-posts":[],"_links":{"self":[{"href":"http:\/\/blogdalucianaoliveira.com.br\/blog\/wp-json\/wp\/v2\/posts\/25817","targetHints":{"allow":["GET"]}}],"collection":[{"href":"http:\/\/blogdalucianaoliveira.com.br\/blog\/wp-json\/wp\/v2\/posts"}],"about":[{"href":"http:\/\/blogdalucianaoliveira.com.br\/blog\/wp-json\/wp\/v2\/types\/post"}],"author":[{"embeddable":true,"href":"http:\/\/blogdalucianaoliveira.com.br\/blog\/wp-json\/wp\/v2\/users\/1"}],"replies":[{"embeddable":true,"href":"http:\/\/blogdalucianaoliveira.com.br\/blog\/wp-json\/wp\/v2\/comments?post=25817"}],"version-history":[{"count":1,"href":"http:\/\/blogdalucianaoliveira.com.br\/blog\/wp-json\/wp\/v2\/posts\/25817\/revisions"}],"predecessor-version":[{"id":25819,"href":"http:\/\/blogdalucianaoliveira.com.br\/blog\/wp-json\/wp\/v2\/posts\/25817\/revisions\/25819"}],"wp:attachment":[{"href":"http:\/\/blogdalucianaoliveira.com.br\/blog\/wp-json\/wp\/v2\/media?parent=25817"}],"wp:term":[{"taxonomy":"category","embeddable":true,"href":"http:\/\/blogdalucianaoliveira.com.br\/blog\/wp-json\/wp\/v2\/categories?post=25817"},{"taxonomy":"post_tag","embeddable":true,"href":"http:\/\/blogdalucianaoliveira.com.br\/blog\/wp-json\/wp\/v2\/tags?post=25817"}],"curies":[{"name":"wp","href":"https:\/\/api.w.org\/{rel}","templated":true}]}}