{"id":25828,"date":"2020-01-07T09:59:44","date_gmt":"2020-01-07T13:59:44","guid":{"rendered":"http:\/\/blogdalucianaoliveira.com.br\/blog\/?p=25828"},"modified":"2020-01-07T10:03:47","modified_gmt":"2020-01-07T14:03:47","slug":"carnaval-do-rio-tera-tom-politico-e-ataques-a-bolsonaro-e-crivella","status":"publish","type":"post","link":"http:\/\/blogdalucianaoliveira.com.br\/blog\/2020\/01\/07\/carnaval-do-rio-tera-tom-politico-e-ataques-a-bolsonaro-e-crivella\/","title":{"rendered":"Carnaval do Rio ter\u00e1 tom pol\u00edtico e ataques a Bolsonaro e Crivella"},"content":{"rendered":"\n<figure class=\"wp-block-image size-large\"><img data-recalc-dims=\"1\" loading=\"lazy\" decoding=\"async\" width=\"600\" height=\"360\" data-attachment-id=\"25829\" data-permalink=\"http:\/\/blogdalucianaoliveira.com.br\/blog\/2020\/01\/07\/carnaval-do-rio-tera-tom-politico-e-ataques-a-bolsonaro-e-crivella\/image-1140\/\" data-orig-file=\"https:\/\/i0.wp.com\/blogdalucianaoliveira.com.br\/blog\/wp-content\/uploads\/2020\/01\/image.png?fit=768%2C461\" data-orig-size=\"768,461\" data-comments-opened=\"0\" data-image-meta=\"{&quot;aperture&quot;:&quot;0&quot;,&quot;credit&quot;:&quot;&quot;,&quot;camera&quot;:&quot;&quot;,&quot;caption&quot;:&quot;&quot;,&quot;created_timestamp&quot;:&quot;0&quot;,&quot;copyright&quot;:&quot;&quot;,&quot;focal_length&quot;:&quot;0&quot;,&quot;iso&quot;:&quot;0&quot;,&quot;shutter_speed&quot;:&quot;0&quot;,&quot;title&quot;:&quot;&quot;,&quot;orientation&quot;:&quot;0&quot;}\" data-image-title=\"image\" data-image-description=\"\" data-image-caption=\"\" data-medium-file=\"https:\/\/i0.wp.com\/blogdalucianaoliveira.com.br\/blog\/wp-content\/uploads\/2020\/01\/image.png?fit=300%2C180\" data-large-file=\"https:\/\/i0.wp.com\/blogdalucianaoliveira.com.br\/blog\/wp-content\/uploads\/2020\/01\/image.png?fit=600%2C360\" src=\"https:\/\/i0.wp.com\/blogdalucianaoliveira.com.br\/blog\/wp-content\/uploads\/2020\/01\/image.png?resize=600%2C360\" alt=\"\" class=\"wp-image-25829\" srcset=\"https:\/\/i0.wp.com\/blogdalucianaoliveira.com.br\/blog\/wp-content\/uploads\/2020\/01\/image.png?w=768 768w, https:\/\/i0.wp.com\/blogdalucianaoliveira.com.br\/blog\/wp-content\/uploads\/2020\/01\/image.png?resize=300%2C180 300w, https:\/\/i0.wp.com\/blogdalucianaoliveira.com.br\/blog\/wp-content\/uploads\/2020\/01\/image.png?resize=500%2C300 500w\" sizes=\"auto, (max-width: 600px) 100vw, 600px\" \/><\/figure>\n\n\n\n<p>Mangueira, Mocidade, Portela, entre outras escolas, apostam em letras com fortes cr\u00edticas sociais em 2020<\/p>\n\n\n\n<!--more-->\n\n\n\n<p>Carta Capital &#8211; As escolas de samba do Rio de Janeiro preparam verdadeiros atos pol\u00edticos para seus desfiles no carnaval de 2020. Pelo menos dez apresentam cr\u00edticas em suas letras, que contam com refer\u00eancias diretas, por exemplo, ao presidente Jair Bolsonaro e ao prefeito Marcelo Crivella.<\/p>\n\n\n\n<p>A come\u00e7ar pela Esta\u00e7\u00e3o Primeira de Mangueira, que foi campe\u00e3 em 2019 ao homenagear a vereadora Marielle Franco e, no ano que vem, vai levar&nbsp;<a href=\"https:\/\/www.cartacapital.com.br\/sociedade\/jesus-e-indio-negro-mulher-tambem-jesus-para-a-gente-nao-tem-genero\/\">Jesus Cristo \u00e0 avenida Marqu\u00eas de Sapuca\u00ed<\/a>.<\/p>\n\n\n\n<p>A letra diz que Jesus tem rosto negro, sangue \u00edndio e corpo de mulher, \u201cmoleque pelintra num buraco quente\u201d, de pai carpinteiro e desempregado. Diz que o filho de Deus est\u00e1 dependurado em cord\u00e9is e corcovados, \u201cmas ser\u00e1 que todo povo entendeu o meu recado?\u201d, indaga o enredo, na primeira pessoa.<br><\/p>\n\n\n\n<p>Em certo momento, d\u00e1 o serm\u00e3o: \u201cFavela, pega a vis\u00e3o \/ N\u00e3o tem futuro sem partilha \/ Nem Messias de arma na m\u00e3o\u201d.<\/p>\n\n\n\n<p>Luiz Carlos M\u00e1ximo, um dos compositores do samba, diz que \u201cMessias\u201d faz uma refer\u00eancia ampla, n\u00e3o somente ao presidente Jair Messias Bolsonaro. A letra foi composta junto com sua esposa, Manu da Cu\u00edca. Ele criou a melodia e, ela, a letra.<\/p>\n\n\n\n<figure><iframe loading=\"lazy\" width=\"1060\" height=\"596\" src=\"https:\/\/www.youtube.com\/embed\/8p0qxZre1cE?feature=oembed\" allowfullscreen=\"\"><\/iframe><\/figure>\n\n\n\n<p>A ideia principal, na verdade, \u00e9 retratar a imagem de Jesus Cristo como um homem perseguido pelo Estado e \u201csequestrado pelos profetas da intoler\u00e2ncia\u201d. Para ele, no cen\u00e1rio pol\u00edtico atual, Jesus \u00e9 utilizado de forma distorcida por setores conservadores para disseminar opress\u00e3o contra a diversidade.<\/p>\n\n\n\n<p>\u201cA Mangueira \u00e9 uma escola de samba no morro. Jesus \u00e9 da favela, um sujeito pobre, de \u2018Buraco Quente\u2019, uma regi\u00e3o conhecida do morro da Mangueira. E ele fala com a linguagem que a favela usa, \u2018pega a vis\u00e3o\u2019 \u00e9 uma express\u00e3o dos moradores das favelas\u201d, explica. \u201cEle diz que n\u00e3o h\u00e1 \u2018futuro sem partilha\u2019 porque com desigualdade n\u00e3o h\u00e1 futuro. E \u2018nem Messias com arma na m\u00e3o\u2019 pode ser o presidente ou as mil\u00edcias, e tantos outros que se apresentam como messias, com a viol\u00eancia como solu\u00e7\u00e3o.\u201d<\/p>\n\n\n\n<p>Na mesma linha, Manu da Cu\u00edca diz que Jesus era favor\u00e1vel a toda forma de amor e foi punido por se posicionar contra a repress\u00e3o.<\/p>\n\n\n\n<p>\u201cA letra traz um Jesus perto do seu verdadeiro hist\u00f3rico. Ele dedicou sua vida \u00e0 luta pela partilha, pela justi\u00e7a, pela toler\u00e2ncia e pela igualdade. Lutou, foi torturado e morto pelo Estado por conta disso. Um Cristo que est\u00e1 longe da imagem pelo qual ficou conhecido. Foi capturado por uma representa\u00e7\u00e3o europeia, loiro e de olho azul\u201d, afirma.<\/p>\n\n\n\n<p>J\u00e1 a Mocidade Independente de Padre Miguel vai tratar sobre desigualdade social e racial. Para isso, escolheu homenagear a cantora Elza Soares, que j\u00e1 foi puxadora dos desfiles da escola na d\u00e9cada de 1970.<\/p>\n\n\n\n<figure><iframe loading=\"lazy\" width=\"1060\" height=\"596\" src=\"https:\/\/www.youtube.com\/embed\/P0FvPpD-Fg0?feature=oembed\" allowfullscreen=\"\"><\/iframe><\/figure>\n\n\n\n<p>A letra ressalta a hist\u00f3ria de uma mulher negra que, com sua voz, \u201camorda\u00e7a a opress\u00e3o\u201d. Depois, lembra o nome do novo disco da cantora: \u201cBrasil, esquece o mal que te consome; que os filhos do Planeta Fome n\u00e3o percam a esperan\u00e7a em seu cantar\u201d.<\/p>\n\n\n\n<p>Autor da sinopse, o jornalista F\u00e1bio Fabato destaca que o enredo \u00e9 \u201cassumidamente pol\u00edtico\u201d. Em sua opini\u00e3o, as escolas de samba est\u00e3o vivas desde 1932 com o papel de refletir os diferentes contextos de suas \u00e9pocas. Portanto, \u201c\u00e9 consequencial que as escolas estejam t\u00e3o pol\u00edticas\u201d.<\/p>\n\n\n\n<p>\u201cNosso samba \u00e9 importante em um momento em que temos um ataque \u00e0s religi\u00f5es de matrizes africanas e um debate rasteiro sobre o que \u00e9 o Brasil que nega a exist\u00eancia do racismo. Elza Soares veio de baixo, contrariou a l\u00f3gica racista e foi atacada pela sociedade da \u00e9poca\u201d, explica. \u201cA Elza e o samba t\u00eam essa inquietude essencial, por gritar a hist\u00f3ria que n\u00e3o foi contada.\u201d<\/p>\n\n\n\n<p>O Salgueiro tamb\u00e9m escolheu homenagear um artista para protestar contra o racismo: Benjamin de Oliveira, o primeiro palha\u00e7o negro do Brasil. Em 2020, completam-se 150 anos de seu nascimento.<\/p>\n\n\n\n<figure><iframe loading=\"lazy\" width=\"1060\" height=\"596\" src=\"https:\/\/www.youtube.com\/embed\/QtYe_KJ4Mxo?feature=oembed\" allowfullscreen=\"\"><\/iframe><\/figure>\n\n\n\n<p>\u201cNa corda bamba da vida me criei, mas qual o negro n\u00e3o sonhou com liberdade?\u201d, questiona. \u201cO rosto retinto exposto reflete no espelho; na cara da gente, um nariz vermelho, num circo sem lona, sem rumo, sem par.\u201d<\/p>\n\n\n\n<p>A escola S\u00e3o Clemente contou com o humorista Marcelo Adnet na composi\u00e7\u00e3o e tem versos bem diretos, que lembram as vigarices constantes no mundo da pol\u00edtica.<\/p>\n\n\n\n<p>\u201cTem laranja! Na minha m\u00e3o, uma \u00e9 tr\u00eas e tr\u00eas \u00e9 dez!\u201d, diz a letra. \u201cTem maraj\u00e1 puxando f\u00e9rias em Bangu\u201d, cantam, com uma extensa letra que cita at\u00e9 a prolifera\u00e7\u00e3o de fake news.<\/p>\n\n\n\n<p>No samba da Portela, as refer\u00eancias tamb\u00e9m lembram o prefeito Marcelo Crivella. A escola vai abordar os ind\u00edgenas que moravam no Rio de Janeiro antes da chegada dos colonizadores portugueses.<\/p>\n\n\n\n<p>\u201c\u00cdndio pede paz, mas \u00e9 de guerra; nossa aldeia \u00e9 sem partido ou fac\u00e7\u00e3o; n\u00e3o tem bispo, nem se curva a capit\u00e3o\u201d, diz a letra.<\/p>\n\n\n\n<figure><iframe loading=\"lazy\" width=\"1060\" height=\"596\" src=\"https:\/\/www.youtube.com\/embed\/xsPswtxm3cE?feature=oembed\" allowfullscreen=\"\"><\/iframe><\/figure>\n\n\n\n<p>A Para\u00edso do Tuiuti vai contar a luta cotidiana dos mais pobres no Rio de Janeiro e classifica o munic\u00edpio como \u201ca cidade das mazelas\u201d. A Uni\u00e3o da Ilha do Governador tamb\u00e9m exp\u00f5e, em seu enredo, a viol\u00eancia que assola o povo carioca e o oportunismo das autoridades: \u201cO chumbo trocado, o len\u00e7o na m\u00e3o nessa terra de Deus-dar\u00e1\u201d.<\/p>\n\n\n\n<p>A escola Unidos da Tijuca tamb\u00e9m concentra cr\u00edticas aos problemas di\u00e1rios do Rio de Janeiro. \u201cO Rio pede socorro\u201d, diz o enredo, que tamb\u00e9m exalta a favela e pede mais igualdade. \u201cDignidade n\u00e3o \u00e9 luxo, nem favor\u201d, protesta.<\/p>\n\n\n\n<p>J\u00e1 a Est\u00e1cio de S\u00e1 traz uma forte cr\u00edtica aos que, por cobi\u00e7a, destroem o meio ambiente. Ser\u00e1 a primeira escola a desfilar no carnaval 2020 pelo grupo especial. \u201cO garimpo traz o ouro, a cobi\u00e7a dos mortais; peneirar, peneirar, devastando a natureza no Par\u00e1 dos Caraj\u00e1s\u201d, diz o samba.<\/p>\n","protected":false},"excerpt":{"rendered":"<p>Mangueira, Mocidade, Portela, entre outras escolas, apostam em letras com fortes cr\u00edticas sociais em 2020<\/p>\n","protected":false},"author":1,"featured_media":0,"comment_status":"closed","ping_status":"open","sticky":false,"template":"","format":"standard","meta":{"_exactmetrics_skip_tracking":false,"_exactmetrics_sitenote_active":false,"_exactmetrics_sitenote_note":"","_exactmetrics_sitenote_category":0,"jetpack_post_was_ever_published":false,"_jetpack_newsletter_access":"","_jetpack_dont_email_post_to_subs":false,"_jetpack_newsletter_tier_id":0,"_jetpack_memberships_contains_paywalled_content":false,"_jetpack_memberships_contains_paid_content":false,"footnotes":"","jetpack_publicize_message":"","jetpack_publicize_feature_enabled":true,"jetpack_social_post_already_shared":true,"jetpack_social_options":{"image_generator_settings":{"template":"highway","enabled":false},"version":2}},"categories":[1],"tags":[],"class_list":["post-25828","post","type-post","status-publish","format-standard","hentry","category-notas"],"jetpack_publicize_connections":[],"jetpack_sharing_enabled":true,"jetpack_featured_media_url":"","jetpack_shortlink":"https:\/\/wp.me\/p7wKYW-6IA","jetpack-related-posts":[],"_links":{"self":[{"href":"http:\/\/blogdalucianaoliveira.com.br\/blog\/wp-json\/wp\/v2\/posts\/25828","targetHints":{"allow":["GET"]}}],"collection":[{"href":"http:\/\/blogdalucianaoliveira.com.br\/blog\/wp-json\/wp\/v2\/posts"}],"about":[{"href":"http:\/\/blogdalucianaoliveira.com.br\/blog\/wp-json\/wp\/v2\/types\/post"}],"author":[{"embeddable":true,"href":"http:\/\/blogdalucianaoliveira.com.br\/blog\/wp-json\/wp\/v2\/users\/1"}],"replies":[{"embeddable":true,"href":"http:\/\/blogdalucianaoliveira.com.br\/blog\/wp-json\/wp\/v2\/comments?post=25828"}],"version-history":[{"count":2,"href":"http:\/\/blogdalucianaoliveira.com.br\/blog\/wp-json\/wp\/v2\/posts\/25828\/revisions"}],"predecessor-version":[{"id":25831,"href":"http:\/\/blogdalucianaoliveira.com.br\/blog\/wp-json\/wp\/v2\/posts\/25828\/revisions\/25831"}],"wp:attachment":[{"href":"http:\/\/blogdalucianaoliveira.com.br\/blog\/wp-json\/wp\/v2\/media?parent=25828"}],"wp:term":[{"taxonomy":"category","embeddable":true,"href":"http:\/\/blogdalucianaoliveira.com.br\/blog\/wp-json\/wp\/v2\/categories?post=25828"},{"taxonomy":"post_tag","embeddable":true,"href":"http:\/\/blogdalucianaoliveira.com.br\/blog\/wp-json\/wp\/v2\/tags?post=25828"}],"curies":[{"name":"wp","href":"https:\/\/api.w.org\/{rel}","templated":true}]}}