{"id":25835,"date":"2020-01-07T13:12:13","date_gmt":"2020-01-07T17:12:13","guid":{"rendered":"http:\/\/blogdalucianaoliveira.com.br\/blog\/?p=25835"},"modified":"2020-01-07T14:31:30","modified_gmt":"2020-01-07T18:31:30","slug":"bloco-pirarucu-do-madeira-vai-desfilar-com-frevo-em-defesa-dos-povos-indigenas","status":"publish","type":"post","link":"http:\/\/blogdalucianaoliveira.com.br\/blog\/2020\/01\/07\/bloco-pirarucu-do-madeira-vai-desfilar-com-frevo-em-defesa-dos-povos-indigenas\/","title":{"rendered":"Bloco Pirarucu do Madeira vai desfilar com frevo em defesa dos povos ind\u00edgenas"},"content":{"rendered":"\n<figure class=\"wp-block-image\"><img decoding=\"async\" src=\"https:\/\/scontent.fbsb13-1.fna.fbcdn.net\/v\/t1.0-9\/s960x960\/78631548_2377291609047081_979545627761311744_o.png?_nc_cat=108&amp;_nc_ohc=CLiIRWacVCQAQnADLadFYP6tUB-kGO4p17uyHqaO3tfzA_8DUcDnpbd8Q&amp;_nc_ht=scontent.fbsb13-1.fna&amp;oh=65975b303ca9e0830a8189032330e50f&amp;oe=5EADB09E\" alt=\"A imagem pode conter: texto que diz &quot;QUANDO FEVEREIRO PAJELAN\u00c7A CHEGAR CARNAVALESCA&quot;\"\/><\/figure>\n\n\n\n<p><\/p>\n\n\n\n<p>O bloco de rua mais democr\u00e1tico de Porto Velho convida os foli\u00f5es \u00e0 primeira pajelan\u00e7a carnavalesca.<\/p>\n\n\n\n<p>O desfile est\u00e1 programado para o dia 16 de fevereiro, a partir das 15 horas, no circuito Pinheiro Machado, no centro da Capital.<\/p>\n\n\n\n<p>A tradi\u00e7\u00e3o do bloco em\nhomenagear um elemento ou ritmo da cultura popular brasileira se cumprir\u00e1 com\nfoco nos povos ind\u00edgenas.<\/p>\n\n\n\n<!--more-->\n\n\n\n<p>O objetivo \u00e9 claro: defender os territ\u00f3rios e o valioso patrim\u00f4nio \u00e9tnico e cultural de mais de 30 povos que vivem em aldeias espalhadas por todo o estado.<\/p>\n\n\n\n<p>V\u00e1rios povos est\u00e3o sendo chamados para desfilar na frente do cortejo momesco e muitos j\u00e1 confirmaram participa\u00e7\u00e3o.<\/p>\n\n\n\n<p>\u00c9 novidade frevo ind\u00edgena e\nv\u00e1rios compositores se dedicam a real\u00e7ar os saberes e a import\u00e2ncia dos\nind\u00edgenas na prote\u00e7\u00e3o do meio ambiente.<\/p>\n\n\n\n<p>Altair Santos, o Tat\u00e1, foi o\nprimeiro a entregar o frevo que destaca o orgulho ind\u00edgena, a forma guerreira\nde reagir a constantes ataques promovidos por invasores de terras.<\/p>\n\n\n\n<p>\u201cMeu Pirarucu Guerreiro<\/p>\n\n\n\n<p>O rei desse terreiro<\/p>\n\n\n\n<p>Enxotador de \u2018anhang\u00e1\u2019<\/p>\n\n\n\n<p>Chama o povo pra c\u00e1<\/p>\n\n\n\n<p>Chama os manos e as tribos<\/p>\n\n\n\n<p>Cuidado n\u00e3o v\u00e1 se \u2018espant\u00e1\u2019<\/p>\n\n\n\n<p>Espia s\u00f3, eu vou te contar\u201d<\/p>\n\n\n\n<p>Outra novidade anunciada pela diretoria \u00e9 a participa\u00e7\u00e3o na abertura do desfile da banda Quilomboclada, s\u00edmbolo de resist\u00eancia na prote\u00e7\u00e3o da cultura dos povos origin\u00e1rios. O orgulho bera\u00edndigena \u00e9 amplificado com a mistura de v\u00e1rios ritmos brasileiros nas composi\u00e7\u00f5es da banda ativista.<\/p>\n\n<iframe loading=\"lazy\" width=\"100%\" height=\"300\" scrolling=\"no\" frameborder=\"no\" allow=\"autoplay\" src=\"https:\/\/w.soundcloud.com\/player\/?url=https%3A\/\/api.soundcloud.com\/tracks\/739782523&#038;color=%23ff5500&#038;auto_play=false&#038;hide_related=false&#038;show_comments=true&#038;show_user=true&#038;show_reposts=false&#038;show_teaser=true&#038;visual=true\"><\/iframe>\n\n\n\n<p><\/p>\n\n\n\n<p>\u201cSonoros b\u00e9ra, quilombos<\/p>\n\n\n\n<p>Ningu\u00e9m destr\u00f3i nossos sonhos<\/p>\n\n\n\n<p>N\u00e3o v\u00e3o roubar nossas terras<\/p>\n\n\n\n<p>Aqui tem luta e tem festa<\/p>\n\n\n\n<p>Aqui tem quilomboclada\u201d<\/p>\n\n\n\n<figure class=\"wp-block-image\"><img decoding=\"async\" src=\"https:\/\/scontent.fbsb13-1.fna.fbcdn.net\/v\/t1.0-9\/1471764_785064684901178_1024793336196475596_n.jpg?_nc_cat=111&amp;_nc_ohc=4MUxGBoC3_sAQlU3VqsF2ypi6XSMDdX0-EAk0jK7kfO6qMDXiCU6zVA2Q&amp;_nc_ht=scontent.fbsb13-1.fna&amp;oh=6670acc7455fb138481b4e84398fb5cd&amp;oe=5EB08B00\" alt=\"A imagem pode conter: 3 pessoas\"\/><\/figure>\n\n\n\n<figure class=\"wp-block-image size-large\"><img data-recalc-dims=\"1\" loading=\"lazy\" decoding=\"async\" width=\"600\" height=\"600\" data-attachment-id=\"25843\" data-permalink=\"http:\/\/blogdalucianaoliveira.com.br\/blog\/2020\/01\/07\/bloco-pirarucu-do-madeira-vai-desfilar-com-frevo-em-defesa-dos-povos-indigenas\/81aed728-cc1a-490e-92fb-c3696475a12c\/\" data-orig-file=\"https:\/\/i0.wp.com\/blogdalucianaoliveira.com.br\/blog\/wp-content\/uploads\/2020\/01\/81AED728-CC1A-490E-92FB-C3696475A12C.jpeg?fit=1000%2C1000\" data-orig-size=\"1000,1000\" data-comments-opened=\"0\" data-image-meta=\"{&quot;aperture&quot;:&quot;0&quot;,&quot;credit&quot;:&quot;&quot;,&quot;camera&quot;:&quot;&quot;,&quot;caption&quot;:&quot;&quot;,&quot;created_timestamp&quot;:&quot;0&quot;,&quot;copyright&quot;:&quot;&quot;,&quot;focal_length&quot;:&quot;0&quot;,&quot;iso&quot;:&quot;0&quot;,&quot;shutter_speed&quot;:&quot;0&quot;,&quot;title&quot;:&quot;&quot;,&quot;orientation&quot;:&quot;0&quot;}\" data-image-title=\"81AED728-CC1A-490E-92FB-C3696475A12C\" data-image-description=\"\" data-image-caption=\"\" data-medium-file=\"https:\/\/i0.wp.com\/blogdalucianaoliveira.com.br\/blog\/wp-content\/uploads\/2020\/01\/81AED728-CC1A-490E-92FB-C3696475A12C.jpeg?fit=300%2C300\" data-large-file=\"https:\/\/i0.wp.com\/blogdalucianaoliveira.com.br\/blog\/wp-content\/uploads\/2020\/01\/81AED728-CC1A-490E-92FB-C3696475A12C.jpeg?fit=600%2C600\" src=\"https:\/\/i0.wp.com\/blogdalucianaoliveira.com.br\/blog\/wp-content\/uploads\/2020\/01\/81AED728-CC1A-490E-92FB-C3696475A12C.jpeg?resize=600%2C600\" alt=\"\" class=\"wp-image-25843\" srcset=\"https:\/\/i0.wp.com\/blogdalucianaoliveira.com.br\/blog\/wp-content\/uploads\/2020\/01\/81AED728-CC1A-490E-92FB-C3696475A12C.jpeg?w=1000 1000w, https:\/\/i0.wp.com\/blogdalucianaoliveira.com.br\/blog\/wp-content\/uploads\/2020\/01\/81AED728-CC1A-490E-92FB-C3696475A12C.jpeg?resize=300%2C300 300w, https:\/\/i0.wp.com\/blogdalucianaoliveira.com.br\/blog\/wp-content\/uploads\/2020\/01\/81AED728-CC1A-490E-92FB-C3696475A12C.jpeg?resize=150%2C150 150w, https:\/\/i0.wp.com\/blogdalucianaoliveira.com.br\/blog\/wp-content\/uploads\/2020\/01\/81AED728-CC1A-490E-92FB-C3696475A12C.jpeg?resize=768%2C768 768w\" sizes=\"auto, (max-width: 600px) 100vw, 600px\" \/><\/figure>\n\n\n\n<p><br>Fundado h\u00e1 27 anos, o bloco n\u00e3o comercializa nada e conta com o apoio de foli\u00f5es para arcar com o pequeno custo da grande festa.<\/p>\n\n\n\n<p>A Orquestra Puraqu\u00e9 desfila no meio do povo, com os p\u00e9s no ch\u00e3o e com repert\u00f3rio de marchinhas e frevos.<\/p>\n\n\n\n<p>O tom \u00e9 de festa e carnavalesco, mas como tradi\u00e7\u00e3o do bloco, \u00e9 tamb\u00e9m de protesto.<\/p>\n\n\n\n<p>\u201cO Pirarucu \u00e9 s\u00edmbolo de\nresist\u00eancia da cultura popular. Nosso dever \u00e9 dar as m\u00e3os a nossos \u2018parentes\u2019 ind\u00edgenas\nquando as for\u00e7as do mal avan\u00e7am para destruir a cultura e dominar seus\nterrit\u00f3rios\u201d, diz Ernande Segismundo, presidente do bloco.<\/p>\n","protected":false},"excerpt":{"rendered":"<p>O bloco de rua mais democr\u00e1tico de Porto Velho convida os foli\u00f5es \u00e0 primeira pajelan\u00e7a carnavalesca. O desfile est\u00e1 programado para o dia 16 de fevereiro, a partir das 15 horas, no circuito Pinheiro Machado, no centro da Capital. A tradi\u00e7\u00e3o do bloco em homenagear um elemento ou ritmo da cultura popular brasileira se cumprir\u00e1&#8230;<a class=\"more-link\" href=\"http:\/\/blogdalucianaoliveira.com.br\/blog\/2020\/01\/07\/bloco-pirarucu-do-madeira-vai-desfilar-com-frevo-em-defesa-dos-povos-indigenas\/\">Continue a leitura <span class=\"meta-nav\">&raquo;<\/span><\/a><\/p>\n","protected":false},"author":1,"featured_media":0,"comment_status":"closed","ping_status":"open","sticky":false,"template":"","format":"standard","meta":{"_exactmetrics_skip_tracking":false,"_exactmetrics_sitenote_active":false,"_exactmetrics_sitenote_note":"","_exactmetrics_sitenote_category":0,"jetpack_post_was_ever_published":false,"_jetpack_newsletter_access":"","_jetpack_dont_email_post_to_subs":false,"_jetpack_newsletter_tier_id":0,"_jetpack_memberships_contains_paywalled_content":false,"_jetpack_memberships_contains_paid_content":false,"footnotes":"","jetpack_publicize_message":"","jetpack_publicize_feature_enabled":true,"jetpack_social_post_already_shared":true,"jetpack_social_options":{"image_generator_settings":{"template":"highway","enabled":false},"version":2}},"categories":[1],"tags":[],"class_list":["post-25835","post","type-post","status-publish","format-standard","hentry","category-notas"],"jetpack_publicize_connections":[],"jetpack_sharing_enabled":true,"jetpack_featured_media_url":"","jetpack_shortlink":"https:\/\/wp.me\/p7wKYW-6IH","jetpack-related-posts":[],"_links":{"self":[{"href":"http:\/\/blogdalucianaoliveira.com.br\/blog\/wp-json\/wp\/v2\/posts\/25835","targetHints":{"allow":["GET"]}}],"collection":[{"href":"http:\/\/blogdalucianaoliveira.com.br\/blog\/wp-json\/wp\/v2\/posts"}],"about":[{"href":"http:\/\/blogdalucianaoliveira.com.br\/blog\/wp-json\/wp\/v2\/types\/post"}],"author":[{"embeddable":true,"href":"http:\/\/blogdalucianaoliveira.com.br\/blog\/wp-json\/wp\/v2\/users\/1"}],"replies":[{"embeddable":true,"href":"http:\/\/blogdalucianaoliveira.com.br\/blog\/wp-json\/wp\/v2\/comments?post=25835"}],"version-history":[{"count":8,"href":"http:\/\/blogdalucianaoliveira.com.br\/blog\/wp-json\/wp\/v2\/posts\/25835\/revisions"}],"predecessor-version":[{"id":25845,"href":"http:\/\/blogdalucianaoliveira.com.br\/blog\/wp-json\/wp\/v2\/posts\/25835\/revisions\/25845"}],"wp:attachment":[{"href":"http:\/\/blogdalucianaoliveira.com.br\/blog\/wp-json\/wp\/v2\/media?parent=25835"}],"wp:term":[{"taxonomy":"category","embeddable":true,"href":"http:\/\/blogdalucianaoliveira.com.br\/blog\/wp-json\/wp\/v2\/categories?post=25835"},{"taxonomy":"post_tag","embeddable":true,"href":"http:\/\/blogdalucianaoliveira.com.br\/blog\/wp-json\/wp\/v2\/tags?post=25835"}],"curies":[{"name":"wp","href":"https:\/\/api.w.org\/{rel}","templated":true}]}}