{"id":25846,"date":"2020-01-07T22:18:42","date_gmt":"2020-01-08T02:18:42","guid":{"rendered":"http:\/\/blogdalucianaoliveira.com.br\/blog\/?p=25846"},"modified":"2020-01-07T22:18:52","modified_gmt":"2020-01-08T02:18:52","slug":"comeca-a-guerra-pentagono-confirma-ataque-iraniano-e-promete-resposta-dura","status":"publish","type":"post","link":"http:\/\/blogdalucianaoliveira.com.br\/blog\/2020\/01\/07\/comeca-a-guerra-pentagono-confirma-ataque-iraniano-e-promete-resposta-dura\/","title":{"rendered":"Come\u00e7a a guerra: Pent\u00e1gono confirma ataque iraniano e promete resposta dura"},"content":{"rendered":"\n<figure class=\"wp-block-image size-large\"><img data-recalc-dims=\"1\" loading=\"lazy\" decoding=\"async\" width=\"500\" height=\"240\" data-attachment-id=\"25847\" data-permalink=\"http:\/\/blogdalucianaoliveira.com.br\/blog\/2020\/01\/07\/comeca-a-guerra-pentagono-confirma-ataque-iraniano-e-promete-resposta-dura\/image-19-3\/\" data-orig-file=\"https:\/\/i0.wp.com\/blogdalucianaoliveira.com.br\/blog\/wp-content\/uploads\/2020\/01\/image-19.jpeg?fit=500%2C240\" data-orig-size=\"500,240\" data-comments-opened=\"0\" data-image-meta=\"{&quot;aperture&quot;:&quot;0&quot;,&quot;credit&quot;:&quot;&quot;,&quot;camera&quot;:&quot;&quot;,&quot;caption&quot;:&quot;&quot;,&quot;created_timestamp&quot;:&quot;0&quot;,&quot;copyright&quot;:&quot;&quot;,&quot;focal_length&quot;:&quot;0&quot;,&quot;iso&quot;:&quot;0&quot;,&quot;shutter_speed&quot;:&quot;0&quot;,&quot;title&quot;:&quot;&quot;,&quot;orientation&quot;:&quot;0&quot;}\" data-image-title=\"image-19\" data-image-description=\"\" data-image-caption=\"\" data-medium-file=\"https:\/\/i0.wp.com\/blogdalucianaoliveira.com.br\/blog\/wp-content\/uploads\/2020\/01\/image-19.jpeg?fit=300%2C144\" data-large-file=\"https:\/\/i0.wp.com\/blogdalucianaoliveira.com.br\/blog\/wp-content\/uploads\/2020\/01\/image-19.jpeg?fit=500%2C240\" src=\"https:\/\/i0.wp.com\/blogdalucianaoliveira.com.br\/blog\/wp-content\/uploads\/2020\/01\/image-19.jpeg?resize=500%2C240\" alt=\"\" class=\"wp-image-25847\" srcset=\"https:\/\/i0.wp.com\/blogdalucianaoliveira.com.br\/blog\/wp-content\/uploads\/2020\/01\/image-19.jpeg?w=500 500w, https:\/\/i0.wp.com\/blogdalucianaoliveira.com.br\/blog\/wp-content\/uploads\/2020\/01\/image-19.jpeg?resize=300%2C144 300w\" sizes=\"auto, (max-width: 500px) 100vw, 500px\" \/><\/figure>\n\n\n\n<p><strong>WASHINGTON (Reuters)&nbsp;<\/strong>&#8211; A base a\u00e9rea de Al Asad, que abriga for\u00e7as dos Estados Unidos no Iraque foi alvo de ataque realizado pela Guarda Revolucion\u00e1ria do Ir\u00e3, disse a ag\u00eancia de not\u00edcias iraniana Mehr, e a Casa Branca afirmou estar ciente de relatos de ataques em v\u00e1rias instala\u00e7\u00f5es dos EUA no Iraque e que o presidente Donald Trump foi informado a respeito.<\/p>\n\n\n\n<!--more-->\n\n\n\n<p>O Pent\u00e1gono disse que o Ir\u00e3 lan\u00e7ou v\u00e1rios m\u00edsseis contra militares dos EUA e for\u00e7as da coaliz\u00e3o no Iraque e afirmou que tomar\u00e1 todas medidas necess\u00e1rias para proteger e defender norte-americanos, parceiros e aliados na regi\u00e3o.<\/p>\n\n\n\n<p>Uma autoridade norte-americana disse \u00e0 Reuters que potencialmente houve uma s\u00e9rie de ataques em v\u00e1rios locais no Iraque, incluindo a base de Al Asad. A autoridade n\u00e3o deu mais informa\u00e7\u00f5es.<\/p>\n\n\n\n<p>Uma outra autoridade, que falou sob condi\u00e7\u00e3o de anonimato, confirmou mais cedo \u00e0 Reuters que foguetes atingiram Al Asad e que n\u00e3o havia ainda informa\u00e7\u00f5es sobre danos ou v\u00edtimas. A fonte n\u00e3o confirmou ataques em outros locais.<\/p>\n\n\n\n<p>\u201cEstamos cientes de relatos de instala\u00e7\u00f5es dos EUA no Iraque. O presidente foi informado e est\u00e1 monitorando a situa\u00e7\u00e3o de perto e consultando sua equipe de seguran\u00e7a nacional\u201d, disse a porta-voz da Casa Branca Stephanie Grisham em comunicado.<\/p>\n\n\n\n<p>Os relatos de ataques acontecem em meio \u00e0s tens\u00f5es com o Ir\u00e3 depois de um ataque de um drone militar dos EUA que matou o principal comandante militar iraniano Qassem Soleimani.<\/p>\n\n\n\n<p>Reportagem de Phil Stewart, Alexandra Alper e Makini Brice<\/p>\n","protected":false},"excerpt":{"rendered":"<p>WASHINGTON (Reuters)&nbsp;&#8211; A base a\u00e9rea de Al Asad, que abriga for\u00e7as dos Estados Unidos no Iraque foi alvo de ataque realizado pela Guarda Revolucion\u00e1ria do Ir\u00e3, disse a ag\u00eancia de not\u00edcias iraniana Mehr, e a Casa Branca afirmou estar ciente de relatos de ataques em v\u00e1rias instala\u00e7\u00f5es dos EUA no Iraque e que o presidente&#8230;<a class=\"more-link\" href=\"http:\/\/blogdalucianaoliveira.com.br\/blog\/2020\/01\/07\/comeca-a-guerra-pentagono-confirma-ataque-iraniano-e-promete-resposta-dura\/\">Continue a leitura <span class=\"meta-nav\">&raquo;<\/span><\/a><\/p>\n","protected":false},"author":1,"featured_media":0,"comment_status":"closed","ping_status":"open","sticky":false,"template":"","format":"standard","meta":{"_exactmetrics_skip_tracking":false,"_exactmetrics_sitenote_active":false,"_exactmetrics_sitenote_note":"","_exactmetrics_sitenote_category":0,"jetpack_post_was_ever_published":false,"_jetpack_newsletter_access":"","_jetpack_dont_email_post_to_subs":false,"_jetpack_newsletter_tier_id":0,"_jetpack_memberships_contains_paywalled_content":false,"_jetpack_memberships_contains_paid_content":false,"footnotes":"","jetpack_publicize_message":"","jetpack_publicize_feature_enabled":true,"jetpack_social_post_already_shared":true,"jetpack_social_options":{"image_generator_settings":{"template":"highway","enabled":false},"version":2}},"categories":[1],"tags":[],"class_list":["post-25846","post","type-post","status-publish","format-standard","hentry","category-notas"],"jetpack_publicize_connections":[],"jetpack_sharing_enabled":true,"jetpack_featured_media_url":"","jetpack_shortlink":"https:\/\/wp.me\/p7wKYW-6IS","jetpack-related-posts":[],"_links":{"self":[{"href":"http:\/\/blogdalucianaoliveira.com.br\/blog\/wp-json\/wp\/v2\/posts\/25846","targetHints":{"allow":["GET"]}}],"collection":[{"href":"http:\/\/blogdalucianaoliveira.com.br\/blog\/wp-json\/wp\/v2\/posts"}],"about":[{"href":"http:\/\/blogdalucianaoliveira.com.br\/blog\/wp-json\/wp\/v2\/types\/post"}],"author":[{"embeddable":true,"href":"http:\/\/blogdalucianaoliveira.com.br\/blog\/wp-json\/wp\/v2\/users\/1"}],"replies":[{"embeddable":true,"href":"http:\/\/blogdalucianaoliveira.com.br\/blog\/wp-json\/wp\/v2\/comments?post=25846"}],"version-history":[{"count":1,"href":"http:\/\/blogdalucianaoliveira.com.br\/blog\/wp-json\/wp\/v2\/posts\/25846\/revisions"}],"predecessor-version":[{"id":25848,"href":"http:\/\/blogdalucianaoliveira.com.br\/blog\/wp-json\/wp\/v2\/posts\/25846\/revisions\/25848"}],"wp:attachment":[{"href":"http:\/\/blogdalucianaoliveira.com.br\/blog\/wp-json\/wp\/v2\/media?parent=25846"}],"wp:term":[{"taxonomy":"category","embeddable":true,"href":"http:\/\/blogdalucianaoliveira.com.br\/blog\/wp-json\/wp\/v2\/categories?post=25846"},{"taxonomy":"post_tag","embeddable":true,"href":"http:\/\/blogdalucianaoliveira.com.br\/blog\/wp-json\/wp\/v2\/tags?post=25846"}],"curies":[{"name":"wp","href":"https:\/\/api.w.org\/{rel}","templated":true}]}}