{"id":25849,"date":"2020-01-08T06:54:46","date_gmt":"2020-01-08T10:54:46","guid":{"rendered":"http:\/\/blogdalucianaoliveira.com.br\/blog\/?p=25849"},"modified":"2020-01-08T06:54:53","modified_gmt":"2020-01-08T10:54:53","slug":"manifestacoes-de-2013-a-rede-globo-e-suas-consequencias","status":"publish","type":"post","link":"http:\/\/blogdalucianaoliveira.com.br\/blog\/2020\/01\/08\/manifestacoes-de-2013-a-rede-globo-e-suas-consequencias\/","title":{"rendered":"Manifesta\u00e7\u00f5es de 2013, a Rede Globo e suas consequ\u00eancias"},"content":{"rendered":"\n<figure class=\"wp-block-image size-large\"><img data-recalc-dims=\"1\" loading=\"lazy\" decoding=\"async\" width=\"600\" height=\"370\" data-attachment-id=\"25850\" data-permalink=\"http:\/\/blogdalucianaoliveira.com.br\/blog\/2020\/01\/08\/manifestacoes-de-2013-a-rede-globo-e-suas-consequencias\/image-20-3\/\" data-orig-file=\"https:\/\/i0.wp.com\/blogdalucianaoliveira.com.br\/blog\/wp-content\/uploads\/2020\/01\/image-20.jpeg?fit=750%2C463\" data-orig-size=\"750,463\" data-comments-opened=\"0\" data-image-meta=\"{&quot;aperture&quot;:&quot;0&quot;,&quot;credit&quot;:&quot;&quot;,&quot;camera&quot;:&quot;&quot;,&quot;caption&quot;:&quot;&quot;,&quot;created_timestamp&quot;:&quot;0&quot;,&quot;copyright&quot;:&quot;&quot;,&quot;focal_length&quot;:&quot;0&quot;,&quot;iso&quot;:&quot;0&quot;,&quot;shutter_speed&quot;:&quot;0&quot;,&quot;title&quot;:&quot;&quot;,&quot;orientation&quot;:&quot;0&quot;}\" data-image-title=\"image-20\" data-image-description=\"\" data-image-caption=\"\" data-medium-file=\"https:\/\/i0.wp.com\/blogdalucianaoliveira.com.br\/blog\/wp-content\/uploads\/2020\/01\/image-20.jpeg?fit=300%2C185\" data-large-file=\"https:\/\/i0.wp.com\/blogdalucianaoliveira.com.br\/blog\/wp-content\/uploads\/2020\/01\/image-20.jpeg?fit=600%2C370\" src=\"https:\/\/i0.wp.com\/blogdalucianaoliveira.com.br\/blog\/wp-content\/uploads\/2020\/01\/image-20.jpeg?resize=600%2C370\" alt=\"\" class=\"wp-image-25850\" srcset=\"https:\/\/i0.wp.com\/blogdalucianaoliveira.com.br\/blog\/wp-content\/uploads\/2020\/01\/image-20.jpeg?w=750 750w, https:\/\/i0.wp.com\/blogdalucianaoliveira.com.br\/blog\/wp-content\/uploads\/2020\/01\/image-20.jpeg?resize=300%2C185 300w, https:\/\/i0.wp.com\/blogdalucianaoliveira.com.br\/blog\/wp-content\/uploads\/2020\/01\/image-20.jpeg?resize=486%2C300 486w\" sizes=\"auto, (max-width: 600px) 100vw, 600px\" \/><\/figure>\n\n\n\n<p>No Pensar Piau\u00ed, por Odorico Carvalho &#8211; Em junho de 2013, eu estava com a TV ligada quando entrou aquela vinheta assustadora da Globo. Parei tudo para ver qual seria a cat\u00e1strofe da vez. <br><\/p>\n\n\n\n<!--more-->\n\n\n\n<p>Era mais ou menos 18:30 h. E o tema de tamanho alvoro\u00e7o era uma manifesta\u00e7\u00e3o do MPL, em S\u00e3o Paulo, em raz\u00e3o de um aumento de 20 centavos nas passagens de \u00f4nibus dado por Haddad. Na tal manifesta\u00e7\u00e3o tinha umas 200 pessoas, no m\u00e1ximo. Confesso que senti um calafrio. Por que raz\u00e3o a Globo estaria pronta para cobrir uma manifesta\u00e7\u00e3o t\u00e3o min\u00fascula, furando toda a sua grade de programa\u00e7\u00e3o e at\u00e9 mesmo a sua tradi\u00e7\u00e3o de s\u00f3 fazer essas entradas, ao vivo, em casos muito s\u00e9rios?<\/p>\n\n\n\n<p>E naquela noite, ela voltou ao ar v\u00e1rias vezes, sempre com o mesmo tom assustador. No dia seguinte, a mesma manifesta\u00e7\u00e3o, com cobertura exaustiva, j\u00e1 tinha duas mil pessoas e foi crescendo. Chegou o momento em que os blacks Blocs assumiram a frente e o MPL sumiu e foi sumido.<\/p>\n\n\n\n<p>Em mar\u00e7o de 2013, Dilma tinha 79% de aprova\u00e7\u00e3o e, pela primeira vez, tinha superado Lula. Logo, se havia tamanha revolta no seio da popula\u00e7\u00e3o, tal revolta n\u00e3o foi detectada por nenhuma pesquisa, afinal Dilma, no que pese seus v\u00e1rios defeitos, tinha criado in\u00fameros programas sociais de largo apoio popular.<\/p>\n\n\n\n<p>\u00c9 claro,para mim, que a Globo n\u00e3o entrou nessa de supet\u00e3o. Foi um movimento altamente planejado, com anteced\u00eancia, com v\u00e1rios setores atuando em conjunto.<\/p>\n\n\n\n<p>Sob press\u00e3o, Dilma cometeu um de seus maiores erros: chamou para si a responsabilidade de cobran\u00e7as que come\u00e7aram em S\u00e3o Paulo, por 20 centavos, e que n\u00e3o tinham nada a ver com governo federal naquele momento. Ao trazer a crise para dentro do Pal\u00e1cio do Planalto, ela virou o alvo maior, perdendo de forma vertiginosa todo o seu cabedal de aprova\u00e7\u00e3o popular, caso se acredite nas pesquisas apresentadas.<\/p>\n\n\n\n<p>\u00c9 claro que, mesmo errando feio, ela acertou em alguns pontos: criou o Mais M\u00e9dicos, criou faculdades de Medicina abrindo milhares de vagas para futuros profissionais de sa\u00fade.<\/p>\n\n\n\n<p>Resumo: sem a Globo n\u00e3o teria havido movimento de junho de 2013, Dilma n\u00e3o teria ca\u00eddo e o Brasil ainda estaria no rumo certo. Resta saber, de forma expl\u00edcita, quem foram os parceiros da Globo nessa conspira\u00e7\u00e3o.<\/p>\n\n\n\n<p><\/p>\n","protected":false},"excerpt":{"rendered":"<p>No Pensar Piau\u00ed, por Odorico Carvalho &#8211; Em junho de 2013, eu estava com a TV ligada quando entrou aquela vinheta assustadora da Globo. Parei tudo para ver qual seria a cat\u00e1strofe da vez.<\/p>\n","protected":false},"author":1,"featured_media":0,"comment_status":"closed","ping_status":"open","sticky":false,"template":"","format":"standard","meta":{"_exactmetrics_skip_tracking":false,"_exactmetrics_sitenote_active":false,"_exactmetrics_sitenote_note":"","_exactmetrics_sitenote_category":0,"jetpack_post_was_ever_published":false,"_jetpack_newsletter_access":"","_jetpack_dont_email_post_to_subs":false,"_jetpack_newsletter_tier_id":0,"_jetpack_memberships_contains_paywalled_content":false,"_jetpack_memberships_contains_paid_content":false,"footnotes":"","jetpack_publicize_message":"","jetpack_publicize_feature_enabled":true,"jetpack_social_post_already_shared":true,"jetpack_social_options":{"image_generator_settings":{"template":"highway","enabled":false},"version":2}},"categories":[1],"tags":[],"class_list":["post-25849","post","type-post","status-publish","format-standard","hentry","category-notas"],"jetpack_publicize_connections":[],"jetpack_sharing_enabled":true,"jetpack_featured_media_url":"","jetpack_shortlink":"https:\/\/wp.me\/p7wKYW-6IV","jetpack-related-posts":[],"_links":{"self":[{"href":"http:\/\/blogdalucianaoliveira.com.br\/blog\/wp-json\/wp\/v2\/posts\/25849","targetHints":{"allow":["GET"]}}],"collection":[{"href":"http:\/\/blogdalucianaoliveira.com.br\/blog\/wp-json\/wp\/v2\/posts"}],"about":[{"href":"http:\/\/blogdalucianaoliveira.com.br\/blog\/wp-json\/wp\/v2\/types\/post"}],"author":[{"embeddable":true,"href":"http:\/\/blogdalucianaoliveira.com.br\/blog\/wp-json\/wp\/v2\/users\/1"}],"replies":[{"embeddable":true,"href":"http:\/\/blogdalucianaoliveira.com.br\/blog\/wp-json\/wp\/v2\/comments?post=25849"}],"version-history":[{"count":1,"href":"http:\/\/blogdalucianaoliveira.com.br\/blog\/wp-json\/wp\/v2\/posts\/25849\/revisions"}],"predecessor-version":[{"id":25851,"href":"http:\/\/blogdalucianaoliveira.com.br\/blog\/wp-json\/wp\/v2\/posts\/25849\/revisions\/25851"}],"wp:attachment":[{"href":"http:\/\/blogdalucianaoliveira.com.br\/blog\/wp-json\/wp\/v2\/media?parent=25849"}],"wp:term":[{"taxonomy":"category","embeddable":true,"href":"http:\/\/blogdalucianaoliveira.com.br\/blog\/wp-json\/wp\/v2\/categories?post=25849"},{"taxonomy":"post_tag","embeddable":true,"href":"http:\/\/blogdalucianaoliveira.com.br\/blog\/wp-json\/wp\/v2\/tags?post=25849"}],"curies":[{"name":"wp","href":"https:\/\/api.w.org\/{rel}","templated":true}]}}