{"id":25852,"date":"2020-01-08T07:02:08","date_gmt":"2020-01-08T11:02:08","guid":{"rendered":"http:\/\/blogdalucianaoliveira.com.br\/blog\/?p=25852"},"modified":"2020-01-08T07:07:57","modified_gmt":"2020-01-08T11:07:57","slug":"imposto-para-energia-solar-e-o-reino-da-treva-querendo-taxar-o-sol","status":"publish","type":"post","link":"http:\/\/blogdalucianaoliveira.com.br\/blog\/2020\/01\/08\/imposto-para-energia-solar-e-o-reino-da-treva-querendo-taxar-o-sol\/","title":{"rendered":"Imposto para energia solar \u00e9 o reino da treva querendo taxar o Sol"},"content":{"rendered":"\n<figure class=\"wp-block-image size-large\"><img data-recalc-dims=\"1\" loading=\"lazy\" decoding=\"async\" width=\"600\" height=\"400\" data-attachment-id=\"25853\" data-permalink=\"http:\/\/blogdalucianaoliveira.com.br\/blog\/2020\/01\/08\/imposto-para-energia-solar-e-o-reino-da-treva-querendo-taxar-o-sol\/image-21-3\/\" data-orig-file=\"https:\/\/i0.wp.com\/blogdalucianaoliveira.com.br\/blog\/wp-content\/uploads\/2020\/01\/image-21.jpeg?fit=678%2C452\" data-orig-size=\"678,452\" data-comments-opened=\"0\" data-image-meta=\"{&quot;aperture&quot;:&quot;0&quot;,&quot;credit&quot;:&quot;&quot;,&quot;camera&quot;:&quot;&quot;,&quot;caption&quot;:&quot;&quot;,&quot;created_timestamp&quot;:&quot;0&quot;,&quot;copyright&quot;:&quot;&quot;,&quot;focal_length&quot;:&quot;0&quot;,&quot;iso&quot;:&quot;0&quot;,&quot;shutter_speed&quot;:&quot;0&quot;,&quot;title&quot;:&quot;&quot;,&quot;orientation&quot;:&quot;0&quot;}\" data-image-title=\"image-21\" data-image-description=\"\" data-image-caption=\"\" data-medium-file=\"https:\/\/i0.wp.com\/blogdalucianaoliveira.com.br\/blog\/wp-content\/uploads\/2020\/01\/image-21.jpeg?fit=300%2C200\" data-large-file=\"https:\/\/i0.wp.com\/blogdalucianaoliveira.com.br\/blog\/wp-content\/uploads\/2020\/01\/image-21.jpeg?fit=600%2C400\" src=\"https:\/\/i0.wp.com\/blogdalucianaoliveira.com.br\/blog\/wp-content\/uploads\/2020\/01\/image-21.jpeg?resize=600%2C400\" alt=\"\" class=\"wp-image-25853\" srcset=\"https:\/\/i0.wp.com\/blogdalucianaoliveira.com.br\/blog\/wp-content\/uploads\/2020\/01\/image-21.jpeg?w=678 678w, https:\/\/i0.wp.com\/blogdalucianaoliveira.com.br\/blog\/wp-content\/uploads\/2020\/01\/image-21.jpeg?resize=300%2C200 300w, https:\/\/i0.wp.com\/blogdalucianaoliveira.com.br\/blog\/wp-content\/uploads\/2020\/01\/image-21.jpeg?resize=450%2C300 450w\" sizes=\"auto, (max-width: 600px) 100vw, 600px\" \/><\/figure>\n\n\n\n<p>Ou a Aneel faz um debate limpo ou o Congresso limitar\u00e1 seus poderes.<\/p>\n\n\n\n<!--more-->\n\n\n\n<p>Na FSP &#8211; Em menos de 24 horas\u00a0<a href=\"https:\/\/www1.folha.uol.com.br\/mercado\/2020\/01\/bolsonaro-diz-que-nao-cedera-a-lobby-e-ameaca-demitir-quem-falar-em-taxar-energia-solar.shtml\">o presidente Jair Bolsonaro e os presidentes da C\u00e2mara e do Senado desmancharam uma costura<\/a>\u00a0que vinha sendo armada h\u00e1 anos pelas distribuidoras de energia e pela Ag\u00eancia Nacional de Energia El\u00e9trica (Aneel). \u00c0 primeira vista, o prop\u00f3sito dos empres\u00e1rios e dos eletrotecas era\u00a0<a href=\"https:\/\/www1.folha.uol.com.br\/mercado\/2020\/01\/bolsonaro-rejeita-mas-equipe-de-guedes-quer-fim-de-subsidio-da-energia-solar.shtml\">tungar os consumidores de energia solar,<\/a>\u00a0mas a coisa ia mais longe: queriam tungar a dissemina\u00e7\u00e3o de uma energia limpa.\u00a0<br><\/p>\n\n\n\n<p>Desde 2012 sabia-se que em 2020 a Aneel rediscutiria os<a href=\"https:\/\/www1.folha.uol.com.br\/mercado\/2019\/09\/discussao-sobre-reducao-de-subsidio-cria-boom-no-setor-de-energia-solar.shtml\">&nbsp;incentivos dados \u00e0 produ\u00e7\u00e3o e ao consumo de energia solar<\/a>. Essa quest\u00e3o poderia ter sido conduzida de forma transparente, honesta e inteligente. Preferiu-se o caminho dos corredores, da onipot\u00eancia e da treva. Primeiro, plantando-se uma vers\u00e3o segundo a qual o sujeito que coloca placas de energia solar no telhado de sua casa recebe subs\u00eddios.<\/p>\n\n\n\n<p>Falso. Subs\u00eddio haveria se o cidad\u00e3o consumisse R$ 100 de quilowatts e s\u00f3 pagasse R$ 90. No caso, quem tem placas de energia solar paga \u00e0s distribuidoras at\u00e9 o \u00faltimo centavo pela energia que consome. S\u00f3 n\u00e3o paga por aquela que o Padre Eterno lhe manda durante o dia. Hoje a energia solar representa 1% do consumo, e em 2019 a Aneel estimava em R$ 340 milh\u00f5es os incentivos dados aos consumidores, sabendo que o subs\u00eddio ao uso do carv\u00e3o custa R$ 1 bilh\u00e3o.<\/p>\n\n\n\n<p>Em outubro passado deu-se o grande golpe. A Aneel jogou fora meses de discuss\u00f5es e apresentou uma nova proposta para consulta p\u00fablica que tungava entre 30% e 60% da economia conseguida por quem viesse a instalar pain\u00e9is solares em suas casas ou em seus edif\u00edcios a partir de 2020. As consultas p\u00fablicas anteriores haviam durado at\u00e9 quatro meses, com tr\u00eas reuni\u00f5es presenciais. Dessa vez resolveriam tudo em 45 dias, com uma s\u00f3 reuni\u00e3o. Coisas de Bras\u00edlia. Nesses dias, dando um toque pitoresco ao debate, um senador apresentou projeto classificando&nbsp;como \u201cbens da Uni\u00e3o\u201d os \u201cpotenciais de energia e\u00f3lica e solar\u201d. Tradu\u00e7\u00e3o: l\u00e1 vem imposto.<\/p>\n\n\n\n<p>Com o tranco dado por Bolsonaro, Rodrigo Maia e David Alcolumbre, a Aneel tirou a girafa do picadeiro e disse que vai reexaminar a quest\u00e3o. (Vale lembrar que<a href=\"https:\/\/www1.folha.uol.com.br\/mercado\/2020\/01\/bolsonaro-rejeita-mas-equipe-de-guedes-quer-fim-de-subsidio-da-energia-solar.shtml\">\u00a0o Minist\u00e9rio da Economia<\/a>\u00a0havia emitido um parecer endossando a ideia da girafa. L\u00e1 viceja tamb\u00e9m a ideia de se taxar o uso da internet em transa\u00e7\u00f5es banc\u00e1rias.)<\/p>\n\n\n\n<p>Os eletrotecas e os empres\u00e1rios menosprezaram o ensinamento de Tancredo Neves: \u201cEsperteza, quando \u00e9 muita, come o dono\u201d. H\u00e1 dois tipos de consumidores de energia solar. Num est\u00e3o as pessoas que t\u00eam placas nos telhados de suas casas, edif\u00edcios ou conjuntos residenciais. No outro, h\u00e1 os consumidores abastecidos por empresas que montam grandes fazendas captadoras de energia solar e funcionam como verdadeiras usinas geradoras. (Uma resid\u00eancia que paga R$ 300 mensais e instala pain\u00e9is solares investindo R$ 15 mil derruba a conta para R$ 50.) Nos dois casos, usam uma energia limpa, mas pode-se dizer que as duas opera\u00e7\u00f5es, mesmo semelhantes, n\u00e3o s\u00e3o iguais. Se os espertalh\u00f5es tivessem exposto essa diferen\u00e7a, sem pensar numa tunga ampla, geral e irrestrita, talvez n\u00e3o tivessem tomado a pancada que tomaram.<\/p>\n\n\n\n<p>Agora, ou a Aneel faz um debate limpo, ou o Congresso limitar\u00e1 seus poderes de taxa\u00e7\u00e3o planet\u00e1ria.&nbsp;CONTINUE LENDO \u25beElio Gaspari<\/p>\n\n\n\n<p>Jornalista, autor de cinco volumes sobre a hist\u00f3ria do regime militar, entre eles &#8220;A Ditadura Encurralada&#8221;<\/p>\n","protected":false},"excerpt":{"rendered":"<p>Ou a Aneel faz um debate limpo ou o Congresso limitar\u00e1 seus poderes.<\/p>\n","protected":false},"author":1,"featured_media":0,"comment_status":"closed","ping_status":"open","sticky":false,"template":"","format":"standard","meta":{"_exactmetrics_skip_tracking":false,"_exactmetrics_sitenote_active":false,"_exactmetrics_sitenote_note":"","_exactmetrics_sitenote_category":0,"jetpack_post_was_ever_published":false,"_jetpack_newsletter_access":"","_jetpack_dont_email_post_to_subs":false,"_jetpack_newsletter_tier_id":0,"_jetpack_memberships_contains_paywalled_content":false,"_jetpack_memberships_contains_paid_content":false,"footnotes":"","jetpack_publicize_message":"","jetpack_publicize_feature_enabled":true,"jetpack_social_post_already_shared":true,"jetpack_social_options":{"image_generator_settings":{"template":"highway","enabled":false},"version":2}},"categories":[1],"tags":[],"class_list":["post-25852","post","type-post","status-publish","format-standard","hentry","category-notas"],"jetpack_publicize_connections":[],"jetpack_sharing_enabled":true,"jetpack_featured_media_url":"","jetpack_shortlink":"https:\/\/wp.me\/p7wKYW-6IY","jetpack-related-posts":[],"_links":{"self":[{"href":"http:\/\/blogdalucianaoliveira.com.br\/blog\/wp-json\/wp\/v2\/posts\/25852","targetHints":{"allow":["GET"]}}],"collection":[{"href":"http:\/\/blogdalucianaoliveira.com.br\/blog\/wp-json\/wp\/v2\/posts"}],"about":[{"href":"http:\/\/blogdalucianaoliveira.com.br\/blog\/wp-json\/wp\/v2\/types\/post"}],"author":[{"embeddable":true,"href":"http:\/\/blogdalucianaoliveira.com.br\/blog\/wp-json\/wp\/v2\/users\/1"}],"replies":[{"embeddable":true,"href":"http:\/\/blogdalucianaoliveira.com.br\/blog\/wp-json\/wp\/v2\/comments?post=25852"}],"version-history":[{"count":1,"href":"http:\/\/blogdalucianaoliveira.com.br\/blog\/wp-json\/wp\/v2\/posts\/25852\/revisions"}],"predecessor-version":[{"id":25854,"href":"http:\/\/blogdalucianaoliveira.com.br\/blog\/wp-json\/wp\/v2\/posts\/25852\/revisions\/25854"}],"wp:attachment":[{"href":"http:\/\/blogdalucianaoliveira.com.br\/blog\/wp-json\/wp\/v2\/media?parent=25852"}],"wp:term":[{"taxonomy":"category","embeddable":true,"href":"http:\/\/blogdalucianaoliveira.com.br\/blog\/wp-json\/wp\/v2\/categories?post=25852"},{"taxonomy":"post_tag","embeddable":true,"href":"http:\/\/blogdalucianaoliveira.com.br\/blog\/wp-json\/wp\/v2\/tags?post=25852"}],"curies":[{"name":"wp","href":"https:\/\/api.w.org\/{rel}","templated":true}]}}