{"id":2596,"date":"2016-07-26T11:47:22","date_gmt":"2016-07-26T15:47:22","guid":{"rendered":"http:\/\/blogdalucianaoliveira.com.br\/blog\/?p=2596"},"modified":"2016-07-26T11:47:22","modified_gmt":"2016-07-26T15:47:22","slug":"serra-diz-que-reza-pela-paz-no-mundo-contra-a-perversidade-e-o-desequilibrio-mental","status":"publish","type":"post","link":"http:\/\/blogdalucianaoliveira.com.br\/blog\/2016\/07\/26\/serra-diz-que-reza-pela-paz-no-mundo-contra-a-perversidade-e-o-desequilibrio-mental\/","title":{"rendered":"Serra diz que reza pela paz no mundo, contra a perversidade e o desequil\u00edbrio mental"},"content":{"rendered":"<p><img data-recalc-dims=\"1\" loading=\"lazy\" decoding=\"async\" data-attachment-id=\"2597\" data-permalink=\"http:\/\/blogdalucianaoliveira.com.br\/blog\/2016\/07\/26\/serra-diz-que-reza-pela-paz-no-mundo-contra-a-perversidade-e-o-desequilibrio-mental\/serra\/\" data-orig-file=\"https:\/\/i0.wp.com\/blogdalucianaoliveira.com.br\/blog\/wp-content\/uploads\/2016\/07\/serra.jpg?fit=597%2C336\" data-orig-size=\"597,336\" data-comments-opened=\"0\" data-image-meta=\"{&quot;aperture&quot;:&quot;0&quot;,&quot;credit&quot;:&quot;&quot;,&quot;camera&quot;:&quot;&quot;,&quot;caption&quot;:&quot;&quot;,&quot;created_timestamp&quot;:&quot;0&quot;,&quot;copyright&quot;:&quot;&quot;,&quot;focal_length&quot;:&quot;0&quot;,&quot;iso&quot;:&quot;0&quot;,&quot;shutter_speed&quot;:&quot;0&quot;,&quot;title&quot;:&quot;&quot;,&quot;orientation&quot;:&quot;0&quot;}\" data-image-title=\"serra\" data-image-description=\"\" data-image-caption=\"\" data-medium-file=\"https:\/\/i0.wp.com\/blogdalucianaoliveira.com.br\/blog\/wp-content\/uploads\/2016\/07\/serra.jpg?fit=300%2C169\" data-large-file=\"https:\/\/i0.wp.com\/blogdalucianaoliveira.com.br\/blog\/wp-content\/uploads\/2016\/07\/serra.jpg?fit=597%2C336\" src=\"https:\/\/i0.wp.com\/blogdalucianaoliveira.com.br\/blog\/wp-content\/uploads\/2016\/07\/serra.jpg?resize=597%2C336\" alt=\"serra\" width=\"597\" height=\"336\" class=\"alignnone size-full wp-image-2597\" srcset=\"https:\/\/i0.wp.com\/blogdalucianaoliveira.com.br\/blog\/wp-content\/uploads\/2016\/07\/serra.jpg?w=597 597w, https:\/\/i0.wp.com\/blogdalucianaoliveira.com.br\/blog\/wp-content\/uploads\/2016\/07\/serra.jpg?resize=300%2C169 300w, https:\/\/i0.wp.com\/blogdalucianaoliveira.com.br\/blog\/wp-content\/uploads\/2016\/07\/serra.jpg?resize=533%2C300 533w\" sizes=\"auto, (max-width: 597px) 100vw, 597px\" \/><\/p>\n<p>Era s\u00f3 o que faltava&#8230;<\/p>\n<p>Esperar que Deus ou\u00e7a as preces do ministro de Rela\u00e7\u00f5es Exteriores, Jos\u00e9 Serra, tamb\u00e9m descrito na Desciclop\u00e9dia como Jos\u00e9 Hannibal Lecter Burns Serra, conhecido por Ferra, C\u00e9rebro, Z\u00e9 Ped\u00e1gio, Vampiro An\u00eamico, Sr. Burns, Hannibal Lecter, Tutankhamon, Dr. Silvana, Dr. Evil, Lex Luthor, Sniper Serra, Serra pelada ou mesmo pelo seu famoso slogan &#8220;Finge que funciona!&#8221;.<!--more--><\/p>\n<p>Ele disse que est\u00e1 rezando, isso mesmo, rezando, para n\u00e3o haja problemas de seguran\u00e7a nos Jogos Ol\u00edmpicos do Rio de Janeiro, pois o mundo est\u00e1 &#8220;muito nervoso e em uma etapa muito dif\u00edcil da hist\u00f3ria na qual surgem as coisas mais ex\u00f3ticas&#8221;.<\/p>\n<p>Isso \u00e9 a mais pura verdade, mas vindo dele a observa\u00e7\u00e3o&#8230;<\/p>\n<p>Ele deixou o governo de S\u00e3o Paulo com as marcas do autoritarismo e da trucul\u00eancia policial contra professores que protestaram. Em sua visita recene \u00e0 Paris, chamou at\u00e9 a pol\u00edcia francesa para inibir um protesto de brasileiros contra ele contra o golpe no Brasil. <\/p>\n<p>Em carta, brasileiros residentes na Franca, membros do Movimento Democr\u00e1tico 18 de Mar\u00e7o, justificaram a manifesta\u00e7\u00e3o pac\u00edfica: &#8220;O Senador Jos\u00e9 Serra, participante de primeira hora das articula\u00e7\u00f5es subterr\u00e2neas que levaram ao afastamento da Presidenta, assume interinamente o Minist\u00e9rio das Rela\u00e7\u00f5es Exteriores do Brasil,portanto, de forma ileg\u00edtima e pouco \u00e9tica.&#8221;<\/p>\n<p>D\u00e1 pra acreditar que Deus vai ouvir a reza de um homem t\u00e3o pac\u00edfico como Serra?<\/p>\n","protected":false},"excerpt":{"rendered":"<p>Era s\u00f3 o que faltava&#8230; Esperar que Deus ou\u00e7a as preces do ministro de Rela\u00e7\u00f5es Exteriores, Jos\u00e9 Serra, tamb\u00e9m descrito na Desciclop\u00e9dia como Jos\u00e9 Hannibal Lecter Burns Serra, conhecido por Ferra, C\u00e9rebro, Z\u00e9 Ped\u00e1gio, Vampiro An\u00eamico, Sr. Burns, Hannibal Lecter, Tutankhamon, Dr. Silvana, Dr. Evil, Lex Luthor, Sniper Serra, Serra pelada ou mesmo pelo seu&#8230;<a class=\"more-link\" href=\"http:\/\/blogdalucianaoliveira.com.br\/blog\/2016\/07\/26\/serra-diz-que-reza-pela-paz-no-mundo-contra-a-perversidade-e-o-desequilibrio-mental\/\">Continue a leitura <span class=\"meta-nav\">&raquo;<\/span><\/a><\/p>\n","protected":false},"author":1,"featured_media":0,"comment_status":"closed","ping_status":"open","sticky":false,"template":"","format":"standard","meta":{"_exactmetrics_skip_tracking":false,"_exactmetrics_sitenote_active":false,"_exactmetrics_sitenote_note":"","_exactmetrics_sitenote_category":0,"jetpack_post_was_ever_published":false,"_jetpack_newsletter_access":"","_jetpack_dont_email_post_to_subs":false,"_jetpack_newsletter_tier_id":0,"_jetpack_memberships_contains_paywalled_content":false,"_jetpack_memberships_contains_paid_content":false,"footnotes":"","jetpack_publicize_message":"","jetpack_publicize_feature_enabled":true,"jetpack_social_post_already_shared":true,"jetpack_social_options":{"image_generator_settings":{"template":"highway","enabled":false},"version":2}},"categories":[1],"tags":[],"class_list":["post-2596","post","type-post","status-publish","format-standard","hentry","category-notas"],"jetpack_publicize_connections":[],"jetpack_sharing_enabled":true,"jetpack_featured_media_url":"","jetpack_shortlink":"https:\/\/wp.me\/p7wKYW-FS","jetpack-related-posts":[],"_links":{"self":[{"href":"http:\/\/blogdalucianaoliveira.com.br\/blog\/wp-json\/wp\/v2\/posts\/2596","targetHints":{"allow":["GET"]}}],"collection":[{"href":"http:\/\/blogdalucianaoliveira.com.br\/blog\/wp-json\/wp\/v2\/posts"}],"about":[{"href":"http:\/\/blogdalucianaoliveira.com.br\/blog\/wp-json\/wp\/v2\/types\/post"}],"author":[{"embeddable":true,"href":"http:\/\/blogdalucianaoliveira.com.br\/blog\/wp-json\/wp\/v2\/users\/1"}],"replies":[{"embeddable":true,"href":"http:\/\/blogdalucianaoliveira.com.br\/blog\/wp-json\/wp\/v2\/comments?post=2596"}],"version-history":[{"count":1,"href":"http:\/\/blogdalucianaoliveira.com.br\/blog\/wp-json\/wp\/v2\/posts\/2596\/revisions"}],"predecessor-version":[{"id":2598,"href":"http:\/\/blogdalucianaoliveira.com.br\/blog\/wp-json\/wp\/v2\/posts\/2596\/revisions\/2598"}],"wp:attachment":[{"href":"http:\/\/blogdalucianaoliveira.com.br\/blog\/wp-json\/wp\/v2\/media?parent=2596"}],"wp:term":[{"taxonomy":"category","embeddable":true,"href":"http:\/\/blogdalucianaoliveira.com.br\/blog\/wp-json\/wp\/v2\/categories?post=2596"},{"taxonomy":"post_tag","embeddable":true,"href":"http:\/\/blogdalucianaoliveira.com.br\/blog\/wp-json\/wp\/v2\/tags?post=2596"}],"curies":[{"name":"wp","href":"https:\/\/api.w.org\/{rel}","templated":true}]}}