{"id":2608,"date":"2016-07-26T17:33:03","date_gmt":"2016-07-26T21:33:03","guid":{"rendered":"http:\/\/blogdalucianaoliveira.com.br\/blog\/?p=2608"},"modified":"2016-07-26T17:33:03","modified_gmt":"2016-07-26T21:33:03","slug":"me-vem-brecht-de-novo-a-cabeca-um-dia-levarao-advogados-e-quem-nao-for-advogado-nao-vai-dar-a-minima-o-que-a-oab-esperava-se-aliando-a-golpistas","status":"publish","type":"post","link":"http:\/\/blogdalucianaoliveira.com.br\/blog\/2016\/07\/26\/me-vem-brecht-de-novo-a-cabeca-um-dia-levarao-advogados-e-quem-nao-for-advogado-nao-vai-dar-a-minima-o-que-a-oab-esperava-se-aliando-a-golpistas\/","title":{"rendered":"Me vem Brecht de novo \u00e0 cabe\u00e7a: um dia levar\u00e3o advogados e quem n\u00e3o for advogado n\u00e3o vai dar a m\u00ednima. O que a OAB esperava se aliando a golpistas?"},"content":{"rendered":"<p><img data-recalc-dims=\"1\" loading=\"lazy\" decoding=\"async\" data-attachment-id=\"2611\" data-permalink=\"http:\/\/blogdalucianaoliveira.com.br\/blog\/2016\/07\/26\/me-vem-brecht-de-novo-a-cabeca-um-dia-levarao-advogados-e-quem-nao-for-advogado-nao-vai-dar-a-minima-o-que-a-oab-esperava-se-aliando-a-golpistas\/image-595\/\" data-orig-file=\"https:\/\/i0.wp.com\/blogdalucianaoliveira.com.br\/blog\/wp-content\/uploads\/2016\/07\/image-145.jpeg?fit=745%2C829\" data-orig-size=\"745,829\" data-comments-opened=\"0\" data-image-meta=\"{&quot;aperture&quot;:&quot;0&quot;,&quot;credit&quot;:&quot;&quot;,&quot;camera&quot;:&quot;&quot;,&quot;caption&quot;:&quot;&quot;,&quot;created_timestamp&quot;:&quot;0&quot;,&quot;copyright&quot;:&quot;&quot;,&quot;focal_length&quot;:&quot;0&quot;,&quot;iso&quot;:&quot;0&quot;,&quot;shutter_speed&quot;:&quot;0&quot;,&quot;title&quot;:&quot;&quot;,&quot;orientation&quot;:&quot;0&quot;}\" data-image-title=\"image\" data-image-description=\"\" data-image-caption=\"\" data-medium-file=\"https:\/\/i0.wp.com\/blogdalucianaoliveira.com.br\/blog\/wp-content\/uploads\/2016\/07\/image-145.jpeg?fit=270%2C300\" data-large-file=\"https:\/\/i0.wp.com\/blogdalucianaoliveira.com.br\/blog\/wp-content\/uploads\/2016\/07\/image-145.jpeg?fit=600%2C668\" src=\"https:\/\/i0.wp.com\/blogdalucianaoliveira.com.br\/blog\/wp-content\/uploads\/2016\/07\/image-145.jpeg?resize=600%2C668\" alt=\"image\" width=\"600\" height=\"668\" class=\"alignnone size-full wp-image-2611\" srcset=\"https:\/\/i0.wp.com\/blogdalucianaoliveira.com.br\/blog\/wp-content\/uploads\/2016\/07\/image-145.jpeg?w=745 745w, https:\/\/i0.wp.com\/blogdalucianaoliveira.com.br\/blog\/wp-content\/uploads\/2016\/07\/image-145.jpeg?resize=270%2C300 270w\" sizes=\"auto, (max-width: 600px) 100vw, 600px\" \/><\/p>\n<p>Advogados s\u00e3o impedidos de ver presos suspeitos de preparar atos de terror<!--more--><\/p>\n<p>M\u00e1rcio Neves e Vin\u00edcius Segalla<br \/>\nDo UOL, em S\u00e3o Paulo<\/p>\n<p>Advogados dos suspeitos de preparar atos terroristas afirmaram ao UOL Esporte que foram impedidos de ver seus clientes na \u00faltima sexta-feira. Os acusados detidos na \u00faltima quinta pela opera\u00e7\u00e3o Hashtag por suspeita de atos terroristas est\u00e3o presos em um pres\u00eddio federal de seguran\u00e7a m\u00e1xima no Mato Grosso do Sul.<\/p>\n<p>A reportagem apurou que as autoridades no local n\u00e3o deixaram que os presos sequer assinassem as procura\u00e7\u00f5es que tornariam os advogados formalmente seus representantes legais. Sem posse deste documento, os advogados disseram que n\u00e3o podem ter acesso aos autos da investiga\u00e7\u00e3o, conhecer os motivos que levaram seus clientes a serem presos e nem entrar com um pedido de habeas corpus caso entendam que a pris\u00e3o tenha sido ilegal.<\/p>\n<p>O Minist\u00e9rio da Justi\u00e7a, pasta que administra todo o sistema penitenci\u00e1rio federal, justificou a proibi\u00e7\u00e3o com base em uma portaria que data do dia 28 de junho deste ano.<\/p>\n<p>A &#8220;Portaria N\u00famero 4 da Diretoria do Sistema Penitenci\u00e1rio Federal&#8221; versa sobre as &#8220;regras para o atendimento de advogados aos presos custodiados nas penitenci\u00e1rias federais&#8221;.<\/p>\n<p>O documento preconiza que presos no sistema penitenci\u00e1rio federal s\u00f3 poder\u00e3o receber a visita de advogados uma vez por semana, apenas nas segundas, ter\u00e7as e sextas-feiras, por um per\u00edodo m\u00e1ximo de uma hora.<\/p>\n<p>Mas, caso os advogados ainda n\u00e3o sejam oficialmente constitu\u00eddos como representantes legais de seus clientes, ent\u00e3o eles devem enviar a procura\u00e7\u00e3o para an\u00e1lise do departamento jur\u00eddico da unidade prisional, que tem, a partir da\u00ed, de acordo com os defensores, dez dias para analisar o documento.<\/p>\n<p>No \u00faltimo s\u00e1bado, ent\u00e3o, os advogados de alguns dos suspeitos chegaram a Mato Grosso do Sul para conhecer seus clientes, uma vez que foram contratados pelas fam\u00edlias ap\u00f3s a inesperada pris\u00e3o dos acusados de preparar atos terroristas. Afirmaram que n\u00e3o puderam ver seus clientes nem sair dali com a procura\u00e7\u00e3o assinada, para ter acesso aos autos.<\/p>\n<p>&#8220;Ou seja, gra\u00e7as \u00e0 nova portaria do Minist\u00e9rio da Justi\u00e7a, publicada menos de um m\u00eas antes da opera\u00e7\u00e3o da Pol\u00edcia Federal que prendeu os 11 suspeitos, eles ficar\u00e3o incomunic\u00e1veis e sem advogados por at\u00e9 10 dias&#8221;, afirmou um dos advogados ao UOL, que pediu para n\u00e3o ser identificado. &#8220;Uma das principais consequ\u00eancias prejudiciais para os r\u00e9us \u00e9 que eles est\u00e3o depondo aos policiais sem qualquer orienta\u00e7\u00e3o ou acompanhamento de seus representantes legais&#8221;, completou.<\/p>\n<p>O UOL Esporte apurou que at\u00e9 a noite de s\u00e1bado (22) pelo menos cinco dos 11 presos j\u00e1 haviam sido ouvidos pelas autoridades federais no pres\u00eddio de Mato Grosso do Sul.<\/p>\n<p>Para o advogado, a portaria do Minist\u00e9rio da Justi\u00e7a &#8220;fere direitos constitucionais basilares, j\u00e1 que limitam o direito a ampla defesa e concedem poderes desproporcionais ao Estado em rela\u00e7\u00e3o ao indiv\u00edduo&#8221;. Segundo a Pol\u00edcia Federal, todos os procedimentos da Opera\u00e7\u00e3o Hashtag &#8220;est\u00e3o rigorosamente enquadrados nos limites da Lei.&#8221;<\/p>\n","protected":false},"excerpt":{"rendered":"<p>Advogados s\u00e3o impedidos de ver presos suspeitos de preparar atos de terror<\/p>\n","protected":false},"author":1,"featured_media":0,"comment_status":"closed","ping_status":"open","sticky":false,"template":"","format":"standard","meta":{"_exactmetrics_skip_tracking":false,"_exactmetrics_sitenote_active":false,"_exactmetrics_sitenote_note":"","_exactmetrics_sitenote_category":0,"jetpack_post_was_ever_published":false,"_jetpack_newsletter_access":"","_jetpack_dont_email_post_to_subs":false,"_jetpack_newsletter_tier_id":0,"_jetpack_memberships_contains_paywalled_content":false,"_jetpack_memberships_contains_paid_content":false,"footnotes":"","jetpack_publicize_message":"","jetpack_publicize_feature_enabled":true,"jetpack_social_post_already_shared":true,"jetpack_social_options":{"image_generator_settings":{"template":"highway","enabled":false},"version":2}},"categories":[1],"tags":[],"class_list":["post-2608","post","type-post","status-publish","format-standard","hentry","category-notas"],"jetpack_publicize_connections":[],"jetpack_sharing_enabled":true,"jetpack_featured_media_url":"","jetpack_shortlink":"https:\/\/wp.me\/p7wKYW-G4","jetpack-related-posts":[],"_links":{"self":[{"href":"http:\/\/blogdalucianaoliveira.com.br\/blog\/wp-json\/wp\/v2\/posts\/2608","targetHints":{"allow":["GET"]}}],"collection":[{"href":"http:\/\/blogdalucianaoliveira.com.br\/blog\/wp-json\/wp\/v2\/posts"}],"about":[{"href":"http:\/\/blogdalucianaoliveira.com.br\/blog\/wp-json\/wp\/v2\/types\/post"}],"author":[{"embeddable":true,"href":"http:\/\/blogdalucianaoliveira.com.br\/blog\/wp-json\/wp\/v2\/users\/1"}],"replies":[{"embeddable":true,"href":"http:\/\/blogdalucianaoliveira.com.br\/blog\/wp-json\/wp\/v2\/comments?post=2608"}],"version-history":[{"count":1,"href":"http:\/\/blogdalucianaoliveira.com.br\/blog\/wp-json\/wp\/v2\/posts\/2608\/revisions"}],"predecessor-version":[{"id":2612,"href":"http:\/\/blogdalucianaoliveira.com.br\/blog\/wp-json\/wp\/v2\/posts\/2608\/revisions\/2612"}],"wp:attachment":[{"href":"http:\/\/blogdalucianaoliveira.com.br\/blog\/wp-json\/wp\/v2\/media?parent=2608"}],"wp:term":[{"taxonomy":"category","embeddable":true,"href":"http:\/\/blogdalucianaoliveira.com.br\/blog\/wp-json\/wp\/v2\/categories?post=2608"},{"taxonomy":"post_tag","embeddable":true,"href":"http:\/\/blogdalucianaoliveira.com.br\/blog\/wp-json\/wp\/v2\/tags?post=2608"}],"curies":[{"name":"wp","href":"https:\/\/api.w.org\/{rel}","templated":true}]}}