{"id":26107,"date":"2020-01-20T18:54:36","date_gmt":"2020-01-20T22:54:36","guid":{"rendered":"http:\/\/blogdalucianaoliveira.com.br\/blog\/?p=26107"},"modified":"2020-01-20T18:54:46","modified_gmt":"2020-01-20T22:54:46","slug":"como-secretaria-de-cultura-regina-duarte-tem-historico-de-conservadorismo-politico","status":"publish","type":"post","link":"http:\/\/blogdalucianaoliveira.com.br\/blog\/2020\/01\/20\/como-secretaria-de-cultura-regina-duarte-tem-historico-de-conservadorismo-politico\/","title":{"rendered":"Como secret\u00e1ria de Cultura, Regina Duarte tem hist\u00f3rico de conservadorismo pol\u00edtico"},"content":{"rendered":"\n<figure class=\"wp-block-image\"><img data-recalc-dims=\"1\" decoding=\"async\" src=\"https:\/\/i0.wp.com\/farm66.staticflickr.com\/65535\/49416168086_0839d4e0ec_z.jpg?w=600&#038;ssl=1\" alt=\"Aliada de Bolsonaro, atriz Regina Duarte \u00e9 associada a pautas pol\u00edticas conservadoras e virou s\u00edmbolo do antipetismo  - Cr\u00e9ditos: Foto: Reprodu\u00e7\u00e3o\/Instagram\"\/><\/figure>\n\n\n\n<h4 class=\"wp-block-heading\">Atriz j\u00e1 defendeu corte de verbas de Bolsonaro na Cultura e fez manifesta\u00e7\u00f5es contr\u00e1rias a demarca\u00e7\u00f5es ind\u00edgenas<\/h4>\n\n\n\n<!--more-->\n\n\n\n<p>Cristiane Sampaio<\/p>\n\n\n\n<p>Brasil de Fato | Bras\u00edlia (DF)<\/p>\n\n\n\n<p>A atriz Regina Duarte dever\u00e1&nbsp;assumir o posto de secret\u00e1ria Especial de Cultura no lugar do dramaturgo&nbsp;<a href=\"https:\/\/www.brasildefato.com.br\/2020\/01\/17\/o-legado-de-alvim-os-prejuizos-deixados-pelo-secretario-que-copiou-discurso-nazista\/\" target=\"_blank\" rel=\"noreferrer noopener\">Roberto Alvim, que foi demitido na semana passada ap\u00f3s protagonizar um v\u00eddeo com conte\u00fado nazista<\/a>. A informa\u00e7\u00e3o sobre o&nbsp;aceite, o qual&nbsp;ela&nbsp;caracterizou como um &#8220;teste&#8221;,&nbsp;do convite por parte da atriz foi divulgada nesta segunda-feira (20), ap\u00f3s uma reuni\u00e3o entre ela e o presidente Jair Bolsonaro (sem partido). &nbsp;&nbsp;<\/p>\n\n\n\n<p>\u201cTivemos uma excelente conversa sobre o futuro da cultura no Brasil. Iniciamos um \u2018noivado\u2019 que possivelmente trar\u00e1 frutos ao pa\u00eds\u201d, disse o chefe do Executivo por meio de sua conta no Twitter.<\/p>\n\n\n\n<p>A atriz ficou de dar a reposta definitiva, no entanto, na quarta-feira (22), quando viajar\u00e1 a Bras\u00edlia.&nbsp;<\/p>\n\n\n\n<p>A nomea\u00e7\u00e3o da atriz para a pasta \u00e9 controversa mesmo dentro do meio art\u00edstico por conta do perfil de Regina, que \u00e9 associada \u00e0 defesa de pautas conversadoras na pol\u00edtica e medidas neoliberais na economia. Ao longo de 2019, ela fez diferentes postagens nas redes sociais em que defendeu o presidente Bolsonaro e ministros como S\u00e9rgio Moro, da Justi\u00e7a e Seguran\u00e7a P\u00fablica,&nbsp;e Paulo Guedes, da Economia. &nbsp;<\/p>\n\n\n\n<p>No ano passado, por exemplo, em entrevista ao jornalista Pedro Bial, da TV Globo, a atriz chegou a defender os cortes de verbas do governo na \u00e1rea de Cultura, afirmando que seria o momento de \u201ccontrolar os gastos\u201d \u2013 a asfixia or\u00e7ament\u00e1ria \u00e9 uma das principais cr\u00edticas encampadas pelo meio art\u00edstico \u00e0 gest\u00e3o do capit\u00e3o reformado.<\/p>\n\n\n\n<p>Al\u00e9m disso, em 2017, quando o ent\u00e3o presidente Michel Temer (MDB) sinalizou que acabaria com o Minist\u00e9rio da Cultura, Regina Duarte defendeu a extin\u00e7\u00e3o da pasta, que havia sido criada em 1985. &nbsp;<\/p>\n\n\n\n<p>\u201cSe o pa\u00eds est\u00e1 \u2019em coma\u2019, n\u00e3o entendo a insist\u00eancia no autoengano de achar que a Cultura pode se safar, sadia, do desconserto geral que nos abateu. Na teoria (linda!) a pr\u00e1tica \u00e9 outra (dolorida).&nbsp;Sou a favor da ideia de manter a Cultura internada no \u2018Hospital\u2019 da Educa\u00e7\u00e3o.&nbsp;Depois da possibilidade de \u2018alta\u2019, vamos ver o que pode ser melhor para ela e para todos n\u00f3s, brasileiros\u201d, disse, na \u00e9poca. &nbsp;<\/p>\n\n\n\n<p>Agora, segundo jornais da m\u00eddia empresarial, Bolsonaro estaria reavaliando a recria\u00e7\u00e3o do minist\u00e9rio para que a atriz pudesse ficar \u00e0 frente da pasta. Em tom de deboche, o ator Jos\u00e9 de Abreu criticou a indica\u00e7\u00e3o dela para o cargo de secret\u00e1ria.<\/p>\n\n\n\n<p>\u201cBreking Faking News: Regina Duarte exige a recria\u00e7\u00e3o do Minist\u00e9rio da Cultura para participar do governo. \u2018Sempre fui a protagonista, n\u00e3o ser\u00e1 agora que vou ser a secret\u00e1ria. Quase n\u00e3o tem fala!\u2019\u201d, ironizou, pelo Twitter. &nbsp;<\/p>\n\n\n\n<p>A documentarista&nbsp;Debora Diniz se somou \u00e0s rea\u00e7\u00f5es cr\u00edticas, afirmando que \u201cpersonagem e criatura se confundem na adora\u00e7\u00e3o que ela devota ao presidente Bolsonaro\u201d. \u201cEla \u00e9 a mat\u00e9ria que incorpora a libido do poder patriarcal. Uma mulher em submiss\u00e3o encantada\u201d, disse, tamb\u00e9m pela rede social. &nbsp;&nbsp;<\/p>\n\n\n\n<p>Hist\u00f3rico pol\u00edtico<\/p>\n\n\n\n<p>A indica\u00e7\u00e3o para a secretaria e a defesa da extin\u00e7\u00e3o do minist\u00e9rio n\u00e3o s\u00e3o as \u00fanicas controv\u00e9rsias que circundam o nome da atriz, que j\u00e1 protagonizou outras pol\u00eamicas relacionadas ao mundo pol\u00edtico. &nbsp;<\/p>\n\n\n\n<p>Nas elei\u00e7\u00f5es presidenciais de 2002, por exemplo, a frase \u201ceu estou com medo\u201d, proferida por Regina Duarte em campanha nacional a favor de Jos\u00e9 Serra (PSDB), marcou a disputa. Na ocasi\u00e3o, ela se referia \u00e0 poss\u00edvel elei\u00e7\u00e3o de Luiz&nbsp;In\u00e1cio Lula da Silva (PT). Ao se engajar no pleito, a atriz acabou se tornando um dos s\u00edmbolos da polariza\u00e7\u00e3o pol\u00edtica entre PT e PSDB e passou a ser associada a manifesta\u00e7\u00f5es de car\u00e1ter conservador e antipetista.<\/p>\n\n\n\n<p><strong>Contra ind\u00edgenas<\/strong><\/p>\n\n\n\n<p>Regina Duarte tamb\u00e9m tem hist\u00f3rico de cr\u00edticas \u00e0s demandas pautadas pelo movimento ind\u00edgena no que se refere \u00e0s demarca\u00e7\u00f5es de terra \u2013 bandeira principal das comunidades tradicionais e alvo frequente do ruralismo. &nbsp;<\/p>\n\n\n\n<p>Em 2009, por exemplo, ao participar da 45\u00aa Exposi\u00e7\u00e3o Agropecu\u00e1ria e Comercial (Expoagro), em Dourados (MS), a atriz se mostrou solid\u00e1ria aos produtores rurais do estado que lutavam contra demarca\u00e7\u00f5es ind\u00edgenas e quilombolas.<\/p>\n\n\n\n<p>\u201cPodem contar comigo, da mesma forma que estive presente nos momentos mais importantes da pol\u00edtica brasileira\u201d, disse, na ocasi\u00e3o, acrescentando que \u201co direito \u00e0 propriedade \u00e9 inalien\u00e1vel\u201d. \u201cConfesso que em Dourados voltei a sentir medo\u201d, destacou ainda, ao se referir a despachos da Funda\u00e7\u00e3o Nacional do \u00cdndio (Funai) que previam a cria\u00e7\u00e3o de reservas de comunidades tradicionais na regi\u00e3o.<\/p>\n\n\n\n<p>Casada com o pecuarista Eduardo Lippincott desde 2002, a atriz mant\u00e9m junto com o marido um criat\u00f3rio de gado de elite apontado como um dos melhores do pa\u00eds. Lippincott atua no ramo h\u00e1 mais de 40 anos e os dois frequentam os espa\u00e7os de poder e prest\u00edgio do agroneg\u00f3cio.<\/p>\n\n\n\n<p>Apesar de a Secretaria Especial de Cultura n\u00e3o ter liga\u00e7\u00e3o com demandas de reconhecimento e demarca\u00e7\u00e3o de terras ind\u00edgenas, entidades que acompanham o tema se mostram cr\u00edticas \u00e0 nomea\u00e7\u00e3o da atriz para o cargo.<\/p>\n\n\n\n<p>\u201cA gente lamenta isso e acha que esse tipo de postura [dela] em nada vai contribuir pra cultura no Brasil e tampouco pra quest\u00e3o ind\u00edgena, porque ela vai respaldar um governo que \u00e9 contra as demarca\u00e7\u00f5es e os direitos ind\u00edgenas. A nomea\u00e7\u00e3o dela vai significar simplesmente um refor\u00e7o nessa postura extremamente preconceituosa e de \u00f3dio que est\u00e1 existindo no Brasil\u201d, avalia o secret\u00e1rio-executivo do Conselho Indigenista Mission\u00e1rio (Cimi), Eduardo Cerqueira de Oliveira. &nbsp;<\/p>\n\n\n\n<p>O governo Bolsonaro ainda n\u00e3o confirmou em que data a atriz tomar\u00e1 posse. Com a sa\u00edda de Alvim, o secret\u00e1rio-adjunto da pasta, Jos\u00e9 Paulo Martins, assumiu o cargo interinamente.<\/p>\n\n\n\n<p>Edi\u00e7\u00e3o: Vivian Fernandes<br><\/p>\n","protected":false},"excerpt":{"rendered":"<p>Atriz j\u00e1 defendeu corte de verbas de Bolsonaro na Cultura e fez manifesta\u00e7\u00f5es contr\u00e1rias a demarca\u00e7\u00f5es ind\u00edgenas<\/p>\n","protected":false},"author":1,"featured_media":0,"comment_status":"closed","ping_status":"open","sticky":false,"template":"","format":"standard","meta":{"_exactmetrics_skip_tracking":false,"_exactmetrics_sitenote_active":false,"_exactmetrics_sitenote_note":"","_exactmetrics_sitenote_category":0,"jetpack_post_was_ever_published":false,"_jetpack_newsletter_access":"","_jetpack_dont_email_post_to_subs":false,"_jetpack_newsletter_tier_id":0,"_jetpack_memberships_contains_paywalled_content":false,"_jetpack_memberships_contains_paid_content":false,"footnotes":"","jetpack_publicize_message":"","jetpack_publicize_feature_enabled":true,"jetpack_social_post_already_shared":true,"jetpack_social_options":{"image_generator_settings":{"template":"highway","enabled":false},"version":2}},"categories":[1],"tags":[],"class_list":["post-26107","post","type-post","status-publish","format-standard","hentry","category-notas"],"jetpack_publicize_connections":[],"jetpack_sharing_enabled":true,"jetpack_featured_media_url":"","jetpack_shortlink":"https:\/\/wp.me\/p7wKYW-6N5","jetpack-related-posts":[],"_links":{"self":[{"href":"http:\/\/blogdalucianaoliveira.com.br\/blog\/wp-json\/wp\/v2\/posts\/26107","targetHints":{"allow":["GET"]}}],"collection":[{"href":"http:\/\/blogdalucianaoliveira.com.br\/blog\/wp-json\/wp\/v2\/posts"}],"about":[{"href":"http:\/\/blogdalucianaoliveira.com.br\/blog\/wp-json\/wp\/v2\/types\/post"}],"author":[{"embeddable":true,"href":"http:\/\/blogdalucianaoliveira.com.br\/blog\/wp-json\/wp\/v2\/users\/1"}],"replies":[{"embeddable":true,"href":"http:\/\/blogdalucianaoliveira.com.br\/blog\/wp-json\/wp\/v2\/comments?post=26107"}],"version-history":[{"count":1,"href":"http:\/\/blogdalucianaoliveira.com.br\/blog\/wp-json\/wp\/v2\/posts\/26107\/revisions"}],"predecessor-version":[{"id":26108,"href":"http:\/\/blogdalucianaoliveira.com.br\/blog\/wp-json\/wp\/v2\/posts\/26107\/revisions\/26108"}],"wp:attachment":[{"href":"http:\/\/blogdalucianaoliveira.com.br\/blog\/wp-json\/wp\/v2\/media?parent=26107"}],"wp:term":[{"taxonomy":"category","embeddable":true,"href":"http:\/\/blogdalucianaoliveira.com.br\/blog\/wp-json\/wp\/v2\/categories?post=26107"},{"taxonomy":"post_tag","embeddable":true,"href":"http:\/\/blogdalucianaoliveira.com.br\/blog\/wp-json\/wp\/v2\/tags?post=26107"}],"curies":[{"name":"wp","href":"https:\/\/api.w.org\/{rel}","templated":true}]}}