{"id":26109,"date":"2020-01-20T22:09:29","date_gmt":"2020-01-21T02:09:29","guid":{"rendered":"http:\/\/blogdalucianaoliveira.com.br\/blog\/?p=26109"},"modified":"2020-01-20T22:09:42","modified_gmt":"2020-01-21T02:09:42","slug":"mas-minha-filha-por-que-nao-casa-bem","status":"publish","type":"post","link":"http:\/\/blogdalucianaoliveira.com.br\/blog\/2020\/01\/20\/mas-minha-filha-por-que-nao-casa-bem\/","title":{"rendered":"Mas, minha filha, por que n\u00e3o casa bem?"},"content":{"rendered":"\n<figure class=\"wp-block-image size-large\"><img data-recalc-dims=\"1\" loading=\"lazy\" decoding=\"async\" width=\"334\" height=\"355\" data-attachment-id=\"26110\" data-permalink=\"http:\/\/blogdalucianaoliveira.com.br\/blog\/2020\/01\/20\/mas-minha-filha-por-que-nao-casa-bem\/98313d2c-b92e-4245-97a9-35309afae83d\/\" data-orig-file=\"https:\/\/i0.wp.com\/blogdalucianaoliveira.com.br\/blog\/wp-content\/uploads\/2020\/01\/98313D2C-B92E-4245-97A9-35309AFAE83D.jpeg?fit=334%2C355\" data-orig-size=\"334,355\" data-comments-opened=\"0\" data-image-meta=\"{&quot;aperture&quot;:&quot;0&quot;,&quot;credit&quot;:&quot;&quot;,&quot;camera&quot;:&quot;&quot;,&quot;caption&quot;:&quot;&quot;,&quot;created_timestamp&quot;:&quot;0&quot;,&quot;copyright&quot;:&quot;&quot;,&quot;focal_length&quot;:&quot;0&quot;,&quot;iso&quot;:&quot;0&quot;,&quot;shutter_speed&quot;:&quot;0&quot;,&quot;title&quot;:&quot;&quot;,&quot;orientation&quot;:&quot;0&quot;}\" data-image-title=\"98313D2C-B92E-4245-97A9-35309AFAE83D\" data-image-description=\"\" data-image-caption=\"\" data-medium-file=\"https:\/\/i0.wp.com\/blogdalucianaoliveira.com.br\/blog\/wp-content\/uploads\/2020\/01\/98313D2C-B92E-4245-97A9-35309AFAE83D.jpeg?fit=282%2C300\" data-large-file=\"https:\/\/i0.wp.com\/blogdalucianaoliveira.com.br\/blog\/wp-content\/uploads\/2020\/01\/98313D2C-B92E-4245-97A9-35309AFAE83D.jpeg?fit=334%2C355\" src=\"https:\/\/i0.wp.com\/blogdalucianaoliveira.com.br\/blog\/wp-content\/uploads\/2020\/01\/98313D2C-B92E-4245-97A9-35309AFAE83D.jpeg?resize=334%2C355\" alt=\"\" class=\"wp-image-26110\" srcset=\"https:\/\/i0.wp.com\/blogdalucianaoliveira.com.br\/blog\/wp-content\/uploads\/2020\/01\/98313D2C-B92E-4245-97A9-35309AFAE83D.jpeg?w=334 334w, https:\/\/i0.wp.com\/blogdalucianaoliveira.com.br\/blog\/wp-content\/uploads\/2020\/01\/98313D2C-B92E-4245-97A9-35309AFAE83D.jpeg?resize=282%2C300 282w\" sizes=\"auto, (max-width: 334px) 100vw, 334px\" \/><\/figure>\n\n\n\n<p>A atriz Regina Duarte diz ter ficado noiva do governo Bolsonaro ao aceitar \u2018testar\u2019 comandar a Secretaria de Cultura.<\/p>\n\n\n\n<p>N\u00e3o vinga casamento com fingimento e a analogia com o compromisso com a cultura exp\u00f5e isso. <\/p>\n\n\n\n<!--more-->\n\n\n\n<p>Ao \u2018noivar\u2019 com o governo neofascista, o que Regina fez foi se divorciar da cultura. <\/p>\n\n\n\n<p>O \u2018noivo\u2019 destruiu todas as pol\u00edticas culturais e sufocou a liberdade art\u00edstica. <\/p>\n\n\n\n<p>A defesa da cultura \u00e9 incompat\u00edvel com a defesa desse governo. <\/p>\n\n\n\n<p>Quem d\u00e1 vaga \u00e0 atriz, apresentou um projeto nazista para a cultura. <\/p>\n\n\n\n<p>Ela topou a conveni\u00eancia da troca, mas sabe perfeitamente que o dito \u00e9 o que ser\u00e1 feito. <\/p>\n\n\n\n<p>Como a atriz, muitos do meio cultural se encantaram com o bolsonarismo, movimento que une pessoas de sentimentos ruins e imprest\u00e1veis. Nada erguem, tudo derrubam. <\/p>\n\n\n\n<p>V\u00e3o acabar como ela, sem o respeito dos que convivem. <\/p>\n\n\n\n<p>Quem tem, n\u00e3o testa o amor \u00e0 cultura. O ostenta contra e n\u00e3o a favor de quem despreza.<\/p>\n","protected":false},"excerpt":{"rendered":"<p>A atriz Regina Duarte diz ter ficado noiva do governo Bolsonaro ao aceitar \u2018testar\u2019 comandar a Secretaria de Cultura. N\u00e3o vinga casamento com fingimento e a analogia com o compromisso com a cultura exp\u00f5e isso.<\/p>\n","protected":false},"author":1,"featured_media":0,"comment_status":"closed","ping_status":"open","sticky":false,"template":"","format":"standard","meta":{"_exactmetrics_skip_tracking":false,"_exactmetrics_sitenote_active":false,"_exactmetrics_sitenote_note":"","_exactmetrics_sitenote_category":0,"jetpack_post_was_ever_published":false,"_jetpack_newsletter_access":"","_jetpack_dont_email_post_to_subs":false,"_jetpack_newsletter_tier_id":0,"_jetpack_memberships_contains_paywalled_content":false,"_jetpack_memberships_contains_paid_content":false,"footnotes":"","jetpack_publicize_message":"","jetpack_publicize_feature_enabled":true,"jetpack_social_post_already_shared":true,"jetpack_social_options":{"image_generator_settings":{"template":"highway","enabled":false},"version":2}},"categories":[1],"tags":[],"class_list":["post-26109","post","type-post","status-publish","format-standard","hentry","category-notas"],"jetpack_publicize_connections":[],"jetpack_sharing_enabled":true,"jetpack_featured_media_url":"","jetpack_shortlink":"https:\/\/wp.me\/p7wKYW-6N7","jetpack-related-posts":[],"_links":{"self":[{"href":"http:\/\/blogdalucianaoliveira.com.br\/blog\/wp-json\/wp\/v2\/posts\/26109","targetHints":{"allow":["GET"]}}],"collection":[{"href":"http:\/\/blogdalucianaoliveira.com.br\/blog\/wp-json\/wp\/v2\/posts"}],"about":[{"href":"http:\/\/blogdalucianaoliveira.com.br\/blog\/wp-json\/wp\/v2\/types\/post"}],"author":[{"embeddable":true,"href":"http:\/\/blogdalucianaoliveira.com.br\/blog\/wp-json\/wp\/v2\/users\/1"}],"replies":[{"embeddable":true,"href":"http:\/\/blogdalucianaoliveira.com.br\/blog\/wp-json\/wp\/v2\/comments?post=26109"}],"version-history":[{"count":1,"href":"http:\/\/blogdalucianaoliveira.com.br\/blog\/wp-json\/wp\/v2\/posts\/26109\/revisions"}],"predecessor-version":[{"id":26111,"href":"http:\/\/blogdalucianaoliveira.com.br\/blog\/wp-json\/wp\/v2\/posts\/26109\/revisions\/26111"}],"wp:attachment":[{"href":"http:\/\/blogdalucianaoliveira.com.br\/blog\/wp-json\/wp\/v2\/media?parent=26109"}],"wp:term":[{"taxonomy":"category","embeddable":true,"href":"http:\/\/blogdalucianaoliveira.com.br\/blog\/wp-json\/wp\/v2\/categories?post=26109"},{"taxonomy":"post_tag","embeddable":true,"href":"http:\/\/blogdalucianaoliveira.com.br\/blog\/wp-json\/wp\/v2\/tags?post=26109"}],"curies":[{"name":"wp","href":"https:\/\/api.w.org\/{rel}","templated":true}]}}